{"id":146,"date":"2024-03-04T18:18:05","date_gmt":"2024-03-04T17:18:05","guid":{"rendered":"https:\/\/www.landfrauen-meppen.de\/junge-landfrauen-emsland-mitte\/?p=146"},"modified":"2024-03-04T18:18:05","modified_gmt":"2024-03-04T17:18:05","slug":"januar-2024","status":"publish","type":"post","link":"https:\/\/www.landfrauen-meppen.de\/junge-landfrauen-emsland-mitte\/2024\/03\/04\/januar-2024\/","title":{"rendered":"Januar 2024"},"content":{"rendered":"<div style=\"width: 690px;\" class=\"wp-video\"><video class=\"wp-video-shortcode\" id=\"video-146-1\" width=\"690\" height=\"312\" preload=\"metadata\" controls=\"controls\"><source type=\"video\/mp4\" src=\"https:\/\/www.landfrauen-meppen.de\/junge-landfrauen-emsland-mitte\/wp-content\/uploads\/sites\/14\/2024\/03\/WhatsApp-Video-2024-01-18-um-10.23.05_65a80e7f.mp4?_=1\" \/><a href=\"https:\/\/www.landfrauen-meppen.de\/junge-landfrauen-emsland-mitte\/wp-content\/uploads\/sites\/14\/2024\/03\/WhatsApp-Video-2024-01-18-um-10.23.05_65a80e7f.mp4\">https:\/\/www.landfrauen-meppen.de\/junge-landfrauen-emsland-mitte\/wp-content\/uploads\/sites\/14\/2024\/03\/WhatsApp-Video-2024-01-18-um-10.23.05_65a80e7f.mp4<\/a><\/video><\/div>\n<p>Unsere erste Veranstaltung im neuen Jahr wurde super angenommen.<\/p>\n<p>Mit insgesamt 38 Frauen konnten wir unseren Freundinnen Abend genie\u00dfen. Tea Time @monmentum-by-teatime hat uns mit vielen Leckereien durch den Abend begleitet. Neben verschiedenen Dips konnten wir auch Vor- und Nachspeisen probieren und uns von den Gartenkr\u00e4uter Nudeln \u00fcberzeugen. Abgerundet wurde das Essen durch die Verk\u00f6stigung von Gl\u00fchwein, verschiedenen Sektsorten und Tee.<\/p>\n<p>Es war ein rundum gelungener Abend mit vielen guten Gespr\u00e4chen, tollem Essen und super Stimmung!<\/p>\n","protected":false},"excerpt":{"rendered":"<p>Unsere erste Veranstaltung im neuen Jahr wurde super angenommen. Mit insgesamt 38 Frauen konnten wir unseren Freundinnen Abend genie\u00dfen. Tea Time @monmentum-by-teatime hat uns mit vielen Leckereien durch den Abend <a class=\"more-link\" href=\"https:\/\/www.landfrauen-meppen.de\/junge-landfrauen-emsland-mitte\/2024\/03\/04\/januar-2024\/\">Weiterlesen\u00a0\u2026<\/a><\/p>\n","protected":false},"author":15,"featured_media":0,"comment_status":"closed","ping_status":"open","sticky":false,"template":"","format":"image","meta":{"footnotes":""},"categories":[11],"tags":[],"class_list":["post-146","post","type-post","status-publish","format-image","hentry","category-rueckblick","post_format-post-format-image"],"_links":{"self":[{"href":"https:\/\/www.landfrauen-meppen.de\/junge-landfrauen-emsland-mitte\/wp-json\/wp\/v2\/posts\/146","targetHints":{"allow":["GET"]}}],"collection":[{"href":"https:\/\/www.landfrauen-meppen.de\/junge-landfrauen-emsland-mitte\/wp-json\/wp\/v2\/posts"}],"about":[{"href":"https:\/\/www.landfrauen-meppen.de\/junge-landfrauen-emsland-mitte\/wp-json\/wp\/v2\/types\/post"}],"author":[{"embeddable":true,"href":"https:\/\/www.landfrauen-meppen.de\/junge-landfrauen-emsland-mitte\/wp-json\/wp\/v2\/users\/15"}],"replies":[{"embeddable":true,"href":"https:\/\/www.landfrauen-meppen.de\/junge-landfrauen-emsland-mitte\/wp-json\/wp\/v2\/comments?post=146"}],"version-history":[{"count":3,"href":"https:\/\/www.landfrauen-meppen.de\/junge-landfrauen-emsland-mitte\/wp-json\/wp\/v2\/posts\/146\/revisions"}],"predecessor-version":[{"id":152,"href":"https:\/\/www.landfrauen-meppen.de\/junge-landfrauen-emsland-mitte\/wp-json\/wp\/v2\/posts\/146\/revisions\/152"}],"wp:attachment":[{"href":"https:\/\/www.landfrauen-meppen.de\/junge-landfrauen-emsland-mitte\/wp-json\/wp\/v2\/media?parent=146"}],"wp:term":[{"taxonomy":"category","embeddable":true,"href":"https:\/\/www.landfrauen-meppen.de\/junge-landfrauen-emsland-mitte\/wp-json\/wp\/v2\/categories?post=146"},{"taxonomy":"post_tag","embeddable":true,"href":"https:\/\/www.landfrauen-meppen.de\/junge-landfrauen-emsland-mitte\/wp-json\/wp\/v2\/tags?post=146"}],"curies":[{"name":"wp","href":"https:\/\/api.w.org\/{rel}","templated":true}]}}