{"id":512,"date":"2019-05-02T15:26:49","date_gmt":"2019-05-02T13:26:49","guid":{"rendered":"https:\/\/www.landfrauen-meppen.de\/haren\/?p=512"},"modified":"2023-02-07T00:27:22","modified_gmt":"2023-02-06T23:27:22","slug":"fruehstueck-mit-freundinnen","status":"publish","type":"post","link":"https:\/\/www.landfrauen-meppen.de\/haren\/2019\/05\/02\/fruehstueck-mit-freundinnen\/","title":{"rendered":"Fr\u00fchst\u00fcck mit Freundinnen"},"content":{"rendered":"<p>Am 02. April 2019 durften alle Landfrauen ihre Freundinnen einladen und mit ihnen ein tolles<span style=\"color: #000000\"> <strong>Fr\u00fchst\u00fccksbuffet<\/strong>\u00a0inklusive<\/span> Dips und Snacks, die mit B\u00e4rlauch zubereitet waren, \u00a0genie\u00dfen. Nebenbei informierte &#8222;B\u00e4rlauchbauer&#8220; Herr Kaiser zum <span style=\"color: #000000\">Thema <strong>&#8222;B\u00e4rlauch&#8220;.<\/strong><\/span><br \/>\nDabei sind einige Fotos entstanden, die sich in der Rubrik <strong>\u201eBildergalerie\u201c<\/strong> befinden und unter folgendem Link aufgerufen werden k\u00f6nnen:<!--more--><\/p>\n<p><span style=\"color: #ff6600\"><a style=\"color: #ff6600\" href=\"https:\/\/www.landfrauen-meppen.de\/haren\/galerie\/fruehstueck-mit-freundinnen\/\">Fr\u00fchst\u00fcck mit Freundinnen<\/a><\/span><\/p>\n","protected":false},"excerpt":{"rendered":"<p>Am 02. April 2019 durften alle Landfrauen ihre Freundinnen einladen und mit ihnen ein tolles Fr\u00fchst\u00fccksbuffet\u00a0inklusive Dips und Snacks, die mit B\u00e4rlauch zubereitet waren, \u00a0genie\u00dfen. Nebenbei informierte &#8222;B\u00e4rlauchbauer&#8220; Herr Kaiser zum Thema &#8222;B\u00e4rlauch&#8220;. Dabei sind einige Fotos entstanden, die sich <a class=\"more-link\" href=\"https:\/\/www.landfrauen-meppen.de\/haren\/2019\/05\/02\/fruehstueck-mit-freundinnen\/\">Weiterlesen\u00a0\u2026<\/a><\/p>\n","protected":false},"author":6,"featured_media":0,"comment_status":"closed","ping_status":"open","sticky":false,"template":"","format":"standard","meta":{"footnotes":""},"categories":[1],"tags":[],"class_list":["post-512","post","type-post","status-publish","format-standard","hentry","category-allgemein"],"_links":{"self":[{"href":"https:\/\/www.landfrauen-meppen.de\/haren\/wp-json\/wp\/v2\/posts\/512","targetHints":{"allow":["GET"]}}],"collection":[{"href":"https:\/\/www.landfrauen-meppen.de\/haren\/wp-json\/wp\/v2\/posts"}],"about":[{"href":"https:\/\/www.landfrauen-meppen.de\/haren\/wp-json\/wp\/v2\/types\/post"}],"author":[{"embeddable":true,"href":"https:\/\/www.landfrauen-meppen.de\/haren\/wp-json\/wp\/v2\/users\/6"}],"replies":[{"embeddable":true,"href":"https:\/\/www.landfrauen-meppen.de\/haren\/wp-json\/wp\/v2\/comments?post=512"}],"version-history":[{"count":6,"href":"https:\/\/www.landfrauen-meppen.de\/haren\/wp-json\/wp\/v2\/posts\/512\/revisions"}],"predecessor-version":[{"id":1225,"href":"https:\/\/www.landfrauen-meppen.de\/haren\/wp-json\/wp\/v2\/posts\/512\/revisions\/1225"}],"wp:attachment":[{"href":"https:\/\/www.landfrauen-meppen.de\/haren\/wp-json\/wp\/v2\/media?parent=512"}],"wp:term":[{"taxonomy":"category","embeddable":true,"href":"https:\/\/www.landfrauen-meppen.de\/haren\/wp-json\/wp\/v2\/categories?post=512"},{"taxonomy":"post_tag","embeddable":true,"href":"https:\/\/www.landfrauen-meppen.de\/haren\/wp-json\/wp\/v2\/tags?post=512"}],"curies":[{"name":"wp","href":"https:\/\/api.w.org\/{rel}","templated":true}]}}