{"id":1851,"date":"2026-05-02T16:39:13","date_gmt":"2026-05-02T14:39:13","guid":{"rendered":"https:\/\/www.landfrauen-meppen.de\/haren\/?p=1851"},"modified":"2026-05-02T16:45:12","modified_gmt":"2026-05-02T14:45:12","slug":"seniorinnencafe","status":"publish","type":"post","link":"https:\/\/www.landfrauen-meppen.de\/haren\/2026\/05\/02\/seniorinnencafe\/","title":{"rendered":"Seniorinnencaf\u00e9"},"content":{"rendered":"<p>Unser <strong>Seniorinnencaf\u00e9<\/strong> findet am <span style=\"color: #ff6600\"><strong>Donnerstag, 28.05.2026<\/strong><\/span> um <strong>15 Uhr im Bauerncaf\u00e9 Meutstege<\/strong> statt.<br \/>\nBei Kaffee, Kuchen und bester Unterhaltung von Luise Meutstege und Maria K\u00f6nig verbringen wir einen sch\u00f6nen Nachmittag.<\/p>\n","protected":false},"excerpt":{"rendered":"<p>Unser Seniorinnencaf\u00e9 findet am Donnerstag, 28.05.2026 um 15 Uhr im Bauerncaf\u00e9 Meutstege statt. Bei Kaffee, Kuchen und bester Unterhaltung von Luise Meutstege und Maria K\u00f6nig verbringen wir einen sch\u00f6nen Nachmittag.<\/p>\n","protected":false},"author":6,"featured_media":0,"comment_status":"closed","ping_status":"open","sticky":false,"template":"","format":"standard","meta":{"footnotes":""},"categories":[12],"tags":[],"class_list":["post-1851","post","type-post","status-publish","format-standard","hentry","category-naechste-veranstaltung"],"_links":{"self":[{"href":"https:\/\/www.landfrauen-meppen.de\/haren\/wp-json\/wp\/v2\/posts\/1851","targetHints":{"allow":["GET"]}}],"collection":[{"href":"https:\/\/www.landfrauen-meppen.de\/haren\/wp-json\/wp\/v2\/posts"}],"about":[{"href":"https:\/\/www.landfrauen-meppen.de\/haren\/wp-json\/wp\/v2\/types\/post"}],"author":[{"embeddable":true,"href":"https:\/\/www.landfrauen-meppen.de\/haren\/wp-json\/wp\/v2\/users\/6"}],"replies":[{"embeddable":true,"href":"https:\/\/www.landfrauen-meppen.de\/haren\/wp-json\/wp\/v2\/comments?post=1851"}],"version-history":[{"count":1,"href":"https:\/\/www.landfrauen-meppen.de\/haren\/wp-json\/wp\/v2\/posts\/1851\/revisions"}],"predecessor-version":[{"id":1852,"href":"https:\/\/www.landfrauen-meppen.de\/haren\/wp-json\/wp\/v2\/posts\/1851\/revisions\/1852"}],"wp:attachment":[{"href":"https:\/\/www.landfrauen-meppen.de\/haren\/wp-json\/wp\/v2\/media?parent=1851"}],"wp:term":[{"taxonomy":"category","embeddable":true,"href":"https:\/\/www.landfrauen-meppen.de\/haren\/wp-json\/wp\/v2\/categories?post=1851"},{"taxonomy":"post_tag","embeddable":true,"href":"https:\/\/www.landfrauen-meppen.de\/haren\/wp-json\/wp\/v2\/tags?post=1851"}],"curies":[{"name":"wp","href":"https:\/\/api.w.org\/{rel}","templated":true}]}}