{"id":1637,"date":"2025-07-13T19:32:40","date_gmt":"2025-07-13T17:32:40","guid":{"rendered":"https:\/\/www.landfrauen-meppen.de\/haren\/?p=1637"},"modified":"2025-07-13T19:32:40","modified_gmt":"2025-07-13T17:32:40","slug":"pflanzaktion-des-nlf-weser-ems","status":"publish","type":"post","link":"https:\/\/www.landfrauen-meppen.de\/haren\/2025\/07\/13\/pflanzaktion-des-nlf-weser-ems\/","title":{"rendered":"Pflanzaktion des NLF Weser-Ems"},"content":{"rendered":"<p>Am 14. Mai bepflanzten Frauen unseres LandFrauenvereins im Rahmen einer gro\u00dfen Pflanzaktion des Nieders\u00e4chsischen LandFrauenverbandes Weser-Ems e. V. (NLF Weser-Ems) ein Beet mit zw\u00f6lf klimaresilienten Stauden auf dem Gel\u00e4nde des Heimatvereins Haren. Dabei wurden wir tatkr\u00e4ftig von den &#8222;Kruutlukers&#8220; des Heimatvereins unterst\u00fctzt.<\/p>\n<p>Die verschiedenen Stauden sollen zeigen, wie in Zeiten von Klimawandel und Trockenheit ein lang bl\u00fchendes, pflegeleichtes Staudenbeet, das gleichzeitig insekten- und insbesondere bienenfreundlich ist, aussehen kann. Passenderweise befindet sich das Beet direkt vor dem Insektenhotel. Es kann gerne besichtigt werden.<\/p>\n<p>Die Aktion ist Teil des Projektes &#8222;LandFrauen.Miteinander.STARK&#8230; f\u00fcr den Klimaschutz&#8220; des NLF Weser-Ems und wird von der Deutschen Stiftung f\u00fcr Engagement und Ehrenamt gef\u00f6rdert. Insgesamt beteiligten sich 200 LandFrauenvereine an der Aktion und pflanzten 2.400 Stauden in ganz Weser-Ems.<\/p>\n<div id='gallery-1' class='gallery galleryid-1637 gallery-columns-2 gallery-size-medium'><figure class='gallery-item'>\n\t\t\t<div class='gallery-icon landscape'>\n\t\t\t\t<a href='https:\/\/www.landfrauen-meppen.de\/haren\/2025\/07\/13\/pflanzaktion-des-nlf-weser-ems\/pflanzaktion-kruutlukers\/'><img loading=\"lazy\" decoding=\"async\" width=\"300\" height=\"225\" src=\"https:\/\/www.landfrauen-meppen.de\/haren\/wp-content\/uploads\/sites\/6\/2025\/07\/Pflanzaktion-Kruutlukers-300x225.jpg\" class=\"attachment-medium size-medium\" alt=\"\" aria-describedby=\"gallery-1-1640\" srcset=\"https:\/\/www.landfrauen-meppen.de\/haren\/wp-content\/uploads\/sites\/6\/2025\/07\/Pflanzaktion-Kruutlukers-300x225.jpg 300w, https:\/\/www.landfrauen-meppen.de\/haren\/wp-content\/uploads\/sites\/6\/2025\/07\/Pflanzaktion-Kruutlukers-1024x768.jpg 1024w, https:\/\/www.landfrauen-meppen.de\/haren\/wp-content\/uploads\/sites\/6\/2025\/07\/Pflanzaktion-Kruutlukers-768x576.jpg 768w, https:\/\/www.landfrauen-meppen.de\/haren\/wp-content\/uploads\/sites\/6\/2025\/07\/Pflanzaktion-Kruutlukers-1536x1152.jpg 1536w, https:\/\/www.landfrauen-meppen.de\/haren\/wp-content\/uploads\/sites\/6\/2025\/07\/Pflanzaktion-Kruutlukers-e1752427171345.jpg 800w\" sizes=\"auto, (max-width: 300px) 100vw, 300px\" \/><\/a>\n\t\t\t<\/div>\n\t\t\t\t<figcaption class='wp-caption-text gallery-caption' id='gallery-1-1640'>\n\t\t\t\tHeinz Schnelte, Claudia Bergmann, Angelika Janssen, Heinz Menke, Bernd Stroot (von links nach rechts)\n\t\t\t\t<\/figcaption><\/figure><figure class='gallery-item'>\n\t\t\t<div class='gallery-icon portrait'>\n\t\t\t\t<a href='https:\/\/www.landfrauen-meppen.de\/haren\/2025\/07\/13\/pflanzaktion-des-nlf-weser-ems\/pflanzaktion-angelika-und-claudia\/'><img loading=\"lazy\" decoding=\"async\" width=\"225\" height=\"300\" src=\"https:\/\/www.landfrauen-meppen.de\/haren\/wp-content\/uploads\/sites\/6\/2025\/07\/Pflanzaktion-Angelika-und-Claudia-225x300.jpg\" class=\"attachment-medium size-medium\" alt=\"\" srcset=\"https:\/\/www.landfrauen-meppen.de\/haren\/wp-content\/uploads\/sites\/6\/2025\/07\/Pflanzaktion-Angelika-und-Claudia-225x300.jpg 225w, https:\/\/www.landfrauen-meppen.de\/haren\/wp-content\/uploads\/sites\/6\/2025\/07\/Pflanzaktion-Angelika-und-Claudia-768x1024.jpg 768w, https:\/\/www.landfrauen-meppen.de\/haren\/wp-content\/uploads\/sites\/6\/2025\/07\/Pflanzaktion-Angelika-und-Claudia-1152x1536.jpg 1152w, https:\/\/www.landfrauen-meppen.de\/haren\/wp-content\/uploads\/sites\/6\/2025\/07\/Pflanzaktion-Angelika-und-Claudia-e1752427216294.jpg 800w\" sizes=\"auto, (max-width: 225px) 100vw, 225px\" \/><\/a>\n\t\t\t<\/div><\/figure>\n\t\t<\/div>\n\n","protected":false},"excerpt":{"rendered":"<p>Am 14. Mai bepflanzten Frauen unseres LandFrauenvereins im Rahmen einer gro\u00dfen Pflanzaktion des Nieders\u00e4chsischen LandFrauenverbandes Weser-Ems e. V. (NLF Weser-Ems) ein Beet mit zw\u00f6lf klimaresilienten Stauden auf dem Gel\u00e4nde des Heimatvereins Haren. Dabei wurden wir tatkr\u00e4ftig von den &#8222;Kruutlukers&#8220; des <a class=\"more-link\" href=\"https:\/\/www.landfrauen-meppen.de\/haren\/2025\/07\/13\/pflanzaktion-des-nlf-weser-ems\/\">Weiterlesen\u00a0\u2026<\/a><\/p>\n","protected":false},"author":6,"featured_media":0,"comment_status":"closed","ping_status":"open","sticky":false,"template":"","format":"standard","meta":{"footnotes":""},"categories":[1],"tags":[],"class_list":["post-1637","post","type-post","status-publish","format-standard","hentry","category-allgemein"],"_links":{"self":[{"href":"https:\/\/www.landfrauen-meppen.de\/haren\/wp-json\/wp\/v2\/posts\/1637","targetHints":{"allow":["GET"]}}],"collection":[{"href":"https:\/\/www.landfrauen-meppen.de\/haren\/wp-json\/wp\/v2\/posts"}],"about":[{"href":"https:\/\/www.landfrauen-meppen.de\/haren\/wp-json\/wp\/v2\/types\/post"}],"author":[{"embeddable":true,"href":"https:\/\/www.landfrauen-meppen.de\/haren\/wp-json\/wp\/v2\/users\/6"}],"replies":[{"embeddable":true,"href":"https:\/\/www.landfrauen-meppen.de\/haren\/wp-json\/wp\/v2\/comments?post=1637"}],"version-history":[{"count":2,"href":"https:\/\/www.landfrauen-meppen.de\/haren\/wp-json\/wp\/v2\/posts\/1637\/revisions"}],"predecessor-version":[{"id":1641,"href":"https:\/\/www.landfrauen-meppen.de\/haren\/wp-json\/wp\/v2\/posts\/1637\/revisions\/1641"}],"wp:attachment":[{"href":"https:\/\/www.landfrauen-meppen.de\/haren\/wp-json\/wp\/v2\/media?parent=1637"}],"wp:term":[{"taxonomy":"category","embeddable":true,"href":"https:\/\/www.landfrauen-meppen.de\/haren\/wp-json\/wp\/v2\/categories?post=1637"},{"taxonomy":"post_tag","embeddable":true,"href":"https:\/\/www.landfrauen-meppen.de\/haren\/wp-json\/wp\/v2\/tags?post=1637"}],"curies":[{"name":"wp","href":"https:\/\/api.w.org\/{rel}","templated":true}]}}