{"id":1548,"date":"2025-02-03T17:43:37","date_gmt":"2025-02-03T16:43:37","guid":{"rendered":"https:\/\/www.landfrauen-meppen.de\/haren\/?p=1548"},"modified":"2025-02-05T16:34:48","modified_gmt":"2025-02-05T15:34:48","slug":"jahreshauptversammlung-2025","status":"publish","type":"post","link":"https:\/\/www.landfrauen-meppen.de\/haren\/2025\/02\/03\/jahreshauptversammlung-2025\/","title":{"rendered":"Jahreshauptversammlung 2025"},"content":{"rendered":"<p>Am 15.01.2025 fand unsere Jahreshauptversammlung statt.<\/p>\n<p>Nach der Begr\u00fc\u00dfung durch Sprecherin Claudia Hagen-Br\u00fcning wurde den im vergangenen Jahr verstorbenen Landfrauen gedacht.<\/p>\n<p>Dann stellten Martina Reiners den T\u00e4tigkeitsbericht und Annelene Wilming den Kassenbericht vor. Anschlie\u00dfend erfolgte die Entlastung des Vorstandes.<\/p>\n<p>Nun bedankte sich der Vorstand ganz herzlich bei <strong>Hermine Over<\/strong>, die sich <strong>\u00fcber 50 Jahre lang<\/strong> als Vertrauensfrau engagierte.<\/p>\n<p>Au\u00dferdem bedankte sich der Vorstand bei <strong>Agnes Bergmann<\/strong>, die zusammen mit Luise Meutstege mehrere Jahre lang die Seniorinnenveranstaltungen organisierte.<\/p>\n<p>Anita Kollmer wurde als neue Vertrauensfrau und Maria K\u00f6nig als Nachfolgerin von Agnes Bergmann begr\u00fc\u00dft.<\/p>\n<figure id=\"attachment_1555\" aria-describedby=\"caption-attachment-1555\" style=\"width: 300px\" class=\"wp-caption aligncenter\"><img loading=\"lazy\" decoding=\"async\" class=\"size-medium wp-image-1555\" src=\"https:\/\/www.landfrauen-meppen.de\/haren\/wp-content\/uploads\/sites\/6\/2025\/02\/Vertrauensfrauen-300x229.jpg\" alt=\"\" width=\"300\" height=\"229\" \/><figcaption id=\"caption-attachment-1555\" class=\"wp-caption-text\">Anita Kollmer, Hermine Over u. Annelene Wilming (von links nach rechts)<\/figcaption><\/figure>\n<figure id=\"attachment_1554\" aria-describedby=\"caption-attachment-1554\" style=\"width: 300px\" class=\"wp-caption aligncenter\"><img loading=\"lazy\" decoding=\"async\" class=\"wp-image-1554 size-medium\" src=\"https:\/\/www.landfrauen-meppen.de\/haren\/wp-content\/uploads\/sites\/6\/2025\/02\/Organisatorinnen-Seniorinnen-300x252.jpg\" alt=\"\" width=\"300\" height=\"252\" \/><figcaption id=\"caption-attachment-1554\" class=\"wp-caption-text\">Agnes Bergmann und Maria K\u00f6nig (von links nach rechts)<\/figcaption><\/figure>\n<p>Nun folgte die Aufnahme der neuen Vereinsmitglieder.<\/p>\n<figure id=\"attachment_1553\" aria-describedby=\"caption-attachment-1553\" style=\"width: 525px\" class=\"wp-caption aligncenter\"><img loading=\"lazy\" decoding=\"async\" class=\"wp-image-1553 size-large\" src=\"https:\/\/www.landfrauen-meppen.de\/haren\/wp-content\/uploads\/sites\/6\/2025\/02\/Neuaufnahmen-1024x474.jpg\" alt=\"\" width=\"525\" height=\"243\" \/><figcaption id=\"caption-attachment-1553\" class=\"wp-caption-text\">Vier der neu aufgenommenen Landfrauen u. Martina Reiners (rechts)<\/figcaption><\/figure>\n<p>Danach berichtete Sylvia Vortherms von der Ferienpassaktion des letzten Jahres, in der sich die Kinder mit dem Thema &#8222;Verwenden statt verschwenden&#8220; besch\u00e4ftigten und viel Spa\u00df beim Zubereiten von Gerichten mit &#8222;noch verwendbaren&#8220; Zutaten hatten.<\/p>\n<p>Abschlie\u00dfend gaben uns Marianne Str\u00f6er und Bernhild Gertzen von der Harener Tafel einen sehr interessanten Einblick in die Entstehungsgeschichte und Aufgaben der Harener Tafel. Bei dieser Gelegenheit wurden viele Lebensmittel von den anwesenden Landfrauen gespendet.<\/p>\n<figure id=\"attachment_1551\" aria-describedby=\"caption-attachment-1551\" style=\"width: 525px\" class=\"wp-caption aligncenter\"><img loading=\"lazy\" decoding=\"async\" class=\"wp-image-1551 size-large\" src=\"https:\/\/www.landfrauen-meppen.de\/haren\/wp-content\/uploads\/sites\/6\/2025\/02\/Frauen-der-Harener-Tafel-1024x568.jpg\" alt=\"\" width=\"525\" height=\"291\" srcset=\"https:\/\/www.landfrauen-meppen.de\/haren\/wp-content\/uploads\/sites\/6\/2025\/02\/Frauen-der-Harener-Tafel-1024x568.jpg 1024w, https:\/\/www.landfrauen-meppen.de\/haren\/wp-content\/uploads\/sites\/6\/2025\/02\/Frauen-der-Harener-Tafel-300x166.jpg 300w, https:\/\/www.landfrauen-meppen.de\/haren\/wp-content\/uploads\/sites\/6\/2025\/02\/Frauen-der-Harener-Tafel-768x426.jpg 768w, https:\/\/www.landfrauen-meppen.de\/haren\/wp-content\/uploads\/sites\/6\/2025\/02\/Frauen-der-Harener-Tafel.jpg 1519w\" sizes=\"auto, (max-width: 525px) 100vw, 525px\" \/><figcaption id=\"caption-attachment-1551\" class=\"wp-caption-text\">Marianne Str\u00f6er (stehend re.) und Bernhild Gertzen (stehend li.) von der Harener Tafel<\/figcaption><\/figure>\n<figure id=\"attachment_1552\" aria-describedby=\"caption-attachment-1552\" style=\"width: 229px\" class=\"wp-caption aligncenter\"><img loading=\"lazy\" decoding=\"async\" class=\"size-medium wp-image-1552\" src=\"https:\/\/www.landfrauen-meppen.de\/haren\/wp-content\/uploads\/sites\/6\/2025\/02\/Lebensmittelspenden-229x300.jpg\" alt=\"\" width=\"229\" height=\"300\" \/><figcaption id=\"caption-attachment-1552\" class=\"wp-caption-text\">Lebensmittelspenden<\/figcaption><\/figure>\n<p>&nbsp;<\/p>\n","protected":false},"excerpt":{"rendered":"<p>Am 15.01.2025 fand unsere Jahreshauptversammlung statt. Nach der Begr\u00fc\u00dfung durch Sprecherin Claudia Hagen-Br\u00fcning wurde den im vergangenen Jahr verstorbenen Landfrauen gedacht. Dann stellten Martina Reiners den T\u00e4tigkeitsbericht und Annelene Wilming den Kassenbericht vor. Anschlie\u00dfend erfolgte die Entlastung des Vorstandes. Nun <a class=\"more-link\" href=\"https:\/\/www.landfrauen-meppen.de\/haren\/2025\/02\/03\/jahreshauptversammlung-2025\/\">Weiterlesen\u00a0\u2026<\/a><\/p>\n","protected":false},"author":6,"featured_media":0,"comment_status":"closed","ping_status":"open","sticky":false,"template":"","format":"standard","meta":{"footnotes":""},"categories":[1],"tags":[],"class_list":["post-1548","post","type-post","status-publish","format-standard","hentry","category-allgemein"],"_links":{"self":[{"href":"https:\/\/www.landfrauen-meppen.de\/haren\/wp-json\/wp\/v2\/posts\/1548","targetHints":{"allow":["GET"]}}],"collection":[{"href":"https:\/\/www.landfrauen-meppen.de\/haren\/wp-json\/wp\/v2\/posts"}],"about":[{"href":"https:\/\/www.landfrauen-meppen.de\/haren\/wp-json\/wp\/v2\/types\/post"}],"author":[{"embeddable":true,"href":"https:\/\/www.landfrauen-meppen.de\/haren\/wp-json\/wp\/v2\/users\/6"}],"replies":[{"embeddable":true,"href":"https:\/\/www.landfrauen-meppen.de\/haren\/wp-json\/wp\/v2\/comments?post=1548"}],"version-history":[{"count":9,"href":"https:\/\/www.landfrauen-meppen.de\/haren\/wp-json\/wp\/v2\/posts\/1548\/revisions"}],"predecessor-version":[{"id":1567,"href":"https:\/\/www.landfrauen-meppen.de\/haren\/wp-json\/wp\/v2\/posts\/1548\/revisions\/1567"}],"wp:attachment":[{"href":"https:\/\/www.landfrauen-meppen.de\/haren\/wp-json\/wp\/v2\/media?parent=1548"}],"wp:term":[{"taxonomy":"category","embeddable":true,"href":"https:\/\/www.landfrauen-meppen.de\/haren\/wp-json\/wp\/v2\/categories?post=1548"},{"taxonomy":"post_tag","embeddable":true,"href":"https:\/\/www.landfrauen-meppen.de\/haren\/wp-json\/wp\/v2\/tags?post=1548"}],"curies":[{"name":"wp","href":"https:\/\/api.w.org\/{rel}","templated":true}]}}