{"id":1117,"date":"2022-08-05T09:57:16","date_gmt":"2022-08-05T07:57:16","guid":{"rendered":"https:\/\/www.landfrauen-meppen.de\/haren\/?p=1117"},"modified":"2023-02-07T00:34:59","modified_gmt":"2023-02-06T23:34:59","slug":"unsere-fahrradtour-zum-reiterhof-rohe-in-hilter","status":"publish","type":"post","link":"https:\/\/www.landfrauen-meppen.de\/haren\/2022\/08\/05\/unsere-fahrradtour-zum-reiterhof-rohe-in-hilter\/","title":{"rendered":"Unsere Fahrradtour zum Reiterhof Rohe in Hilter"},"content":{"rendered":"<p>Am 22. Juni 2022 trafen wir uns bei strahlendem Sonnenschein mit unseren Fahrr\u00e4dern bei der Mersm\u00fchle in Haren. Zuerst f\u00fchrte uns eine sch\u00f6ne Route Richtung alte Schule in Landegge, wo es ein kleines Stehcaf\u00e9 gab.<span style=\"color: #ff6600\"><!--more--><\/span><\/p>\n<figure id=\"attachment_1119\" aria-describedby=\"caption-attachment-1119\" style=\"width: 300px\" class=\"wp-caption aligncenter\"><img loading=\"lazy\" decoding=\"async\" class=\"size-medium wp-image-1119\" src=\"https:\/\/www.landfrauen-meppen.de\/haren\/wp-content\/uploads\/sites\/6\/2022\/08\/IMG-20220622-WA0009-e1659641226259-300x261.jpg\" alt=\"\" width=\"300\" height=\"261\" srcset=\"https:\/\/www.landfrauen-meppen.de\/haren\/wp-content\/uploads\/sites\/6\/2022\/08\/IMG-20220622-WA0009-e1659641226259-300x261.jpg 300w, https:\/\/www.landfrauen-meppen.de\/haren\/wp-content\/uploads\/sites\/6\/2022\/08\/IMG-20220622-WA0009-e1659641226259-768x668.jpg 768w, https:\/\/www.landfrauen-meppen.de\/haren\/wp-content\/uploads\/sites\/6\/2022\/08\/IMG-20220622-WA0009-e1659641226259.jpg 920w\" sizes=\"auto, (max-width: 300px) 100vw, 300px\" \/><figcaption id=\"caption-attachment-1119\" class=\"wp-caption-text\">Stehcaf\u00e9 bei der alten Schule in Landegge<\/figcaption><\/figure>\n<p>Danach radelten wir zu den Ferienh\u00e4usern von Ride &amp; Bike Rohe in Hilter. Unterwegs machten wir einen kleinen Zwischenstopp in der N\u00e4he eines Aussichtsturms und radelten dann an der Ems entlang und an vielen Ponyweiden vorbei. Bei Ride &amp; Bike angekommen, <span style=\"font-size: 1rem\">informierte Mike Rohe uns \u00fcber das Konzept der Ferienwohnungen. Anschlie\u00dfend fuhren wir weiter zum Reiterhof Rohe. Hier fand eine Besichtigung\u00a0 des Hofes, der Ponys und einer typischen Ferienwohnung statt. Mike Rohe erz\u00e4hlte, wie\u00a0 M\u00e4dchen im Alter zwischen 7 und 17 Jahren erlebnisreiche Ferien auf dem Reiterhof verbringen k\u00f6nnen.<\/span><\/p>\n<figure id=\"attachment_1108\" aria-describedby=\"caption-attachment-1108\" style=\"width: 800px\" class=\"wp-caption aligncenter\"><img loading=\"lazy\" decoding=\"async\" class=\"wp-image-1108 size-full\" src=\"https:\/\/www.landfrauen-meppen.de\/haren\/wp-content\/uploads\/sites\/6\/2022\/08\/IMG-20220622-WA0007-e1659545451106.jpg\" alt=\"\" width=\"800\" height=\"429\" srcset=\"https:\/\/www.landfrauen-meppen.de\/haren\/wp-content\/uploads\/sites\/6\/2022\/08\/IMG-20220622-WA0007-e1659545451106.jpg 800w, https:\/\/www.landfrauen-meppen.de\/haren\/wp-content\/uploads\/sites\/6\/2022\/08\/IMG-20220622-WA0007-e1659545451106-300x161.jpg 300w, https:\/\/www.landfrauen-meppen.de\/haren\/wp-content\/uploads\/sites\/6\/2022\/08\/IMG-20220622-WA0007-e1659545451106-768x412.jpg 768w\" sizes=\"auto, (max-width: 800px) 100vw, 800px\" \/><figcaption id=\"caption-attachment-1108\" class=\"wp-caption-text\">Ponys des Reiterhofs Rohe<\/figcaption><\/figure>\n<p>Zum Schluss verw\u00f6hnte uns die gesamte Familie Rohe mit einem leckeren Grillbuffet.<\/p>\n<figure id=\"attachment_1120\" aria-describedby=\"caption-attachment-1120\" style=\"width: 300px\" class=\"wp-caption aligncenter\"><img loading=\"lazy\" decoding=\"async\" class=\"size-medium wp-image-1120\" src=\"https:\/\/www.landfrauen-meppen.de\/haren\/wp-content\/uploads\/sites\/6\/2022\/08\/IMG-20220804-WA0006-e1659641257192-300x293.jpg\" alt=\"\" width=\"300\" height=\"293\" srcset=\"https:\/\/www.landfrauen-meppen.de\/haren\/wp-content\/uploads\/sites\/6\/2022\/08\/IMG-20220804-WA0006-e1659641257192-300x293.jpg 300w, https:\/\/www.landfrauen-meppen.de\/haren\/wp-content\/uploads\/sites\/6\/2022\/08\/IMG-20220804-WA0006-e1659641257192-768x750.jpg 768w, https:\/\/www.landfrauen-meppen.de\/haren\/wp-content\/uploads\/sites\/6\/2022\/08\/IMG-20220804-WA0006-e1659641257192.jpg 819w\" sizes=\"auto, (max-width: 300px) 100vw, 300px\" \/><figcaption id=\"caption-attachment-1120\" class=\"wp-caption-text\">Geselliges Beisammensein beim Grillbuffet<\/figcaption><\/figure>\n<div id='gallery-1' class='gallery galleryid-1117 gallery-columns-2 gallery-size-full'><figure class='gallery-item'>\n\t\t\t<div class='gallery-icon landscape'>\n\t\t\t\t<a href='https:\/\/www.landfrauen-meppen.de\/haren\/img_20220622_193153\/'><img loading=\"lazy\" decoding=\"async\" width=\"1067\" height=\"800\" src=\"https:\/\/www.landfrauen-meppen.de\/haren\/wp-content\/uploads\/sites\/6\/2022\/08\/IMG_20220622_193153-scaled-e1659544853970.jpg\" class=\"attachment-full size-full\" alt=\"\" aria-describedby=\"gallery-1-1109\" srcset=\"https:\/\/www.landfrauen-meppen.de\/haren\/wp-content\/uploads\/sites\/6\/2022\/08\/IMG_20220622_193153-scaled-e1659544853970.jpg 1067w, https:\/\/www.landfrauen-meppen.de\/haren\/wp-content\/uploads\/sites\/6\/2022\/08\/IMG_20220622_193153-scaled-e1659544853970-300x225.jpg 300w, https:\/\/www.landfrauen-meppen.de\/haren\/wp-content\/uploads\/sites\/6\/2022\/08\/IMG_20220622_193153-scaled-e1659544853970-1024x768.jpg 1024w, https:\/\/www.landfrauen-meppen.de\/haren\/wp-content\/uploads\/sites\/6\/2022\/08\/IMG_20220622_193153-scaled-e1659544853970-768x576.jpg 768w\" sizes=\"auto, (max-width: 1067px) 100vw, 1067px\" \/><\/a>\n\t\t\t<\/div>\n\t\t\t\t<figcaption class='wp-caption-text gallery-caption' id='gallery-1-1109'>\n\t\t\t\tFamilie Rohe verw\u00f6hnt uns mit einem leckeren Grillbuffet.\n\t\t\t\t<\/figcaption><\/figure><figure class='gallery-item'>\n\t\t\t<div class='gallery-icon landscape'>\n\t\t\t\t<a href='https:\/\/www.landfrauen-meppen.de\/haren\/img_20220622_193258\/'><img loading=\"lazy\" decoding=\"async\" width=\"2560\" height=\"1920\" src=\"https:\/\/www.landfrauen-meppen.de\/haren\/wp-content\/uploads\/sites\/6\/2022\/08\/IMG_20220622_193258-scaled.jpg\" class=\"attachment-full size-full\" alt=\"\" aria-describedby=\"gallery-1-1110\" srcset=\"https:\/\/www.landfrauen-meppen.de\/haren\/wp-content\/uploads\/sites\/6\/2022\/08\/IMG_20220622_193258-scaled.jpg 2560w, https:\/\/www.landfrauen-meppen.de\/haren\/wp-content\/uploads\/sites\/6\/2022\/08\/IMG_20220622_193258-300x225.jpg 300w, https:\/\/www.landfrauen-meppen.de\/haren\/wp-content\/uploads\/sites\/6\/2022\/08\/IMG_20220622_193258-1024x768.jpg 1024w, https:\/\/www.landfrauen-meppen.de\/haren\/wp-content\/uploads\/sites\/6\/2022\/08\/IMG_20220622_193258-768x576.jpg 768w, https:\/\/www.landfrauen-meppen.de\/haren\/wp-content\/uploads\/sites\/6\/2022\/08\/IMG_20220622_193258-1536x1152.jpg 1536w, https:\/\/www.landfrauen-meppen.de\/haren\/wp-content\/uploads\/sites\/6\/2022\/08\/IMG_20220622_193258-2048x1536.jpg 2048w\" sizes=\"auto, (max-width: 2560px) 100vw, 2560px\" \/><\/a>\n\t\t\t<\/div>\n\t\t\t\t<figcaption class='wp-caption-text gallery-caption' id='gallery-1-1110'>\n\t\t\t\t1. Vorsitzende Ingrid Kuhlmann-Tieck \u00fcbergibt ein Geschenk an Mike Rohe.\n\t\t\t\t<\/figcaption><\/figure>\n\t\t<\/div>\n\n<p>Ein sch\u00f6ner Tag ging zu Ende .<\/p>\n","protected":false},"excerpt":{"rendered":"<p>Am 22. Juni 2022 trafen wir uns bei strahlendem Sonnenschein mit unseren Fahrr\u00e4dern bei der Mersm\u00fchle in Haren. Zuerst f\u00fchrte uns eine sch\u00f6ne Route Richtung alte Schule in Landegge, wo es ein kleines Stehcaf\u00e9 gab.<\/p>\n","protected":false},"author":6,"featured_media":0,"comment_status":"closed","ping_status":"open","sticky":false,"template":"","format":"standard","meta":{"footnotes":""},"categories":[1],"tags":[],"class_list":["post-1117","post","type-post","status-publish","format-standard","hentry","category-allgemein"],"_links":{"self":[{"href":"https:\/\/www.landfrauen-meppen.de\/haren\/wp-json\/wp\/v2\/posts\/1117","targetHints":{"allow":["GET"]}}],"collection":[{"href":"https:\/\/www.landfrauen-meppen.de\/haren\/wp-json\/wp\/v2\/posts"}],"about":[{"href":"https:\/\/www.landfrauen-meppen.de\/haren\/wp-json\/wp\/v2\/types\/post"}],"author":[{"embeddable":true,"href":"https:\/\/www.landfrauen-meppen.de\/haren\/wp-json\/wp\/v2\/users\/6"}],"replies":[{"embeddable":true,"href":"https:\/\/www.landfrauen-meppen.de\/haren\/wp-json\/wp\/v2\/comments?post=1117"}],"version-history":[{"count":7,"href":"https:\/\/www.landfrauen-meppen.de\/haren\/wp-json\/wp\/v2\/posts\/1117\/revisions"}],"predecessor-version":[{"id":1227,"href":"https:\/\/www.landfrauen-meppen.de\/haren\/wp-json\/wp\/v2\/posts\/1117\/revisions\/1227"}],"wp:attachment":[{"href":"https:\/\/www.landfrauen-meppen.de\/haren\/wp-json\/wp\/v2\/media?parent=1117"}],"wp:term":[{"taxonomy":"category","embeddable":true,"href":"https:\/\/www.landfrauen-meppen.de\/haren\/wp-json\/wp\/v2\/categories?post=1117"},{"taxonomy":"post_tag","embeddable":true,"href":"https:\/\/www.landfrauen-meppen.de\/haren\/wp-json\/wp\/v2\/tags?post=1117"}],"curies":[{"name":"wp","href":"https:\/\/api.w.org\/{rel}","templated":true}]}}