{"id":38,"date":"2017-02-27T18:39:01","date_gmt":"2017-02-27T17:39:01","guid":{"rendered":"http:\/\/www.landfrauen-meppen.de\/geeste-osterbrock\/?p=38"},"modified":"2017-02-27T18:39:01","modified_gmt":"2017-02-27T17:39:01","slug":"der-naechste-termin","status":"publish","type":"post","link":"https:\/\/www.landfrauen-meppen.de\/geeste-osterbrock\/2017\/02\/27\/der-naechste-termin\/","title":{"rendered":"Der n\u00e4chste Termin"},"content":{"rendered":"<p>Am\u00a0 Mittwoch den 22. M\u00e4rz 2017<\/p>\n<p>fahren wir mit dem PKW zur B\u00e4ckerei Meiners in Dohren.<\/p>\n<p>&#8222;Pikantes&#8220;aus dem Backofen wird Frau Meiners f\u00fcr uns zaubern.<\/p>\n<p>Mit 14,50 Euro seit Ihr dabei.<\/p>\n<p>&nbsp;<\/p>\n","protected":false},"excerpt":{"rendered":"<p>Am\u00a0 Mittwoch den 22. M\u00e4rz 2017 fahren wir mit dem PKW zur B\u00e4ckerei Meiners in Dohren. &#8222;Pikantes&#8220;aus dem Backofen wird Frau Meiners f\u00fcr uns zaubern. Mit 14,50 Euro seit Ihr dabei. &nbsp;<\/p>\n","protected":false},"author":4,"featured_media":0,"comment_status":"open","ping_status":"open","sticky":false,"template":"","format":"standard","meta":{"footnotes":""},"categories":[1],"tags":[],"class_list":["post-38","post","type-post","status-publish","format-standard","hentry","category-allgemein"],"_links":{"self":[{"href":"https:\/\/www.landfrauen-meppen.de\/geeste-osterbrock\/wp-json\/wp\/v2\/posts\/38","targetHints":{"allow":["GET"]}}],"collection":[{"href":"https:\/\/www.landfrauen-meppen.de\/geeste-osterbrock\/wp-json\/wp\/v2\/posts"}],"about":[{"href":"https:\/\/www.landfrauen-meppen.de\/geeste-osterbrock\/wp-json\/wp\/v2\/types\/post"}],"author":[{"embeddable":true,"href":"https:\/\/www.landfrauen-meppen.de\/geeste-osterbrock\/wp-json\/wp\/v2\/users\/4"}],"replies":[{"embeddable":true,"href":"https:\/\/www.landfrauen-meppen.de\/geeste-osterbrock\/wp-json\/wp\/v2\/comments?post=38"}],"version-history":[{"count":2,"href":"https:\/\/www.landfrauen-meppen.de\/geeste-osterbrock\/wp-json\/wp\/v2\/posts\/38\/revisions"}],"predecessor-version":[{"id":40,"href":"https:\/\/www.landfrauen-meppen.de\/geeste-osterbrock\/wp-json\/wp\/v2\/posts\/38\/revisions\/40"}],"wp:attachment":[{"href":"https:\/\/www.landfrauen-meppen.de\/geeste-osterbrock\/wp-json\/wp\/v2\/media?parent=38"}],"wp:term":[{"taxonomy":"category","embeddable":true,"href":"https:\/\/www.landfrauen-meppen.de\/geeste-osterbrock\/wp-json\/wp\/v2\/categories?post=38"},{"taxonomy":"post_tag","embeddable":true,"href":"https:\/\/www.landfrauen-meppen.de\/geeste-osterbrock\/wp-json\/wp\/v2\/tags?post=38"}],"curies":[{"name":"wp","href":"https:\/\/api.w.org\/{rel}","templated":true}]}}