{"id":323,"date":"2020-01-20T20:46:59","date_gmt":"2020-01-20T19:46:59","guid":{"rendered":"https:\/\/www.landfrauen-meppen.de\/geeste-osterbrock\/?p=323"},"modified":"2020-01-20T20:48:54","modified_gmt":"2020-01-20T19:48:54","slug":"generalversammlung","status":"publish","type":"post","link":"https:\/\/www.landfrauen-meppen.de\/geeste-osterbrock\/2020\/01\/20\/generalversammlung\/","title":{"rendered":"Generalversammlung"},"content":{"rendered":"<p>Landfrauenverein<\/p>\n<p>Geeste\/Osterbrock<\/p>\n<p>&nbsp;<\/p>\n<p>Liebe Landfrauen!<\/p>\n<p>&nbsp;<\/p>\n<p>&nbsp;<\/p>\n<p><strong>Generalversammlung<\/strong><\/p>\n<p><strong>\u00a0<\/strong><\/p>\n<p><strong>am Mittwoch den 22. Jan. 2020 um 19.30 Uhr im Saal Winkeler<\/strong><\/p>\n<p>&nbsp;<\/p>\n<p>An diesem Abend referiert<\/p>\n<p>Frau Anni Rennock aus Dalum zum Thema:<\/p>\n<p>&nbsp;<\/p>\n<p><strong>\u201eSch\u00f6ne bunte Plastikwelt\u201c<\/strong><\/p>\n<p><strong>K\u00f6nnen wir uns vor den Gefahren sch\u00fctzen?<\/strong><\/p>\n<p>&nbsp;<\/p>\n<p>Wir erfahren Wissenswertes und Aktuelles \u00fcber den Plastikverbrauch und suchen gemeinsam nach Wegen die uns aus der Wegwerfgesellschaft herausf\u00fchren.<\/p>\n<p>&nbsp;<\/p>\n<p>Das Thema geht uns alle an! Vielleicht k\u00f6nnt ihr mit dem Thema junge Frauen ansprechen.<\/p>\n<p>&nbsp;<\/p>\n<p>Eingeladen sind alle Interessierten!<\/p>\n<p>&nbsp;<\/p>\n<p>Anmeldungen bis zum 16.01.2020 wie immer bei den Vertrauensfrauen, die sich noch bei Euch melden werden. Nichtmitglieder melden sich bitte direkt bei Lenchen Evers Tel.: 05907\/313 an.<\/p>\n<p>&nbsp;<\/p>\n<p>Auf euer Kommen freut sich das Vorstandsteam<\/p>\n","protected":false},"excerpt":{"rendered":"<p>Landfrauenverein Geeste\/Osterbrock &nbsp; Liebe Landfrauen! &nbsp; &nbsp; Generalversammlung \u00a0 am Mittwoch den 22. Jan. 2020 um 19.30 Uhr im Saal Winkeler &nbsp; An diesem Abend referiert Frau Anni Rennock aus Dalum zum Thema: &nbsp; \u201eSch\u00f6ne bunte Plastikwelt\u201c K\u00f6nnen wir uns vor den Gefahren sch\u00fctzen? &nbsp; Wir erfahren Wissenswertes und Aktuelles \u00fcber den Plastikverbrauch und suchen &hellip; <\/p>\n<p class=\"link-more\"><a href=\"https:\/\/www.landfrauen-meppen.de\/geeste-osterbrock\/2020\/01\/20\/generalversammlung\/\" class=\"more-link\"><span class=\"screen-reader-text\">\u201eGeneralversammlung\u201c <\/span>weiterlesen<\/a><\/p>\n","protected":false},"author":4,"featured_media":0,"comment_status":"open","ping_status":"open","sticky":false,"template":"","format":"standard","meta":{"footnotes":""},"categories":[1],"tags":[],"class_list":["post-323","post","type-post","status-publish","format-standard","hentry","category-allgemein"],"_links":{"self":[{"href":"https:\/\/www.landfrauen-meppen.de\/geeste-osterbrock\/wp-json\/wp\/v2\/posts\/323","targetHints":{"allow":["GET"]}}],"collection":[{"href":"https:\/\/www.landfrauen-meppen.de\/geeste-osterbrock\/wp-json\/wp\/v2\/posts"}],"about":[{"href":"https:\/\/www.landfrauen-meppen.de\/geeste-osterbrock\/wp-json\/wp\/v2\/types\/post"}],"author":[{"embeddable":true,"href":"https:\/\/www.landfrauen-meppen.de\/geeste-osterbrock\/wp-json\/wp\/v2\/users\/4"}],"replies":[{"embeddable":true,"href":"https:\/\/www.landfrauen-meppen.de\/geeste-osterbrock\/wp-json\/wp\/v2\/comments?post=323"}],"version-history":[{"count":3,"href":"https:\/\/www.landfrauen-meppen.de\/geeste-osterbrock\/wp-json\/wp\/v2\/posts\/323\/revisions"}],"predecessor-version":[{"id":330,"href":"https:\/\/www.landfrauen-meppen.de\/geeste-osterbrock\/wp-json\/wp\/v2\/posts\/323\/revisions\/330"}],"wp:attachment":[{"href":"https:\/\/www.landfrauen-meppen.de\/geeste-osterbrock\/wp-json\/wp\/v2\/media?parent=323"}],"wp:term":[{"taxonomy":"category","embeddable":true,"href":"https:\/\/www.landfrauen-meppen.de\/geeste-osterbrock\/wp-json\/wp\/v2\/categories?post=323"},{"taxonomy":"post_tag","embeddable":true,"href":"https:\/\/www.landfrauen-meppen.de\/geeste-osterbrock\/wp-json\/wp\/v2\/tags?post=323"}],"curies":[{"name":"wp","href":"https:\/\/api.w.org\/{rel}","templated":true}]}}