{"id":321,"date":"2020-01-20T20:46:38","date_gmt":"2020-01-20T19:46:38","guid":{"rendered":"https:\/\/www.landfrauen-meppen.de\/geeste-osterbrock\/?p=321"},"modified":"2020-01-20T20:46:38","modified_gmt":"2020-01-20T19:46:38","slug":"weihnachtsfeier","status":"publish","type":"post","link":"https:\/\/www.landfrauen-meppen.de\/geeste-osterbrock\/2020\/01\/20\/weihnachtsfeier\/","title":{"rendered":"Weihnachtsfeier"},"content":{"rendered":"<p>Landfrauenverein<\/p>\n<p>Geeste\/Osterbrock<\/p>\n<p>&nbsp;<\/p>\n<p>Liebe Landfrauen!<\/p>\n<p>&nbsp;<\/p>\n<p><strong>Weihnachtsfeier im Pfarrheim Geeste<\/strong><\/p>\n<p><strong>am Dienstag den 17.12.2019. <\/strong><\/p>\n<p><strong>\u00a0<\/strong><\/p>\n<p>Zu dieser gem\u00fctlichen Feier laden wir Euch herzlich ein.<\/p>\n<p>Frau H\u00fclsing aus Emsb\u00fcren wird den Nachmittag,<\/p>\n<p>den wir bei Kaffee und Torte genie\u00dfen wollen,<\/p>\n<p>mit dem vortragen von Gedichten und Geschichten bereichern.<\/p>\n<p>Mit einem kleinen Kostenbeitrag von 5,00 Euro seid ihr dabei.<\/p>\n<p>&nbsp;<\/p>\n<p>Allen Mitgliedern die an diesem Tag leider keine Zeit haben,<\/p>\n<p>w\u00fcnschen wir schon jetzt eine besinnliche Adventszeit,<\/p>\n<p>ein gesegnetes Weihnachtsfest,<\/p>\n<p>sowie einen guten Rutsch ins Neue Jahr.<\/p>\n<p>&nbsp;<\/p>\n<p>Anmeldungen bis zum 07.12.2019 wie immer bei den Vertrauensfrauen, die sich noch bei Euch melden werden.<\/p>\n<p>Nichtmitglieder melden sich bitte direkt bei Lenchen Evers Tel.: 05907\/313 an.<\/p>\n<p>&nbsp;<\/p>\n<p>Auf euer kommen freut sich das Vorstandsteam.<\/p>\n","protected":false},"excerpt":{"rendered":"<p>Landfrauenverein Geeste\/Osterbrock &nbsp; Liebe Landfrauen! &nbsp; Weihnachtsfeier im Pfarrheim Geeste am Dienstag den 17.12.2019. \u00a0 Zu dieser gem\u00fctlichen Feier laden wir Euch herzlich ein. Frau H\u00fclsing aus Emsb\u00fcren wird den Nachmittag, den wir bei Kaffee und Torte genie\u00dfen wollen, mit dem vortragen von Gedichten und Geschichten bereichern. Mit einem kleinen Kostenbeitrag von 5,00 Euro seid &hellip; <\/p>\n<p class=\"link-more\"><a href=\"https:\/\/www.landfrauen-meppen.de\/geeste-osterbrock\/2020\/01\/20\/weihnachtsfeier\/\" class=\"more-link\"><span class=\"screen-reader-text\">\u201eWeihnachtsfeier\u201c <\/span>weiterlesen<\/a><\/p>\n","protected":false},"author":4,"featured_media":0,"comment_status":"open","ping_status":"open","sticky":false,"template":"","format":"standard","meta":{"footnotes":""},"categories":[1],"tags":[],"class_list":["post-321","post","type-post","status-publish","format-standard","hentry","category-allgemein"],"_links":{"self":[{"href":"https:\/\/www.landfrauen-meppen.de\/geeste-osterbrock\/wp-json\/wp\/v2\/posts\/321","targetHints":{"allow":["GET"]}}],"collection":[{"href":"https:\/\/www.landfrauen-meppen.de\/geeste-osterbrock\/wp-json\/wp\/v2\/posts"}],"about":[{"href":"https:\/\/www.landfrauen-meppen.de\/geeste-osterbrock\/wp-json\/wp\/v2\/types\/post"}],"author":[{"embeddable":true,"href":"https:\/\/www.landfrauen-meppen.de\/geeste-osterbrock\/wp-json\/wp\/v2\/users\/4"}],"replies":[{"embeddable":true,"href":"https:\/\/www.landfrauen-meppen.de\/geeste-osterbrock\/wp-json\/wp\/v2\/comments?post=321"}],"version-history":[{"count":1,"href":"https:\/\/www.landfrauen-meppen.de\/geeste-osterbrock\/wp-json\/wp\/v2\/posts\/321\/revisions"}],"predecessor-version":[{"id":322,"href":"https:\/\/www.landfrauen-meppen.de\/geeste-osterbrock\/wp-json\/wp\/v2\/posts\/321\/revisions\/322"}],"wp:attachment":[{"href":"https:\/\/www.landfrauen-meppen.de\/geeste-osterbrock\/wp-json\/wp\/v2\/media?parent=321"}],"wp:term":[{"taxonomy":"category","embeddable":true,"href":"https:\/\/www.landfrauen-meppen.de\/geeste-osterbrock\/wp-json\/wp\/v2\/categories?post=321"},{"taxonomy":"post_tag","embeddable":true,"href":"https:\/\/www.landfrauen-meppen.de\/geeste-osterbrock\/wp-json\/wp\/v2\/tags?post=321"}],"curies":[{"name":"wp","href":"https:\/\/api.w.org\/{rel}","templated":true}]}}