{"id":303,"date":"2019-05-28T11:20:34","date_gmt":"2019-05-28T09:20:34","guid":{"rendered":"https:\/\/www.landfrauen-meppen.de\/geeste-osterbrock\/?p=303"},"modified":"2019-05-28T11:20:34","modified_gmt":"2019-05-28T09:20:34","slug":"fahrradtour","status":"publish","type":"post","link":"https:\/\/www.landfrauen-meppen.de\/geeste-osterbrock\/2019\/05\/28\/fahrradtour\/","title":{"rendered":"Fahrradtour"},"content":{"rendered":"<p>Landfrauenverein<\/p>\n<p>Geeste\/Osterbrock<\/p>\n<p>&nbsp;<\/p>\n<p>Liebe Landfrauen!<\/p>\n<p>&nbsp;<\/p>\n<p><strong>Fahrradtour am 6.6.2019<\/strong><\/p>\n<p><strong>\u00a0<\/strong><\/p>\n<p>Wir fahren \u00fcber Biene nach Lingen, Kaffee und Kuchen werden wir im k\u00fcnstlerisch gestalteten Garten von Franziska und Helmut Bolk genie\u00dfen.<\/p>\n<p>Danach schauen wir \u201ehinter die Kulissen\u201c des Theaters an der Wilhelmsh\u00f6he in Lingen.<\/p>\n<p>Zum Abschluss um ca. 18.00 Uhr essen wir in der Gastst\u00e4tte Over Spargel.<\/p>\n<p>Los geht es um 13.45 Uhr am St. Isidorhaus in Osterbrock.<\/p>\n<p>Treffpunkt in Geeste 14.00 Uhr an der Kirche.<\/p>\n<p>F\u00fcr 3,- Euro seid Ihr bei der Fahrradtour dabei.<\/p>\n<p>Wer mit zum Spargelessen kommen m\u00f6chte, muss zus\u00e4tzlich mit Kosten von ca. 18,- Euro rechnen.<\/p>\n<p>&nbsp;<\/p>\n<p>Anmeldungen bis zum 01.06.2019 wie immer bei den Vertrauensfrauen, die sich noch bei Euch melden werden. Nichtmitglieder melden sich bitte direkt bei Lenchen Evers Tel.: 05907\/313 an.<\/p>\n<p>&nbsp;<\/p>\n<p>Auf euer Kommen freut sich das Vorstandsteam<\/p>\n","protected":false},"excerpt":{"rendered":"<p>Landfrauenverein Geeste\/Osterbrock &nbsp; Liebe Landfrauen! &nbsp; Fahrradtour am 6.6.2019 \u00a0 Wir fahren \u00fcber Biene nach Lingen, Kaffee und Kuchen werden wir im k\u00fcnstlerisch gestalteten Garten von Franziska und Helmut Bolk genie\u00dfen. Danach schauen wir \u201ehinter die Kulissen\u201c des Theaters an der Wilhelmsh\u00f6he in Lingen. Zum Abschluss um ca. 18.00 Uhr essen wir in der Gastst\u00e4tte &hellip; <\/p>\n<p class=\"link-more\"><a href=\"https:\/\/www.landfrauen-meppen.de\/geeste-osterbrock\/2019\/05\/28\/fahrradtour\/\" class=\"more-link\"><span class=\"screen-reader-text\">\u201eFahrradtour\u201c <\/span>weiterlesen<\/a><\/p>\n","protected":false},"author":4,"featured_media":0,"comment_status":"open","ping_status":"open","sticky":false,"template":"","format":"standard","meta":{"footnotes":""},"categories":[1],"tags":[],"class_list":["post-303","post","type-post","status-publish","format-standard","hentry","category-allgemein"],"_links":{"self":[{"href":"https:\/\/www.landfrauen-meppen.de\/geeste-osterbrock\/wp-json\/wp\/v2\/posts\/303","targetHints":{"allow":["GET"]}}],"collection":[{"href":"https:\/\/www.landfrauen-meppen.de\/geeste-osterbrock\/wp-json\/wp\/v2\/posts"}],"about":[{"href":"https:\/\/www.landfrauen-meppen.de\/geeste-osterbrock\/wp-json\/wp\/v2\/types\/post"}],"author":[{"embeddable":true,"href":"https:\/\/www.landfrauen-meppen.de\/geeste-osterbrock\/wp-json\/wp\/v2\/users\/4"}],"replies":[{"embeddable":true,"href":"https:\/\/www.landfrauen-meppen.de\/geeste-osterbrock\/wp-json\/wp\/v2\/comments?post=303"}],"version-history":[{"count":2,"href":"https:\/\/www.landfrauen-meppen.de\/geeste-osterbrock\/wp-json\/wp\/v2\/posts\/303\/revisions"}],"predecessor-version":[{"id":307,"href":"https:\/\/www.landfrauen-meppen.de\/geeste-osterbrock\/wp-json\/wp\/v2\/posts\/303\/revisions\/307"}],"wp:attachment":[{"href":"https:\/\/www.landfrauen-meppen.de\/geeste-osterbrock\/wp-json\/wp\/v2\/media?parent=303"}],"wp:term":[{"taxonomy":"category","embeddable":true,"href":"https:\/\/www.landfrauen-meppen.de\/geeste-osterbrock\/wp-json\/wp\/v2\/categories?post=303"},{"taxonomy":"post_tag","embeddable":true,"href":"https:\/\/www.landfrauen-meppen.de\/geeste-osterbrock\/wp-json\/wp\/v2\/tags?post=303"}],"curies":[{"name":"wp","href":"https:\/\/api.w.org\/{rel}","templated":true}]}}