{"id":262,"date":"2018-06-21T18:47:59","date_gmt":"2018-06-21T16:47:59","guid":{"rendered":"https:\/\/www.landfrauen-meppen.de\/geeste-osterbrock\/?p=262"},"modified":"2018-06-21T18:48:10","modified_gmt":"2018-06-21T16:48:10","slug":"fahrradtour-am-26-06-2018","status":"publish","type":"post","link":"https:\/\/www.landfrauen-meppen.de\/geeste-osterbrock\/2018\/06\/21\/fahrradtour-am-26-06-2018\/","title":{"rendered":"Fahrradtour am 26.06.2018"},"content":{"rendered":"<p>Landfrauenverein<\/p>\n<p>Geeste\/Osterbrock<\/p>\n<p>&nbsp;<\/p>\n<p>Liebe Landfrauen!<\/p>\n<p>&nbsp;<\/p>\n<p><strong><em>Am Dienstag den 26.06.2018 findet unsere Fahrradtour statt.<\/em><\/strong><\/p>\n<p><strong>\u00a0<\/strong><\/p>\n<p><strong>Los geht es um 14.00 Uhr an der Gastst\u00e4tte Steinkamp in Osterbrock.<\/strong><\/p>\n<p>Treffpunkt in <strong>Geeste um 13.40 Uhr<\/strong> an der Kirche, dann k\u00f6nnen wir gemeinsam zu Steinkamp fahren.<\/p>\n<p>&nbsp;<\/p>\n<p>Mit <strong>16.00 Euro<\/strong> seid Ihr dabei.<\/p>\n<p>&nbsp;<\/p>\n<p>Im Preis enthalten sind Kaffee und Kuchen, den servieren wir im Bauerngarten in Helte.<\/p>\n<p>Eintritt mit F\u00fchrung in der Alten Schule und der Kirche in Bokeloh.<\/p>\n<p>Wir erleben eine <strong>Historische Schulstunde<\/strong> und werden dabei sicher viel Spa\u00df haben.<\/p>\n<p>Anschlie\u00dfend genie\u00dfen wir in der Gastst\u00e4tte Giese eine Vesperplatte.<\/p>\n<p>R\u00fcckkehr ca. 20.30 Uhr in Osterbrock<\/p>\n<p>&nbsp;<\/p>\n<p>Autofahrer k\u00f6nnen um 16.00 Uhr an der Kirche in Bokeloh dazukommen.<\/p>\n<p>(Bei schlechtem Wetter treffen sich dort alle)<\/p>\n<p>&nbsp;<\/p>\n<p>Hierzu laden wir Euch recht herzlich ein.<\/p>\n<p>&nbsp;<\/p>\n<p>Anmeldungen bis zum 15.06. wie immer bei den Vertrauensfrauen, die sich noch bei Euch melden werden. Nichtmitglieder melden sich bitte direkt bei Lenchen Evers Tel.: 05907\/313 an.<\/p>\n<p>&nbsp;<\/p>\n<p>Auf euer Kommen freut sich das Vorstandsteam<\/p>\n","protected":false},"excerpt":{"rendered":"<p>Landfrauenverein Geeste\/Osterbrock &nbsp; Liebe Landfrauen! &nbsp; Am Dienstag den 26.06.2018 findet unsere Fahrradtour statt. \u00a0 Los geht es um 14.00 Uhr an der Gastst\u00e4tte Steinkamp in Osterbrock. Treffpunkt in Geeste um 13.40 Uhr an der Kirche, dann k\u00f6nnen wir gemeinsam zu Steinkamp fahren. &nbsp; Mit 16.00 Euro seid Ihr dabei. &nbsp; Im Preis enthalten sind &hellip; <\/p>\n<p class=\"link-more\"><a href=\"https:\/\/www.landfrauen-meppen.de\/geeste-osterbrock\/2018\/06\/21\/fahrradtour-am-26-06-2018\/\" class=\"more-link\"><span class=\"screen-reader-text\">\u201eFahrradtour am 26.06.2018\u201c <\/span>weiterlesen<\/a><\/p>\n","protected":false},"author":4,"featured_media":0,"comment_status":"open","ping_status":"open","sticky":false,"template":"","format":"standard","meta":{"footnotes":""},"categories":[1],"tags":[],"class_list":["post-262","post","type-post","status-publish","format-standard","hentry","category-allgemein"],"_links":{"self":[{"href":"https:\/\/www.landfrauen-meppen.de\/geeste-osterbrock\/wp-json\/wp\/v2\/posts\/262","targetHints":{"allow":["GET"]}}],"collection":[{"href":"https:\/\/www.landfrauen-meppen.de\/geeste-osterbrock\/wp-json\/wp\/v2\/posts"}],"about":[{"href":"https:\/\/www.landfrauen-meppen.de\/geeste-osterbrock\/wp-json\/wp\/v2\/types\/post"}],"author":[{"embeddable":true,"href":"https:\/\/www.landfrauen-meppen.de\/geeste-osterbrock\/wp-json\/wp\/v2\/users\/4"}],"replies":[{"embeddable":true,"href":"https:\/\/www.landfrauen-meppen.de\/geeste-osterbrock\/wp-json\/wp\/v2\/comments?post=262"}],"version-history":[{"count":1,"href":"https:\/\/www.landfrauen-meppen.de\/geeste-osterbrock\/wp-json\/wp\/v2\/posts\/262\/revisions"}],"predecessor-version":[{"id":263,"href":"https:\/\/www.landfrauen-meppen.de\/geeste-osterbrock\/wp-json\/wp\/v2\/posts\/262\/revisions\/263"}],"wp:attachment":[{"href":"https:\/\/www.landfrauen-meppen.de\/geeste-osterbrock\/wp-json\/wp\/v2\/media?parent=262"}],"wp:term":[{"taxonomy":"category","embeddable":true,"href":"https:\/\/www.landfrauen-meppen.de\/geeste-osterbrock\/wp-json\/wp\/v2\/categories?post=262"},{"taxonomy":"post_tag","embeddable":true,"href":"https:\/\/www.landfrauen-meppen.de\/geeste-osterbrock\/wp-json\/wp\/v2\/tags?post=262"}],"curies":[{"name":"wp","href":"https:\/\/api.w.org\/{rel}","templated":true}]}}