{"id":102,"date":"2017-04-13T15:59:34","date_gmt":"2017-04-13T13:59:34","guid":{"rendered":"http:\/\/www.landfrauen-meppen.de\/geeste-osterbrock\/?p=102"},"modified":"2017-04-13T15:59:34","modified_gmt":"2017-04-13T13:59:34","slug":"tagesfahrt-ins-ammerland","status":"publish","type":"post","link":"https:\/\/www.landfrauen-meppen.de\/geeste-osterbrock\/2017\/04\/13\/tagesfahrt-ins-ammerland\/","title":{"rendered":"Tagesfahrt ins Ammerland"},"content":{"rendered":"<p>16. Mai 2017<\/p>\n<p>Abfahrt:\u00a0\u00a0 Osterbrock 9:15 Uhr\u00a0 (beim Friedhof)\u00a0\u00a0 Geeste 9:20 Uhr (Parkplatz Kirche)\u00a0\u00a0 Dalum 9:30 Uhr\u00a0 (Busbahnhof)\u00a0\u00a0 R\u00fcckkehr :\u00a0 ca. 20:00 Uhr<\/p>\n<p>Wir fahren ins bl\u00fchende Ammerland, dort besichtigen wir in Edewecht den Bauerngarten von Anke zu Jeddeloh. Au\u00dferdem kommt Frau Bunjes Naturfloristin, Sie h\u00e4lt dort einem Vortrag\u00a0 mit dem Thema:\u00a0 Dekoration \u201eeinfach und wirkungsvoll\u201c.<\/p>\n<p>Im Garten wird es zum Mittag ein Grillbuffet mit unterschiedlichen selbstgemachten Salaten geben.<\/p>\n<p>Nachmittags geht es weiter zur Holzofenb\u00e4ckerei Ripcken in Augustfehn. Dort erwartet uns eine Backstubenf\u00fchrung im Anschluss gibt es Kaffee und Kuchen.<\/p>\n<p>Kosten pro Person 48,00 \u20ac In den Kosten enthalten sind: Busfahrt, Eintritt Garten mit Gartenf\u00fchrung, Workshop, Mittagessen, Backstubenf\u00fchrung, Kaffee und Kuchen und eine Brott\u00fcte f\u00fcr jeden Teilnehmer.<\/p>\n<p>Anmeldeschluss ist am 03.05.2017 bei den Vertrauensfrauen.\u00a0\u00a0 Die Teilnehmerzahl ist begrenzt.<\/p>\n<p>Wir freuen uns auf Eure Teilnahme.<\/p>\n","protected":false},"excerpt":{"rendered":"<p>16. Mai 2017 Abfahrt:\u00a0\u00a0 Osterbrock 9:15 Uhr\u00a0 (beim Friedhof)\u00a0\u00a0 Geeste 9:20 Uhr (Parkplatz Kirche)\u00a0\u00a0 Dalum 9:30 Uhr\u00a0 (Busbahnhof)\u00a0\u00a0 R\u00fcckkehr :\u00a0 ca. 20:00 Uhr Wir fahren ins bl\u00fchende Ammerland, dort besichtigen wir in Edewecht den Bauerngarten von Anke zu Jeddeloh. Au\u00dferdem kommt Frau Bunjes Naturfloristin, Sie h\u00e4lt dort einem Vortrag\u00a0 mit dem Thema:\u00a0 Dekoration \u201eeinfach und &hellip; <\/p>\n<p class=\"link-more\"><a href=\"https:\/\/www.landfrauen-meppen.de\/geeste-osterbrock\/2017\/04\/13\/tagesfahrt-ins-ammerland\/\" class=\"more-link\"><span class=\"screen-reader-text\">\u201eTagesfahrt ins Ammerland\u201c <\/span>weiterlesen<\/a><\/p>\n","protected":false},"author":4,"featured_media":0,"comment_status":"open","ping_status":"open","sticky":false,"template":"","format":"standard","meta":{"footnotes":""},"categories":[1],"tags":[],"class_list":["post-102","post","type-post","status-publish","format-standard","hentry","category-allgemein"],"_links":{"self":[{"href":"https:\/\/www.landfrauen-meppen.de\/geeste-osterbrock\/wp-json\/wp\/v2\/posts\/102","targetHints":{"allow":["GET"]}}],"collection":[{"href":"https:\/\/www.landfrauen-meppen.de\/geeste-osterbrock\/wp-json\/wp\/v2\/posts"}],"about":[{"href":"https:\/\/www.landfrauen-meppen.de\/geeste-osterbrock\/wp-json\/wp\/v2\/types\/post"}],"author":[{"embeddable":true,"href":"https:\/\/www.landfrauen-meppen.de\/geeste-osterbrock\/wp-json\/wp\/v2\/users\/4"}],"replies":[{"embeddable":true,"href":"https:\/\/www.landfrauen-meppen.de\/geeste-osterbrock\/wp-json\/wp\/v2\/comments?post=102"}],"version-history":[{"count":1,"href":"https:\/\/www.landfrauen-meppen.de\/geeste-osterbrock\/wp-json\/wp\/v2\/posts\/102\/revisions"}],"predecessor-version":[{"id":103,"href":"https:\/\/www.landfrauen-meppen.de\/geeste-osterbrock\/wp-json\/wp\/v2\/posts\/102\/revisions\/103"}],"wp:attachment":[{"href":"https:\/\/www.landfrauen-meppen.de\/geeste-osterbrock\/wp-json\/wp\/v2\/media?parent=102"}],"wp:term":[{"taxonomy":"category","embeddable":true,"href":"https:\/\/www.landfrauen-meppen.de\/geeste-osterbrock\/wp-json\/wp\/v2\/categories?post=102"},{"taxonomy":"post_tag","embeddable":true,"href":"https:\/\/www.landfrauen-meppen.de\/geeste-osterbrock\/wp-json\/wp\/v2\/tags?post=102"}],"curies":[{"name":"wp","href":"https:\/\/api.w.org\/{rel}","templated":true}]}}