{"id":895,"date":"2018-08-02T12:05:04","date_gmt":"2018-08-02T10:05:04","guid":{"rendered":"https:\/\/www.landfrauen-meppen.de\/dalum\/?p=895"},"modified":"2025-02-28T01:14:21","modified_gmt":"2025-02-28T00:14:21","slug":"besichtigung-der-firma-pikantum-gersten","status":"publish","type":"post","link":"https:\/\/www.landfrauen-meppen.de\/dalum\/2018\/08\/02\/besichtigung-der-firma-pikantum-gersten\/","title":{"rendered":"Besichtigung der Firma Pikantum, Gersten"},"content":{"rendered":"<p><strong>Einladung<\/strong><\/p>\n<p>Besichtigung der Firma Pikantum, Gersten<\/p>\n<p>Diese vertreibt hochwertige K\u00fcchenkr\u00e4uter, Heilkr\u00e4uter und Gew\u00fcrze<br \/>\nWir werden eine F\u00fchrung bekommen<br \/>\nBei Interesse, kann im Shop auch gleich was eingekauft werden.<\/p>\n<p>Am Montag, den 03.09.2018 um 16:30 Uhr auf dem Busbahnhof in<br \/>\nDalum, wir werden Fahrgemeinschaften bilden.<\/p>\n<p>Im Anschluss fahren wir zum Gasthof Niemann,<br \/>\nnach Clusorth Bramhar. Dort werden wir nach Karte essen.<\/p>\n<p>Anmeldungen bis zum 23.08.2018 bei den Vertrauensfrauen.<\/p>\n<p>Der Vorstand<\/p>\n<p>&nbsp;<\/p>\n","protected":false},"excerpt":{"rendered":"<p>Einladung Besichtigung der Firma Pikantum, Gersten Diese vertreibt hochwertige K\u00fcchenkr\u00e4uter, Heilkr\u00e4uter und Gew\u00fcrze Wir werden eine F\u00fchrung bekommen Bei Interesse, kann im Shop auch gleich was eingekauft werden. Am Montag, <a class=\"more-link\" href=\"https:\/\/www.landfrauen-meppen.de\/dalum\/2018\/08\/02\/besichtigung-der-firma-pikantum-gersten\/\">weiterlesen&#8230;(hier klicken)<\/a><\/p>\n","protected":false},"author":3,"featured_media":0,"comment_status":"closed","ping_status":"closed","sticky":false,"template":"","format":"standard","meta":{"footnotes":""},"categories":[1],"tags":[],"class_list":["post-895","post","type-post","status-publish","format-standard","hentry","category-allgemein"],"_links":{"self":[{"href":"https:\/\/www.landfrauen-meppen.de\/dalum\/wp-json\/wp\/v2\/posts\/895","targetHints":{"allow":["GET"]}}],"collection":[{"href":"https:\/\/www.landfrauen-meppen.de\/dalum\/wp-json\/wp\/v2\/posts"}],"about":[{"href":"https:\/\/www.landfrauen-meppen.de\/dalum\/wp-json\/wp\/v2\/types\/post"}],"author":[{"embeddable":true,"href":"https:\/\/www.landfrauen-meppen.de\/dalum\/wp-json\/wp\/v2\/users\/3"}],"replies":[{"embeddable":true,"href":"https:\/\/www.landfrauen-meppen.de\/dalum\/wp-json\/wp\/v2\/comments?post=895"}],"version-history":[{"count":2,"href":"https:\/\/www.landfrauen-meppen.de\/dalum\/wp-json\/wp\/v2\/posts\/895\/revisions"}],"predecessor-version":[{"id":3624,"href":"https:\/\/www.landfrauen-meppen.de\/dalum\/wp-json\/wp\/v2\/posts\/895\/revisions\/3624"}],"wp:attachment":[{"href":"https:\/\/www.landfrauen-meppen.de\/dalum\/wp-json\/wp\/v2\/media?parent=895"}],"wp:term":[{"taxonomy":"category","embeddable":true,"href":"https:\/\/www.landfrauen-meppen.de\/dalum\/wp-json\/wp\/v2\/categories?post=895"},{"taxonomy":"post_tag","embeddable":true,"href":"https:\/\/www.landfrauen-meppen.de\/dalum\/wp-json\/wp\/v2\/tags?post=895"}],"curies":[{"name":"wp","href":"https:\/\/api.w.org\/{rel}","templated":true}]}}