{"id":888,"date":"2018-08-02T11:54:43","date_gmt":"2018-08-02T09:54:43","guid":{"rendered":"https:\/\/www.landfrauen-meppen.de\/dalum\/?p=888"},"modified":"2018-08-02T11:54:43","modified_gmt":"2018-08-02T09:54:43","slug":"programm-2018-2019","status":"publish","type":"post","link":"https:\/\/www.landfrauen-meppen.de\/dalum\/2018\/08\/02\/programm-2018-2019\/","title":{"rendered":"Programm 2018\/ 2019"},"content":{"rendered":"<h2><img loading=\"lazy\" decoding=\"async\" class=\"aligncenter size-full wp-image-83\" src=\"https:\/\/www.landfrauen-meppen.de\/dalum\/wp-content\/uploads\/sites\/3\/2017\/03\/Logo-Bien.png\" alt=\"\" width=\"180\" height=\"180\" srcset=\"https:\/\/www.landfrauen-meppen.de\/dalum\/wp-content\/uploads\/sites\/3\/2017\/03\/Logo-Bien.png 180w, https:\/\/www.landfrauen-meppen.de\/dalum\/wp-content\/uploads\/sites\/3\/2017\/03\/Logo-Bien-150x150.png 150w\" sizes=\"auto, (max-width: 180px) 100vw, 180px\" \/><\/h2>\n<h2><strong>Programm 2018\/2019<\/strong><\/h2>\n<table style=\"height: 663px\" border=\"1\" width=\"822\" cellspacing=\"2\" cellpadding=\"0\">\n<tbody>\n<tr>\n<td>03. September 2018<br \/>\n16:30 Uhr<br \/>\nBusbahnhof Dalum<\/td>\n<td>Pikantum, Gersten, Gew\u00fcrze und mehr,\u00a0Besichtigung, anschlie\u00dfend Essen al l\u00e1 Carte\u00a0bei Niemann, Bramhar<\/td>\n<\/tr>\n<tr>\n<td>Samstag, 27.10.2018<br \/>\n14:30 Uhr<br \/>\nSaal Aepken<\/td>\n<td>60. Jahre LandFrauenverein Dalum, Jubil\u00e4umsfeier<\/td>\n<\/tr>\n<tr>\n<td>Donnerstag, 15. 11. 2018<br \/>\n19.30 Uhr<br \/>\nSaal Aepken<\/td>\n<td>Generalversammlung, Graue Haare, buntes Leben,\u00a0Frau Beate Langenhorst LWK Lingen, referiert<\/td>\n<\/tr>\n<tr>\n<td>Samstag, 19.01.2019 10:00 Uhr<br \/>\nHaus Emmaus<\/td>\n<td>\u201eFr\u00fchst\u00fcck f\u00fcr LandFrauen und solche die\u00a0es werden wollen!\u201c\u00a0\u201eKr\u00e4nze basteln\u201c mit Margret Dall<\/td>\n<\/tr>\n<tr>\n<td>Mittwoch, 20. 02. 2019<br \/>\nOlle B\u00e4ckerei<\/td>\n<td>Gemeinschaftsveranstaltung<\/p>\n<p>\u201e Kino\u201c<\/td>\n<\/tr>\n<tr>\n<td>Mittwoch 13.03.2019<br \/>\n19:30 Uhr<br \/>\nGastst\u00e4tte Zur F\u00e4hre<\/td>\n<td>Frau Christiane Rehkamp von der LWK Osnabr\u00fcck,\u00a0\u201e Hochbeete\u201c Pflanzung und Gestaltung<\/td>\n<\/tr>\n<tr>\n<td>Dienstag, 21. Mai 2019<br \/>\n14:00 Uhr<br \/>\nBusbahnhof Dalum<\/td>\n<td>Fahrradtour<br \/>\nKlasmann- Werke, Besichtigung, anschlie\u00dfend Kaffee und Kuchen<\/td>\n<\/tr>\n<\/tbody>\n<\/table>\n","protected":false},"excerpt":{"rendered":"<p>Programm 2018\/2019 03. September 2018 16:30 Uhr Busbahnhof Dalum Pikantum, Gersten, Gew\u00fcrze und mehr,\u00a0Besichtigung, anschlie\u00dfend Essen al l\u00e1 Carte\u00a0bei Niemann, Bramhar Samstag, 27.10.2018 14:30 Uhr Saal Aepken 60. Jahre LandFrauenverein <a class=\"more-link\" href=\"https:\/\/www.landfrauen-meppen.de\/dalum\/2018\/08\/02\/programm-2018-2019\/\">weiterlesen&#8230;(hier klicken)<\/a><\/p>\n","protected":false},"author":3,"featured_media":0,"comment_status":"closed","ping_status":"closed","sticky":false,"template":"","format":"standard","meta":{"footnotes":""},"categories":[1],"tags":[],"class_list":["post-888","post","type-post","status-publish","format-standard","hentry","category-allgemein"],"_links":{"self":[{"href":"https:\/\/www.landfrauen-meppen.de\/dalum\/wp-json\/wp\/v2\/posts\/888","targetHints":{"allow":["GET"]}}],"collection":[{"href":"https:\/\/www.landfrauen-meppen.de\/dalum\/wp-json\/wp\/v2\/posts"}],"about":[{"href":"https:\/\/www.landfrauen-meppen.de\/dalum\/wp-json\/wp\/v2\/types\/post"}],"author":[{"embeddable":true,"href":"https:\/\/www.landfrauen-meppen.de\/dalum\/wp-json\/wp\/v2\/users\/3"}],"replies":[{"embeddable":true,"href":"https:\/\/www.landfrauen-meppen.de\/dalum\/wp-json\/wp\/v2\/comments?post=888"}],"version-history":[{"count":1,"href":"https:\/\/www.landfrauen-meppen.de\/dalum\/wp-json\/wp\/v2\/posts\/888\/revisions"}],"predecessor-version":[{"id":889,"href":"https:\/\/www.landfrauen-meppen.de\/dalum\/wp-json\/wp\/v2\/posts\/888\/revisions\/889"}],"wp:attachment":[{"href":"https:\/\/www.landfrauen-meppen.de\/dalum\/wp-json\/wp\/v2\/media?parent=888"}],"wp:term":[{"taxonomy":"category","embeddable":true,"href":"https:\/\/www.landfrauen-meppen.de\/dalum\/wp-json\/wp\/v2\/categories?post=888"},{"taxonomy":"post_tag","embeddable":true,"href":"https:\/\/www.landfrauen-meppen.de\/dalum\/wp-json\/wp\/v2\/tags?post=888"}],"curies":[{"name":"wp","href":"https:\/\/api.w.org\/{rel}","templated":true}]}}