{"id":798,"date":"2018-04-10T15:23:23","date_gmt":"2018-04-10T13:23:23","guid":{"rendered":"http:\/\/www.landfrauen-meppen.de\/dalum\/?p=798"},"modified":"2025-02-28T01:15:02","modified_gmt":"2025-02-28T00:15:02","slug":"einladung-zur-kulinarischen-radtour-durch-dalum","status":"publish","type":"post","link":"https:\/\/www.landfrauen-meppen.de\/dalum\/2018\/04\/10\/einladung-zur-kulinarischen-radtour-durch-dalum\/","title":{"rendered":"Einladung zur Kulinarischen Radtour durch Dalum"},"content":{"rendered":"<p><strong>Einladung zur Kulinarischen Radtour durch Dalum <\/strong><\/p>\n<p>Zusammen mit Euch m\u00f6chten wir einige interessante Orte in\u00a0Dalum\u00a0mit dem Fahrrad erkunden. Unterwegs wird an ausgew\u00e4hlten sch\u00f6nen Picknickpl\u00e4tzchen haltgemacht und es gibt Speis&#8216; und Trank. Lasst Euch einfach \u00fcberraschen.<\/p>\n<p>&nbsp;<\/p>\n<p>Datum: \u00a0\u00a0\u00a0\u00a0\u00a0\u00a0\u00a0\u00a0\u00a0\u00a0\u00a0\u00a0\u00a0\u00a0\u00a0\u00a0\u00a0\u00a0\u00a0\u00a0\u00a0\u00a0\u00a0\u00a0\u00a0\u00a0\u00a0\u00a0\u00a0\u00a0\u00a0\u00a0 Dienstag, 29.05.2018, 15 Uhr<\/p>\n<p>Startpunkt: \u00a0\u00a0\u00a0\u00a0\u00a0\u00a0\u00a0\u00a0\u00a0\u00a0\u00a0\u00a0\u00a0\u00a0\u00a0\u00a0\u00a0\u00a0\u00a0\u00a0\u00a0\u00a0\u00a0\u00a0\u00a0\u00a0 Hof Plagge, Neuer Diek 10<\/p>\n<p>Kosten pro Person: \u00a0\u00a0\u00a0\u00a0\u00a0\u00a0\u00a0\u00a0\u00a0\u00a0\u00a0 12 Euro f\u00fcr Verpflegung und Trinken<\/p>\n<p>L\u00e4nge der Radtour: \u00a0\u00a0\u00a0\u00a0\u00a0\u00a0\u00a0\u00a0\u00a0\u00a0\u00a0 ca. 17 km<\/p>\n<p>&nbsp;<\/p>\n<p>Anmeldung bis zum 22.05.2018 bei den Vertrauensfrauen.<\/p>\n<p>Bei schlechtem Wetter findet die Radtour nicht statt.<\/p>\n<p>&nbsp;<\/p>\n<p>&nbsp;<\/p>\n","protected":false},"excerpt":{"rendered":"<p>Einladung zur Kulinarischen Radtour durch Dalum Zusammen mit Euch m\u00f6chten wir einige interessante Orte in\u00a0Dalum\u00a0mit dem Fahrrad erkunden. Unterwegs wird an ausgew\u00e4hlten sch\u00f6nen Picknickpl\u00e4tzchen haltgemacht und es gibt Speis&#8216; und <a class=\"more-link\" href=\"https:\/\/www.landfrauen-meppen.de\/dalum\/2018\/04\/10\/einladung-zur-kulinarischen-radtour-durch-dalum\/\">weiterlesen&#8230;(hier klicken)<\/a><\/p>\n","protected":false},"author":3,"featured_media":0,"comment_status":"open","ping_status":"open","sticky":false,"template":"","format":"standard","meta":{"footnotes":""},"categories":[1],"tags":[],"class_list":["post-798","post","type-post","status-publish","format-standard","hentry","category-allgemein"],"_links":{"self":[{"href":"https:\/\/www.landfrauen-meppen.de\/dalum\/wp-json\/wp\/v2\/posts\/798","targetHints":{"allow":["GET"]}}],"collection":[{"href":"https:\/\/www.landfrauen-meppen.de\/dalum\/wp-json\/wp\/v2\/posts"}],"about":[{"href":"https:\/\/www.landfrauen-meppen.de\/dalum\/wp-json\/wp\/v2\/types\/post"}],"author":[{"embeddable":true,"href":"https:\/\/www.landfrauen-meppen.de\/dalum\/wp-json\/wp\/v2\/users\/3"}],"replies":[{"embeddable":true,"href":"https:\/\/www.landfrauen-meppen.de\/dalum\/wp-json\/wp\/v2\/comments?post=798"}],"version-history":[{"count":3,"href":"https:\/\/www.landfrauen-meppen.de\/dalum\/wp-json\/wp\/v2\/posts\/798\/revisions"}],"predecessor-version":[{"id":3625,"href":"https:\/\/www.landfrauen-meppen.de\/dalum\/wp-json\/wp\/v2\/posts\/798\/revisions\/3625"}],"wp:attachment":[{"href":"https:\/\/www.landfrauen-meppen.de\/dalum\/wp-json\/wp\/v2\/media?parent=798"}],"wp:term":[{"taxonomy":"category","embeddable":true,"href":"https:\/\/www.landfrauen-meppen.de\/dalum\/wp-json\/wp\/v2\/categories?post=798"},{"taxonomy":"post_tag","embeddable":true,"href":"https:\/\/www.landfrauen-meppen.de\/dalum\/wp-json\/wp\/v2\/tags?post=798"}],"curies":[{"name":"wp","href":"https:\/\/api.w.org\/{rel}","templated":true}]}}