{"id":691,"date":"2017-12-06T14:26:03","date_gmt":"2017-12-06T13:26:03","guid":{"rendered":"http:\/\/www.landfrauen-meppen.de\/dalum\/?p=691"},"modified":"2025-02-28T01:09:55","modified_gmt":"2025-02-28T00:09:55","slug":"einladung-zur-kaeseverkostung","status":"publish","type":"post","link":"https:\/\/www.landfrauen-meppen.de\/dalum\/2017\/12\/06\/einladung-zur-kaeseverkostung\/","title":{"rendered":"Einladung zur K\u00e4severkostung"},"content":{"rendered":"<h2 style=\"text-align: center\"><strong>Einladung zur K\u00e4severkostung<\/strong><\/h2>\n<p style=\"text-align: center\">\u201eThema \u00d6sterreich\u201c K\u00e4sesommelier,<\/p>\n<p style=\"text-align: center\">Frau Nicole Wege wird mit uns verschiedene K\u00e4sesorten verkosten.<\/p>\n<p style=\"text-align: center\">Kosten: ca. 15,00 \u20ac.<\/p>\n<p style=\"text-align: center\">Am Mittwoch, den 17.01.2018 um 19:30 Uhr im Haus Emmaus.<\/p>\n<p>&nbsp;<\/p>\n<p style=\"text-align: center\">\u00a0Anmeldungen bis zum 5.01.2018 bei den Vertrauensfrauen.<\/p>\n<p style=\"text-align: center\"><span style=\"color: #7d0c0c\"> Wir w\u00fcnschen allen Mitgliedern ein wundersch\u00f6nes Weihnachtsfest und ein gesundes, gl\u00fcckliches Jahr 2018 <\/span><\/p>\n<p style=\"text-align: center\"><span style=\"color: #7d0c0c\">Der Vorstand<\/span><\/p>\n","protected":false},"excerpt":{"rendered":"<p>Einladung zur K\u00e4severkostung \u201eThema \u00d6sterreich\u201c K\u00e4sesommelier, Frau Nicole Wege wird mit uns verschiedene K\u00e4sesorten verkosten. Kosten: ca. 15,00 \u20ac. Am Mittwoch, den 17.01.2018 um 19:30 Uhr im Haus Emmaus. &nbsp; <a class=\"more-link\" href=\"https:\/\/www.landfrauen-meppen.de\/dalum\/2017\/12\/06\/einladung-zur-kaeseverkostung\/\">weiterlesen&#8230;(hier klicken)<\/a><\/p>\n","protected":false},"author":3,"featured_media":0,"comment_status":"open","ping_status":"open","sticky":false,"template":"","format":"standard","meta":{"footnotes":""},"categories":[1],"tags":[],"class_list":["post-691","post","type-post","status-publish","format-standard","hentry","category-allgemein"],"_links":{"self":[{"href":"https:\/\/www.landfrauen-meppen.de\/dalum\/wp-json\/wp\/v2\/posts\/691","targetHints":{"allow":["GET"]}}],"collection":[{"href":"https:\/\/www.landfrauen-meppen.de\/dalum\/wp-json\/wp\/v2\/posts"}],"about":[{"href":"https:\/\/www.landfrauen-meppen.de\/dalum\/wp-json\/wp\/v2\/types\/post"}],"author":[{"embeddable":true,"href":"https:\/\/www.landfrauen-meppen.de\/dalum\/wp-json\/wp\/v2\/users\/3"}],"replies":[{"embeddable":true,"href":"https:\/\/www.landfrauen-meppen.de\/dalum\/wp-json\/wp\/v2\/comments?post=691"}],"version-history":[{"count":2,"href":"https:\/\/www.landfrauen-meppen.de\/dalum\/wp-json\/wp\/v2\/posts\/691\/revisions"}],"predecessor-version":[{"id":3623,"href":"https:\/\/www.landfrauen-meppen.de\/dalum\/wp-json\/wp\/v2\/posts\/691\/revisions\/3623"}],"wp:attachment":[{"href":"https:\/\/www.landfrauen-meppen.de\/dalum\/wp-json\/wp\/v2\/media?parent=691"}],"wp:term":[{"taxonomy":"category","embeddable":true,"href":"https:\/\/www.landfrauen-meppen.de\/dalum\/wp-json\/wp\/v2\/categories?post=691"},{"taxonomy":"post_tag","embeddable":true,"href":"https:\/\/www.landfrauen-meppen.de\/dalum\/wp-json\/wp\/v2\/tags?post=691"}],"curies":[{"name":"wp","href":"https:\/\/api.w.org\/{rel}","templated":true}]}}