{"id":636,"date":"2017-10-21T16:52:52","date_gmt":"2017-10-21T14:52:52","guid":{"rendered":"http:\/\/www.landfrauen-meppen.de\/dalum\/?p=636"},"modified":"2017-10-21T16:53:20","modified_gmt":"2017-10-21T14:53:20","slug":"bilder-eroeffnung-raiffeisen-markt-mit-kaffee-und-kuchen-von-den-landfrauen","status":"publish","type":"post","link":"https:\/\/www.landfrauen-meppen.de\/dalum\/2017\/10\/21\/bilder-eroeffnung-raiffeisen-markt-mit-kaffee-und-kuchen-von-den-landfrauen\/","title":{"rendered":"Bilder, Er\u00f6ffnung Raiffeisen Markt mit Kaffee und Kuchen von den Landfrauen"},"content":{"rendered":"<p>Ein gro\u00dfes Dankesch\u00f6n geht an alle die uns unterst\u00fctzt\u00a0haben.<\/p>\n<p>Danke f\u00fcr die leckeren Kuchen.<\/p>\n<p>Danke f\u00fcr Eure Mithilfe, beim Kuchenverkauf.<\/p>\n<p><a href=\"https:\/\/www.landfrauen-meppen.de\/dalum\/2017\/10\/21\/bilder-eroeffnung-raiffeisen-markt-mit-kaffee-und-kuchen-von-den-landfrauen\/dscf1333\/\" rel=\"attachment wp-att-637\"><img loading=\"lazy\" decoding=\"async\" class=\"aligncenter size-large wp-image-637\" src=\"https:\/\/www.landfrauen-meppen.de\/dalum\/wp-content\/uploads\/sites\/3\/2017\/10\/DSCF1333-1024x768.jpg\" alt=\"\" width=\"690\" height=\"518\" srcset=\"https:\/\/www.landfrauen-meppen.de\/dalum\/wp-content\/uploads\/sites\/3\/2017\/10\/DSCF1333-1024x768.jpg 1024w, https:\/\/www.landfrauen-meppen.de\/dalum\/wp-content\/uploads\/sites\/3\/2017\/10\/DSCF1333-300x225.jpg 300w, https:\/\/www.landfrauen-meppen.de\/dalum\/wp-content\/uploads\/sites\/3\/2017\/10\/DSCF1333-768x576.jpg 768w, https:\/\/www.landfrauen-meppen.de\/dalum\/wp-content\/uploads\/sites\/3\/2017\/10\/DSCF1333-200x150.jpg 200w\" sizes=\"auto, (max-width: 690px) 100vw, 690px\" \/><\/a> <a href=\"https:\/\/www.landfrauen-meppen.de\/dalum\/2017\/10\/21\/bilder-eroeffnung-raiffeisen-markt-mit-kaffee-und-kuchen-von-den-landfrauen\/dscf1334\/\" rel=\"attachment wp-att-638\"><img loading=\"lazy\" decoding=\"async\" class=\"aligncenter size-large wp-image-638\" src=\"https:\/\/www.landfrauen-meppen.de\/dalum\/wp-content\/uploads\/sites\/3\/2017\/10\/DSCF1334-1024x768.jpg\" alt=\"\" width=\"690\" height=\"518\" srcset=\"https:\/\/www.landfrauen-meppen.de\/dalum\/wp-content\/uploads\/sites\/3\/2017\/10\/DSCF1334-1024x768.jpg 1024w, https:\/\/www.landfrauen-meppen.de\/dalum\/wp-content\/uploads\/sites\/3\/2017\/10\/DSCF1334-300x225.jpg 300w, https:\/\/www.landfrauen-meppen.de\/dalum\/wp-content\/uploads\/sites\/3\/2017\/10\/DSCF1334-768x576.jpg 768w, https:\/\/www.landfrauen-meppen.de\/dalum\/wp-content\/uploads\/sites\/3\/2017\/10\/DSCF1334-200x150.jpg 200w\" sizes=\"auto, (max-width: 690px) 100vw, 690px\" \/><\/a> <a href=\"https:\/\/www.landfrauen-meppen.de\/dalum\/2017\/10\/21\/bilder-eroeffnung-raiffeisen-markt-mit-kaffee-und-kuchen-von-den-landfrauen\/dscf1335\/\" rel=\"attachment wp-att-639\"><img loading=\"lazy\" decoding=\"async\" class=\"aligncenter size-large wp-image-639\" src=\"https:\/\/www.landfrauen-meppen.de\/dalum\/wp-content\/uploads\/sites\/3\/2017\/10\/DSCF1335-1024x768.jpg\" alt=\"\" width=\"690\" height=\"518\" srcset=\"https:\/\/www.landfrauen-meppen.de\/dalum\/wp-content\/uploads\/sites\/3\/2017\/10\/DSCF1335-1024x768.jpg 1024w, https:\/\/www.landfrauen-meppen.de\/dalum\/wp-content\/uploads\/sites\/3\/2017\/10\/DSCF1335-300x225.jpg 300w, https:\/\/www.landfrauen-meppen.de\/dalum\/wp-content\/uploads\/sites\/3\/2017\/10\/DSCF1335-768x576.jpg 768w, https:\/\/www.landfrauen-meppen.de\/dalum\/wp-content\/uploads\/sites\/3\/2017\/10\/DSCF1335-200x150.jpg 200w\" sizes=\"auto, (max-width: 690px) 100vw, 690px\" \/><\/a> <a href=\"https:\/\/www.landfrauen-meppen.de\/dalum\/2017\/10\/21\/bilder-eroeffnung-raiffeisen-markt-mit-kaffee-und-kuchen-von-den-landfrauen\/dscf1336\/\" rel=\"attachment wp-att-640\"><img loading=\"lazy\" decoding=\"async\" class=\"aligncenter size-large wp-image-640\" src=\"https:\/\/www.landfrauen-meppen.de\/dalum\/wp-content\/uploads\/sites\/3\/2017\/10\/DSCF1336-1024x768.jpg\" alt=\"\" width=\"690\" height=\"518\" srcset=\"https:\/\/www.landfrauen-meppen.de\/dalum\/wp-content\/uploads\/sites\/3\/2017\/10\/DSCF1336-1024x768.jpg 1024w, https:\/\/www.landfrauen-meppen.de\/dalum\/wp-content\/uploads\/sites\/3\/2017\/10\/DSCF1336-300x225.jpg 300w, https:\/\/www.landfrauen-meppen.de\/dalum\/wp-content\/uploads\/sites\/3\/2017\/10\/DSCF1336-768x576.jpg 768w, https:\/\/www.landfrauen-meppen.de\/dalum\/wp-content\/uploads\/sites\/3\/2017\/10\/DSCF1336-200x150.jpg 200w\" sizes=\"auto, (max-width: 690px) 100vw, 690px\" \/><\/a> <a href=\"https:\/\/www.landfrauen-meppen.de\/dalum\/2017\/10\/21\/bilder-eroeffnung-raiffeisen-markt-mit-kaffee-und-kuchen-von-den-landfrauen\/dscf1337\/\" rel=\"attachment wp-att-641\"><img loading=\"lazy\" decoding=\"async\" class=\"aligncenter size-large wp-image-641\" src=\"https:\/\/www.landfrauen-meppen.de\/dalum\/wp-content\/uploads\/sites\/3\/2017\/10\/DSCF1337-1024x768.jpg\" alt=\"\" width=\"690\" height=\"518\" srcset=\"https:\/\/www.landfrauen-meppen.de\/dalum\/wp-content\/uploads\/sites\/3\/2017\/10\/DSCF1337-1024x768.jpg 1024w, https:\/\/www.landfrauen-meppen.de\/dalum\/wp-content\/uploads\/sites\/3\/2017\/10\/DSCF1337-300x225.jpg 300w, https:\/\/www.landfrauen-meppen.de\/dalum\/wp-content\/uploads\/sites\/3\/2017\/10\/DSCF1337-768x576.jpg 768w, https:\/\/www.landfrauen-meppen.de\/dalum\/wp-content\/uploads\/sites\/3\/2017\/10\/DSCF1337-200x150.jpg 200w\" sizes=\"auto, (max-width: 690px) 100vw, 690px\" \/><\/a> <a href=\"https:\/\/www.landfrauen-meppen.de\/dalum\/2017\/10\/21\/bilder-eroeffnung-raiffeisen-markt-mit-kaffee-und-kuchen-von-den-landfrauen\/dscf1339\/\" rel=\"attachment wp-att-642\"><img loading=\"lazy\" decoding=\"async\" class=\"aligncenter size-large wp-image-642\" src=\"https:\/\/www.landfrauen-meppen.de\/dalum\/wp-content\/uploads\/sites\/3\/2017\/10\/DSCF1339-1024x768.jpg\" alt=\"\" width=\"690\" height=\"518\" srcset=\"https:\/\/www.landfrauen-meppen.de\/dalum\/wp-content\/uploads\/sites\/3\/2017\/10\/DSCF1339-1024x768.jpg 1024w, https:\/\/www.landfrauen-meppen.de\/dalum\/wp-content\/uploads\/sites\/3\/2017\/10\/DSCF1339-300x225.jpg 300w, https:\/\/www.landfrauen-meppen.de\/dalum\/wp-content\/uploads\/sites\/3\/2017\/10\/DSCF1339-768x576.jpg 768w, https:\/\/www.landfrauen-meppen.de\/dalum\/wp-content\/uploads\/sites\/3\/2017\/10\/DSCF1339-200x150.jpg 200w\" sizes=\"auto, (max-width: 690px) 100vw, 690px\" \/><\/a> <a href=\"https:\/\/www.landfrauen-meppen.de\/dalum\/2017\/10\/21\/bilder-eroeffnung-raiffeisen-markt-mit-kaffee-und-kuchen-von-den-landfrauen\/dscf1340\/\" rel=\"attachment wp-att-643\"><img loading=\"lazy\" decoding=\"async\" class=\"aligncenter size-large wp-image-643\" src=\"https:\/\/www.landfrauen-meppen.de\/dalum\/wp-content\/uploads\/sites\/3\/2017\/10\/DSCF1340-1024x768.jpg\" alt=\"\" width=\"690\" height=\"518\" srcset=\"https:\/\/www.landfrauen-meppen.de\/dalum\/wp-content\/uploads\/sites\/3\/2017\/10\/DSCF1340-1024x768.jpg 1024w, https:\/\/www.landfrauen-meppen.de\/dalum\/wp-content\/uploads\/sites\/3\/2017\/10\/DSCF1340-300x225.jpg 300w, https:\/\/www.landfrauen-meppen.de\/dalum\/wp-content\/uploads\/sites\/3\/2017\/10\/DSCF1340-768x576.jpg 768w, https:\/\/www.landfrauen-meppen.de\/dalum\/wp-content\/uploads\/sites\/3\/2017\/10\/DSCF1340-200x150.jpg 200w\" sizes=\"auto, (max-width: 690px) 100vw, 690px\" \/><\/a> <a href=\"https:\/\/www.landfrauen-meppen.de\/dalum\/2017\/10\/21\/bilder-eroeffnung-raiffeisen-markt-mit-kaffee-und-kuchen-von-den-landfrauen\/dscf1342\/\" rel=\"attachment wp-att-644\"><img loading=\"lazy\" decoding=\"async\" class=\"aligncenter size-large wp-image-644\" src=\"https:\/\/www.landfrauen-meppen.de\/dalum\/wp-content\/uploads\/sites\/3\/2017\/10\/DSCF1342-1024x768.jpg\" alt=\"\" width=\"690\" height=\"518\" srcset=\"https:\/\/www.landfrauen-meppen.de\/dalum\/wp-content\/uploads\/sites\/3\/2017\/10\/DSCF1342-1024x768.jpg 1024w, https:\/\/www.landfrauen-meppen.de\/dalum\/wp-content\/uploads\/sites\/3\/2017\/10\/DSCF1342-300x225.jpg 300w, https:\/\/www.landfrauen-meppen.de\/dalum\/wp-content\/uploads\/sites\/3\/2017\/10\/DSCF1342-768x576.jpg 768w, https:\/\/www.landfrauen-meppen.de\/dalum\/wp-content\/uploads\/sites\/3\/2017\/10\/DSCF1342-200x150.jpg 200w\" sizes=\"auto, (max-width: 690px) 100vw, 690px\" \/><\/a> <a href=\"https:\/\/www.landfrauen-meppen.de\/dalum\/2017\/10\/21\/bilder-eroeffnung-raiffeisen-markt-mit-kaffee-und-kuchen-von-den-landfrauen\/dscf1343\/\" rel=\"attachment wp-att-645\"><img loading=\"lazy\" decoding=\"async\" class=\"aligncenter size-large wp-image-645\" src=\"https:\/\/www.landfrauen-meppen.de\/dalum\/wp-content\/uploads\/sites\/3\/2017\/10\/DSCF1343-1024x768.jpg\" alt=\"\" width=\"690\" height=\"518\" srcset=\"https:\/\/www.landfrauen-meppen.de\/dalum\/wp-content\/uploads\/sites\/3\/2017\/10\/DSCF1343-1024x768.jpg 1024w, https:\/\/www.landfrauen-meppen.de\/dalum\/wp-content\/uploads\/sites\/3\/2017\/10\/DSCF1343-300x225.jpg 300w, https:\/\/www.landfrauen-meppen.de\/dalum\/wp-content\/uploads\/sites\/3\/2017\/10\/DSCF1343-768x576.jpg 768w, https:\/\/www.landfrauen-meppen.de\/dalum\/wp-content\/uploads\/sites\/3\/2017\/10\/DSCF1343-200x150.jpg 200w\" sizes=\"auto, (max-width: 690px) 100vw, 690px\" \/><\/a> <a href=\"https:\/\/www.landfrauen-meppen.de\/dalum\/2017\/10\/21\/bilder-eroeffnung-raiffeisen-markt-mit-kaffee-und-kuchen-von-den-landfrauen\/dscf1344\/\" rel=\"attachment wp-att-646\"><img loading=\"lazy\" decoding=\"async\" class=\"aligncenter size-large wp-image-646\" src=\"https:\/\/www.landfrauen-meppen.de\/dalum\/wp-content\/uploads\/sites\/3\/2017\/10\/DSCF1344-1024x768.jpg\" alt=\"\" width=\"690\" height=\"518\" srcset=\"https:\/\/www.landfrauen-meppen.de\/dalum\/wp-content\/uploads\/sites\/3\/2017\/10\/DSCF1344-1024x768.jpg 1024w, https:\/\/www.landfrauen-meppen.de\/dalum\/wp-content\/uploads\/sites\/3\/2017\/10\/DSCF1344-300x225.jpg 300w, https:\/\/www.landfrauen-meppen.de\/dalum\/wp-content\/uploads\/sites\/3\/2017\/10\/DSCF1344-768x576.jpg 768w, https:\/\/www.landfrauen-meppen.de\/dalum\/wp-content\/uploads\/sites\/3\/2017\/10\/DSCF1344-200x150.jpg 200w\" sizes=\"auto, (max-width: 690px) 100vw, 690px\" \/><\/a> <a href=\"https:\/\/www.landfrauen-meppen.de\/dalum\/2017\/10\/21\/bilder-eroeffnung-raiffeisen-markt-mit-kaffee-und-kuchen-von-den-landfrauen\/dscf1345\/\" rel=\"attachment wp-att-647\"><img loading=\"lazy\" decoding=\"async\" class=\"aligncenter size-large wp-image-647\" src=\"https:\/\/www.landfrauen-meppen.de\/dalum\/wp-content\/uploads\/sites\/3\/2017\/10\/DSCF1345-1024x768.jpg\" alt=\"\" width=\"690\" height=\"518\" srcset=\"https:\/\/www.landfrauen-meppen.de\/dalum\/wp-content\/uploads\/sites\/3\/2017\/10\/DSCF1345-1024x768.jpg 1024w, https:\/\/www.landfrauen-meppen.de\/dalum\/wp-content\/uploads\/sites\/3\/2017\/10\/DSCF1345-300x225.jpg 300w, https:\/\/www.landfrauen-meppen.de\/dalum\/wp-content\/uploads\/sites\/3\/2017\/10\/DSCF1345-768x576.jpg 768w, https:\/\/www.landfrauen-meppen.de\/dalum\/wp-content\/uploads\/sites\/3\/2017\/10\/DSCF1345-200x150.jpg 200w\" sizes=\"auto, (max-width: 690px) 100vw, 690px\" \/><\/a> <a href=\"https:\/\/www.landfrauen-meppen.de\/dalum\/2017\/10\/21\/bilder-eroeffnung-raiffeisen-markt-mit-kaffee-und-kuchen-von-den-landfrauen\/dscf1346\/\" rel=\"attachment wp-att-648\"><img loading=\"lazy\" decoding=\"async\" class=\"aligncenter size-large wp-image-648\" src=\"https:\/\/www.landfrauen-meppen.de\/dalum\/wp-content\/uploads\/sites\/3\/2017\/10\/DSCF1346-1024x768.jpg\" alt=\"\" width=\"690\" height=\"518\" srcset=\"https:\/\/www.landfrauen-meppen.de\/dalum\/wp-content\/uploads\/sites\/3\/2017\/10\/DSCF1346-1024x768.jpg 1024w, https:\/\/www.landfrauen-meppen.de\/dalum\/wp-content\/uploads\/sites\/3\/2017\/10\/DSCF1346-300x225.jpg 300w, https:\/\/www.landfrauen-meppen.de\/dalum\/wp-content\/uploads\/sites\/3\/2017\/10\/DSCF1346-768x576.jpg 768w, https:\/\/www.landfrauen-meppen.de\/dalum\/wp-content\/uploads\/sites\/3\/2017\/10\/DSCF1346-200x150.jpg 200w\" sizes=\"auto, (max-width: 690px) 100vw, 690px\" \/><\/a> <a href=\"https:\/\/www.landfrauen-meppen.de\/dalum\/2017\/10\/21\/bilder-eroeffnung-raiffeisen-markt-mit-kaffee-und-kuchen-von-den-landfrauen\/dscf1347\/\" rel=\"attachment wp-att-649\"><img loading=\"lazy\" decoding=\"async\" class=\"aligncenter size-large wp-image-649\" src=\"https:\/\/www.landfrauen-meppen.de\/dalum\/wp-content\/uploads\/sites\/3\/2017\/10\/DSCF1347-1024x768.jpg\" alt=\"\" width=\"690\" height=\"518\" srcset=\"https:\/\/www.landfrauen-meppen.de\/dalum\/wp-content\/uploads\/sites\/3\/2017\/10\/DSCF1347-1024x768.jpg 1024w, https:\/\/www.landfrauen-meppen.de\/dalum\/wp-content\/uploads\/sites\/3\/2017\/10\/DSCF1347-300x225.jpg 300w, https:\/\/www.landfrauen-meppen.de\/dalum\/wp-content\/uploads\/sites\/3\/2017\/10\/DSCF1347-768x576.jpg 768w, https:\/\/www.landfrauen-meppen.de\/dalum\/wp-content\/uploads\/sites\/3\/2017\/10\/DSCF1347-200x150.jpg 200w\" sizes=\"auto, (max-width: 690px) 100vw, 690px\" \/><\/a> <a href=\"https:\/\/www.landfrauen-meppen.de\/dalum\/2017\/10\/21\/bilder-eroeffnung-raiffeisen-markt-mit-kaffee-und-kuchen-von-den-landfrauen\/dscf1348\/\" rel=\"attachment wp-att-650\"><img loading=\"lazy\" decoding=\"async\" class=\"aligncenter size-large wp-image-650\" src=\"https:\/\/www.landfrauen-meppen.de\/dalum\/wp-content\/uploads\/sites\/3\/2017\/10\/DSCF1348-1024x768.jpg\" alt=\"\" width=\"690\" height=\"518\" srcset=\"https:\/\/www.landfrauen-meppen.de\/dalum\/wp-content\/uploads\/sites\/3\/2017\/10\/DSCF1348-1024x768.jpg 1024w, https:\/\/www.landfrauen-meppen.de\/dalum\/wp-content\/uploads\/sites\/3\/2017\/10\/DSCF1348-300x225.jpg 300w, https:\/\/www.landfrauen-meppen.de\/dalum\/wp-content\/uploads\/sites\/3\/2017\/10\/DSCF1348-768x576.jpg 768w, https:\/\/www.landfrauen-meppen.de\/dalum\/wp-content\/uploads\/sites\/3\/2017\/10\/DSCF1348-200x150.jpg 200w\" sizes=\"auto, (max-width: 690px) 100vw, 690px\" \/><\/a> <a href=\"https:\/\/www.landfrauen-meppen.de\/dalum\/2017\/10\/21\/bilder-eroeffnung-raiffeisen-markt-mit-kaffee-und-kuchen-von-den-landfrauen\/dscf1349\/\" rel=\"attachment wp-att-651\"><img loading=\"lazy\" decoding=\"async\" class=\"aligncenter size-large wp-image-651\" src=\"https:\/\/www.landfrauen-meppen.de\/dalum\/wp-content\/uploads\/sites\/3\/2017\/10\/DSCF1349-1005x1024.jpg\" alt=\"\" width=\"690\" height=\"703\" srcset=\"https:\/\/www.landfrauen-meppen.de\/dalum\/wp-content\/uploads\/sites\/3\/2017\/10\/DSCF1349-1005x1024.jpg 1005w, https:\/\/www.landfrauen-meppen.de\/dalum\/wp-content\/uploads\/sites\/3\/2017\/10\/DSCF1349-294x300.jpg 294w, https:\/\/www.landfrauen-meppen.de\/dalum\/wp-content\/uploads\/sites\/3\/2017\/10\/DSCF1349-768x783.jpg 768w, https:\/\/www.landfrauen-meppen.de\/dalum\/wp-content\/uploads\/sites\/3\/2017\/10\/DSCF1349-147x150.jpg 147w\" sizes=\"auto, (max-width: 690px) 100vw, 690px\" \/><\/a> <a href=\"https:\/\/www.landfrauen-meppen.de\/dalum\/2017\/10\/21\/bilder-eroeffnung-raiffeisen-markt-mit-kaffee-und-kuchen-von-den-landfrauen\/dscf1350\/\" rel=\"attachment wp-att-652\"><img loading=\"lazy\" decoding=\"async\" class=\"aligncenter size-large wp-image-652\" src=\"https:\/\/www.landfrauen-meppen.de\/dalum\/wp-content\/uploads\/sites\/3\/2017\/10\/DSCF1350-1024x768.jpg\" alt=\"\" width=\"690\" height=\"518\" srcset=\"https:\/\/www.landfrauen-meppen.de\/dalum\/wp-content\/uploads\/sites\/3\/2017\/10\/DSCF1350-1024x768.jpg 1024w, https:\/\/www.landfrauen-meppen.de\/dalum\/wp-content\/uploads\/sites\/3\/2017\/10\/DSCF1350-300x225.jpg 300w, https:\/\/www.landfrauen-meppen.de\/dalum\/wp-content\/uploads\/sites\/3\/2017\/10\/DSCF1350-768x576.jpg 768w, https:\/\/www.landfrauen-meppen.de\/dalum\/wp-content\/uploads\/sites\/3\/2017\/10\/DSCF1350-200x150.jpg 200w\" sizes=\"auto, (max-width: 690px) 100vw, 690px\" \/><\/a> <a href=\"https:\/\/www.landfrauen-meppen.de\/dalum\/2017\/10\/21\/bilder-eroeffnung-raiffeisen-markt-mit-kaffee-und-kuchen-von-den-landfrauen\/dscf1351\/\" rel=\"attachment wp-att-653\"><img loading=\"lazy\" decoding=\"async\" class=\"aligncenter size-large wp-image-653\" src=\"https:\/\/www.landfrauen-meppen.de\/dalum\/wp-content\/uploads\/sites\/3\/2017\/10\/DSCF1351-1024x1024.jpg\" alt=\"\" width=\"690\" height=\"690\" srcset=\"https:\/\/www.landfrauen-meppen.de\/dalum\/wp-content\/uploads\/sites\/3\/2017\/10\/DSCF1351-1024x1024.jpg 1024w, https:\/\/www.landfrauen-meppen.de\/dalum\/wp-content\/uploads\/sites\/3\/2017\/10\/DSCF1351-150x150.jpg 150w, https:\/\/www.landfrauen-meppen.de\/dalum\/wp-content\/uploads\/sites\/3\/2017\/10\/DSCF1351-300x300.jpg 300w, https:\/\/www.landfrauen-meppen.de\/dalum\/wp-content\/uploads\/sites\/3\/2017\/10\/DSCF1351-768x769.jpg 768w\" sizes=\"auto, (max-width: 690px) 100vw, 690px\" \/><\/a> <a href=\"https:\/\/www.landfrauen-meppen.de\/dalum\/2017\/10\/21\/bilder-eroeffnung-raiffeisen-markt-mit-kaffee-und-kuchen-von-den-landfrauen\/dscf1353\/\" rel=\"attachment wp-att-654\"><img loading=\"lazy\" decoding=\"async\" class=\"aligncenter size-large wp-image-654\" src=\"https:\/\/www.landfrauen-meppen.de\/dalum\/wp-content\/uploads\/sites\/3\/2017\/10\/DSCF1353-1024x768.jpg\" alt=\"\" width=\"690\" height=\"518\" srcset=\"https:\/\/www.landfrauen-meppen.de\/dalum\/wp-content\/uploads\/sites\/3\/2017\/10\/DSCF1353-1024x768.jpg 1024w, https:\/\/www.landfrauen-meppen.de\/dalum\/wp-content\/uploads\/sites\/3\/2017\/10\/DSCF1353-300x225.jpg 300w, https:\/\/www.landfrauen-meppen.de\/dalum\/wp-content\/uploads\/sites\/3\/2017\/10\/DSCF1353-768x576.jpg 768w, https:\/\/www.landfrauen-meppen.de\/dalum\/wp-content\/uploads\/sites\/3\/2017\/10\/DSCF1353-200x150.jpg 200w\" sizes=\"auto, (max-width: 690px) 100vw, 690px\" \/><\/a> <a href=\"https:\/\/www.landfrauen-meppen.de\/dalum\/2017\/10\/21\/bilder-eroeffnung-raiffeisen-markt-mit-kaffee-und-kuchen-von-den-landfrauen\/dscf1355\/\" rel=\"attachment wp-att-655\"><img loading=\"lazy\" decoding=\"async\" class=\"aligncenter size-large wp-image-655\" src=\"https:\/\/www.landfrauen-meppen.de\/dalum\/wp-content\/uploads\/sites\/3\/2017\/10\/DSCF1355-1024x768.jpg\" alt=\"\" width=\"690\" height=\"518\" srcset=\"https:\/\/www.landfrauen-meppen.de\/dalum\/wp-content\/uploads\/sites\/3\/2017\/10\/DSCF1355-1024x768.jpg 1024w, https:\/\/www.landfrauen-meppen.de\/dalum\/wp-content\/uploads\/sites\/3\/2017\/10\/DSCF1355-300x225.jpg 300w, https:\/\/www.landfrauen-meppen.de\/dalum\/wp-content\/uploads\/sites\/3\/2017\/10\/DSCF1355-768x576.jpg 768w, https:\/\/www.landfrauen-meppen.de\/dalum\/wp-content\/uploads\/sites\/3\/2017\/10\/DSCF1355-200x150.jpg 200w\" sizes=\"auto, (max-width: 690px) 100vw, 690px\" \/><\/a> <a href=\"https:\/\/www.landfrauen-meppen.de\/dalum\/2017\/10\/21\/bilder-eroeffnung-raiffeisen-markt-mit-kaffee-und-kuchen-von-den-landfrauen\/dscf1356\/\" rel=\"attachment wp-att-656\"><img loading=\"lazy\" decoding=\"async\" class=\"aligncenter size-large wp-image-656\" src=\"https:\/\/www.landfrauen-meppen.de\/dalum\/wp-content\/uploads\/sites\/3\/2017\/10\/DSCF1356-1024x768.jpg\" alt=\"\" width=\"690\" height=\"518\" srcset=\"https:\/\/www.landfrauen-meppen.de\/dalum\/wp-content\/uploads\/sites\/3\/2017\/10\/DSCF1356-1024x768.jpg 1024w, https:\/\/www.landfrauen-meppen.de\/dalum\/wp-content\/uploads\/sites\/3\/2017\/10\/DSCF1356-300x225.jpg 300w, https:\/\/www.landfrauen-meppen.de\/dalum\/wp-content\/uploads\/sites\/3\/2017\/10\/DSCF1356-768x576.jpg 768w, https:\/\/www.landfrauen-meppen.de\/dalum\/wp-content\/uploads\/sites\/3\/2017\/10\/DSCF1356-200x150.jpg 200w\" sizes=\"auto, (max-width: 690px) 100vw, 690px\" \/><\/a> <a href=\"https:\/\/www.landfrauen-meppen.de\/dalum\/wp-content\/uploads\/sites\/3\/2017\/10\/DSCF1357.jpg\"><img loading=\"lazy\" decoding=\"async\" class=\"aligncenter size-large wp-image-657\" src=\"https:\/\/www.landfrauen-meppen.de\/dalum\/wp-content\/uploads\/sites\/3\/2017\/10\/DSCF1357-1024x768.jpg\" alt=\"\" width=\"690\" height=\"518\" srcset=\"https:\/\/www.landfrauen-meppen.de\/dalum\/wp-content\/uploads\/sites\/3\/2017\/10\/DSCF1357-1024x768.jpg 1024w, https:\/\/www.landfrauen-meppen.de\/dalum\/wp-content\/uploads\/sites\/3\/2017\/10\/DSCF1357-300x225.jpg 300w, https:\/\/www.landfrauen-meppen.de\/dalum\/wp-content\/uploads\/sites\/3\/2017\/10\/DSCF1357-768x576.jpg 768w, https:\/\/www.landfrauen-meppen.de\/dalum\/wp-content\/uploads\/sites\/3\/2017\/10\/DSCF1357-200x150.jpg 200w\" sizes=\"auto, (max-width: 690px) 100vw, 690px\" \/><\/a><\/p>\n","protected":false},"excerpt":{"rendered":"<p>Ein gro\u00dfes Dankesch\u00f6n geht an alle die uns unterst\u00fctzt\u00a0haben. Danke f\u00fcr die leckeren Kuchen. Danke f\u00fcr Eure Mithilfe, beim Kuchenverkauf.<\/p>\n","protected":false},"author":3,"featured_media":0,"comment_status":"open","ping_status":"open","sticky":false,"template":"","format":"standard","meta":{"footnotes":""},"categories":[1,3],"tags":[],"class_list":["post-636","post","type-post","status-publish","format-standard","hentry","category-allgemein","category-bilder"],"_links":{"self":[{"href":"https:\/\/www.landfrauen-meppen.de\/dalum\/wp-json\/wp\/v2\/posts\/636","targetHints":{"allow":["GET"]}}],"collection":[{"href":"https:\/\/www.landfrauen-meppen.de\/dalum\/wp-json\/wp\/v2\/posts"}],"about":[{"href":"https:\/\/www.landfrauen-meppen.de\/dalum\/wp-json\/wp\/v2\/types\/post"}],"author":[{"embeddable":true,"href":"https:\/\/www.landfrauen-meppen.de\/dalum\/wp-json\/wp\/v2\/users\/3"}],"replies":[{"embeddable":true,"href":"https:\/\/www.landfrauen-meppen.de\/dalum\/wp-json\/wp\/v2\/comments?post=636"}],"version-history":[{"count":2,"href":"https:\/\/www.landfrauen-meppen.de\/dalum\/wp-json\/wp\/v2\/posts\/636\/revisions"}],"predecessor-version":[{"id":659,"href":"https:\/\/www.landfrauen-meppen.de\/dalum\/wp-json\/wp\/v2\/posts\/636\/revisions\/659"}],"wp:attachment":[{"href":"https:\/\/www.landfrauen-meppen.de\/dalum\/wp-json\/wp\/v2\/media?parent=636"}],"wp:term":[{"taxonomy":"category","embeddable":true,"href":"https:\/\/www.landfrauen-meppen.de\/dalum\/wp-json\/wp\/v2\/categories?post=636"},{"taxonomy":"post_tag","embeddable":true,"href":"https:\/\/www.landfrauen-meppen.de\/dalum\/wp-json\/wp\/v2\/tags?post=636"}],"curies":[{"name":"wp","href":"https:\/\/api.w.org\/{rel}","templated":true}]}}