{"id":587,"date":"2017-08-29T10:06:00","date_gmt":"2017-08-29T08:06:00","guid":{"rendered":"http:\/\/www.landfrauen-meppen.de\/dalum\/?p=587"},"modified":"2018-02-12T14:26:58","modified_gmt":"2018-02-12T13:26:58","slug":"programm-20172018","status":"publish","type":"post","link":"https:\/\/www.landfrauen-meppen.de\/dalum\/2017\/08\/29\/programm-20172018\/","title":{"rendered":"Programm 2017\/2018"},"content":{"rendered":"<p><img loading=\"lazy\" decoding=\"async\" class=\"aligncenter size-full wp-image-83\" src=\"https:\/\/www.landfrauen-meppen.de\/dalum\/wp-content\/uploads\/sites\/3\/2017\/03\/Logo-Bien.png\" alt=\"\" width=\"180\" height=\"180\" srcset=\"https:\/\/www.landfrauen-meppen.de\/dalum\/wp-content\/uploads\/sites\/3\/2017\/03\/Logo-Bien.png 180w, https:\/\/www.landfrauen-meppen.de\/dalum\/wp-content\/uploads\/sites\/3\/2017\/03\/Logo-Bien-150x150.png 150w\" sizes=\"auto, (max-width: 180px) 100vw, 180px\" \/><\/p>\n<h2><strong>Programm 2017\/2018<\/strong><\/h2>\n<table style=\"height: 663px\" border=\"1\" width=\"822\" cellspacing=\"2\" cellpadding=\"0\">\n<tbody>\n<tr>\n<td>Dienstag, 05.09.2017<br \/>\n14:00 Uhr<br \/>\nFahrradtour<\/td>\n<td>Fahrradtour zum LWH nach Lingen mit Kaffee und Kuchen<\/td>\n<\/tr>\n<tr>\n<td>Dienstag, 17.10.2017<br \/>\n19:30 Uhr<br \/>\nSaal Aepken<\/td>\n<td>Generalversammlung<br \/>\nFrau Barbara Kappenberg, Katholische Akademie Stapelfeld<br \/>\nThema: Respektvolles Miteinander- kommunikativ gestalten.<\/td>\n<\/tr>\n<tr>\n<td>Mittwoch, 08.11.2017<br \/>\n16:00 Uhr<br \/>\nMeppen, Hemsen<\/td>\n<td>Goldschmiede Meppen,<br \/>\nSabine Roscher-Jacobi erkl\u00e4rt uns ihre Arbeit<\/td>\n<\/tr>\n<tr>\n<td>Mittwoch, 17.01.2018<br \/>\n19:30 Uhr<br \/>\nHaus Emmaus<\/td>\n<td>K\u00e4sesomeli\u00e8re Frau Nicole Wege verkostet mit uns verschiedene K\u00e4sesorten<\/td>\n<\/tr>\n<tr>\n<td>Dienstag, 20.02.2018<br \/>\n19:30 Uhr<br \/>\nSaal Aepken<\/td>\n<td>Gemeinschaftsveranstaltung<br \/>\nFrau Gerda von Lienen,Buchautorin von \u201e Einfach sch\u00f6n\u201c Erz\u00e4hlt uns \u00fcber Ihre Arbeit und Ihre Deko Ideen<\/td>\n<\/tr>\n<tr>\n<td>Freitag, 16.03.2018<br \/>\n18:00 Uhr<br \/>\nWindhorstgymnasium<\/td>\n<td>\u201eKreisland Frauentag\u201c Es gibt einen Sektempfang, es spielen die Dresdener Salondamen, in der Pause gibt es<br \/>\nFingerfood. Kosten: 20,00 \u20ac Karten gibt es ab Oktober.<\/td>\n<\/tr>\n<tr>\n<td>Dienstag, 29.05.2017<br \/>\n16:00 Uhr<br \/>\nBusbahnhof Dalum<\/td>\n<td>Fahrradtour<br \/>\nKulinarische Rundreise durch Dalum<\/td>\n<\/tr>\n<\/tbody>\n<\/table>\n","protected":false},"excerpt":{"rendered":"<p>Programm 2017\/2018 Dienstag, 05.09.2017 14:00 Uhr Fahrradtour Fahrradtour zum LWH nach Lingen mit Kaffee und Kuchen Dienstag, 17.10.2017 19:30 Uhr Saal Aepken Generalversammlung Frau Barbara Kappenberg, Katholische Akademie Stapelfeld Thema: <a class=\"more-link\" href=\"https:\/\/www.landfrauen-meppen.de\/dalum\/2017\/08\/29\/programm-20172018\/\">weiterlesen&#8230;(hier klicken)<\/a><\/p>\n","protected":false},"author":3,"featured_media":0,"comment_status":"open","ping_status":"open","sticky":false,"template":"","format":"standard","meta":{"footnotes":""},"categories":[1],"tags":[],"class_list":["post-587","post","type-post","status-publish","format-standard","hentry","category-allgemein"],"_links":{"self":[{"href":"https:\/\/www.landfrauen-meppen.de\/dalum\/wp-json\/wp\/v2\/posts\/587","targetHints":{"allow":["GET"]}}],"collection":[{"href":"https:\/\/www.landfrauen-meppen.de\/dalum\/wp-json\/wp\/v2\/posts"}],"about":[{"href":"https:\/\/www.landfrauen-meppen.de\/dalum\/wp-json\/wp\/v2\/types\/post"}],"author":[{"embeddable":true,"href":"https:\/\/www.landfrauen-meppen.de\/dalum\/wp-json\/wp\/v2\/users\/3"}],"replies":[{"embeddable":true,"href":"https:\/\/www.landfrauen-meppen.de\/dalum\/wp-json\/wp\/v2\/comments?post=587"}],"version-history":[{"count":4,"href":"https:\/\/www.landfrauen-meppen.de\/dalum\/wp-json\/wp\/v2\/posts\/587\/revisions"}],"predecessor-version":[{"id":744,"href":"https:\/\/www.landfrauen-meppen.de\/dalum\/wp-json\/wp\/v2\/posts\/587\/revisions\/744"}],"wp:attachment":[{"href":"https:\/\/www.landfrauen-meppen.de\/dalum\/wp-json\/wp\/v2\/media?parent=587"}],"wp:term":[{"taxonomy":"category","embeddable":true,"href":"https:\/\/www.landfrauen-meppen.de\/dalum\/wp-json\/wp\/v2\/categories?post=587"},{"taxonomy":"post_tag","embeddable":true,"href":"https:\/\/www.landfrauen-meppen.de\/dalum\/wp-json\/wp\/v2\/tags?post=587"}],"curies":[{"name":"wp","href":"https:\/\/api.w.org\/{rel}","templated":true}]}}