{"id":4397,"date":"2026-02-23T19:57:46","date_gmt":"2026-02-23T18:57:46","guid":{"rendered":"https:\/\/www.landfrauen-meppen.de\/dalum\/?p=4397"},"modified":"2026-02-23T19:57:46","modified_gmt":"2026-02-23T18:57:46","slug":"dalumer-landfrauen-zwei-tage-mit-dem-rad-on-tour-2026","status":"publish","type":"post","link":"https:\/\/www.landfrauen-meppen.de\/dalum\/2026\/02\/23\/dalumer-landfrauen-zwei-tage-mit-dem-rad-on-tour-2026\/","title":{"rendered":"Dalumer Landfrauen zwei Tage mit dem Rad on Tour 2026"},"content":{"rendered":"<p><strong>\u201eDalumer Landfrauen zwei Tage mit dem Rad on Tour.\u201c<\/strong><\/p>\n<p><strong>Termin:<\/strong><br \/>\n3. und 4. September 2026<\/p>\n<p>Zum f\u00fcnften Mal m\u00f6chten wir mit euch auf unsere gemeinsame Radtour gehen. Auch in diesem Jahr wollen wir wieder zwei sch\u00f6ne Tage miteinander verbringen \u2013 aktiv in der Natur und in geselliger Runde.<\/p>\n<p>Es erwartet euch eine abwechslungsreiche Strecke auf ruhigen und sch\u00f6nen Wegen. Unterwegs gibt es immer wieder kleine Dinge zu entdecken: gepflegte Schutzh\u00fctten, Wasserstellen, sch\u00f6ne G\u00e4rten, alte Geb\u00e4ude und viele Pl\u00e4tze, an denen man einfach einmal kurz verweilen kann. Genau diese kleinen Eindr\u00fccke machen unsere Tour so besonders.<\/p>\n<p>In diesem Jahr f\u00fchrt uns unsere Fahrt nach Dreierwalde in Nordrhein-Westfalen.<\/p>\n<p>Die Strecke betr\u00e4gt sowohl auf dem Hin- als auch auf dem R\u00fcckweg jeweils etwa 60 km.<\/p>\n<p>\u00dcbernachten werden wir im Hotel Sasse in Dreierwalde.<br \/>\nEin Doppelzimmer inklusive Fr\u00fchst\u00fcck kostet 60 \u20ac pro Person.<br \/>\nEin Einzelzimmer inklusive Fr\u00fchst\u00fcck kostet 85 \u20ac pro Person.<br \/>\nEs stehen ausreichend Einzelzimmer zur Verf\u00fcgung.<\/p>\n<p>Auf dem Hinweg legen wir nach etwa 20 Kilometern eine gem\u00fctliche Fr\u00fchst\u00fcckspause ein.<\/p>\n<p>Am Abend lassen wir den Tag in geselliger Runde bei einem gemeinsamen Essen ausklingen. In angenehmer Atmosph\u00e4re wird f\u00fcr jeden Geschmack etwas dabei sein, sodass wir den Tag entspannt zusammen genie\u00dfen k\u00f6nnen.<\/p>\n<p>Auch auf dem R\u00fcckweg ist eine Einkehr vorgesehen.<\/p>\n<p>Da die Teilnehmerzahl begrenzt ist, bitten wir um telefonische Anmeldung bei<br \/>\nMargret Dall (Tel. 05937-8469).<\/p>\n<p><strong>Die Anmeldung ist am 30.03. ab 19:00 Uhr m\u00f6glich.<\/strong><br \/>\nAnmeldungen vor 19:00 Uhr k\u00f6nnen nicht ber\u00fccksichtigt werden.<br \/>\nPro Person kann nur eine weitere Person angemeldet werden.<br \/>\n(Nur f\u00fcr Mitglieder der Dalumer Landfrauen.)<\/p>\n<p>Wir freuen uns auf zwei sch\u00f6ne gemeinsame Tage mit euch!<\/p>\n<p><strong>Euer Vorstand<\/strong><\/p>\n<p><img loading=\"lazy\" decoding=\"async\" class=\"alignnone size-large wp-image-4398\" src=\"https:\/\/www.landfrauen-meppen.de\/dalum\/wp-content\/uploads\/sites\/3\/2026\/02\/WhatsApp-Image-2026-02-23-at-19.34.25-1024x768.jpeg\" alt=\"\" width=\"690\" height=\"518\" srcset=\"https:\/\/www.landfrauen-meppen.de\/dalum\/wp-content\/uploads\/sites\/3\/2026\/02\/WhatsApp-Image-2026-02-23-at-19.34.25-1024x768.jpeg 1024w, https:\/\/www.landfrauen-meppen.de\/dalum\/wp-content\/uploads\/sites\/3\/2026\/02\/WhatsApp-Image-2026-02-23-at-19.34.25-300x225.jpeg 300w, https:\/\/www.landfrauen-meppen.de\/dalum\/wp-content\/uploads\/sites\/3\/2026\/02\/WhatsApp-Image-2026-02-23-at-19.34.25-768x576.jpeg 768w, https:\/\/www.landfrauen-meppen.de\/dalum\/wp-content\/uploads\/sites\/3\/2026\/02\/WhatsApp-Image-2026-02-23-at-19.34.25-1536x1152.jpeg 1536w, https:\/\/www.landfrauen-meppen.de\/dalum\/wp-content\/uploads\/sites\/3\/2026\/02\/WhatsApp-Image-2026-02-23-at-19.34.25-200x150.jpeg 200w, https:\/\/www.landfrauen-meppen.de\/dalum\/wp-content\/uploads\/sites\/3\/2026\/02\/WhatsApp-Image-2026-02-23-at-19.34.25.jpeg 2000w\" sizes=\"auto, (max-width: 690px) 100vw, 690px\" \/><\/p>\n","protected":false},"excerpt":{"rendered":"<p>\u201eDalumer Landfrauen zwei Tage mit dem Rad on Tour.\u201c Termin: 3. und 4. September 2026 Zum f\u00fcnften Mal m\u00f6chten wir mit euch auf unsere gemeinsame Radtour gehen. Auch in diesem <a class=\"more-link\" href=\"https:\/\/www.landfrauen-meppen.de\/dalum\/2026\/02\/23\/dalumer-landfrauen-zwei-tage-mit-dem-rad-on-tour-2026\/\">weiterlesen&#8230;(hier klicken)<\/a><\/p>\n","protected":false},"author":3,"featured_media":4398,"comment_status":"closed","ping_status":"closed","sticky":false,"template":"","format":"standard","meta":{"footnotes":""},"categories":[1],"tags":[],"class_list":["post-4397","post","type-post","status-publish","format-standard","has-post-thumbnail","hentry","category-allgemein"],"_links":{"self":[{"href":"https:\/\/www.landfrauen-meppen.de\/dalum\/wp-json\/wp\/v2\/posts\/4397","targetHints":{"allow":["GET"]}}],"collection":[{"href":"https:\/\/www.landfrauen-meppen.de\/dalum\/wp-json\/wp\/v2\/posts"}],"about":[{"href":"https:\/\/www.landfrauen-meppen.de\/dalum\/wp-json\/wp\/v2\/types\/post"}],"author":[{"embeddable":true,"href":"https:\/\/www.landfrauen-meppen.de\/dalum\/wp-json\/wp\/v2\/users\/3"}],"replies":[{"embeddable":true,"href":"https:\/\/www.landfrauen-meppen.de\/dalum\/wp-json\/wp\/v2\/comments?post=4397"}],"version-history":[{"count":1,"href":"https:\/\/www.landfrauen-meppen.de\/dalum\/wp-json\/wp\/v2\/posts\/4397\/revisions"}],"predecessor-version":[{"id":4399,"href":"https:\/\/www.landfrauen-meppen.de\/dalum\/wp-json\/wp\/v2\/posts\/4397\/revisions\/4399"}],"wp:featuredmedia":[{"embeddable":true,"href":"https:\/\/www.landfrauen-meppen.de\/dalum\/wp-json\/wp\/v2\/media\/4398"}],"wp:attachment":[{"href":"https:\/\/www.landfrauen-meppen.de\/dalum\/wp-json\/wp\/v2\/media?parent=4397"}],"wp:term":[{"taxonomy":"category","embeddable":true,"href":"https:\/\/www.landfrauen-meppen.de\/dalum\/wp-json\/wp\/v2\/categories?post=4397"},{"taxonomy":"post_tag","embeddable":true,"href":"https:\/\/www.landfrauen-meppen.de\/dalum\/wp-json\/wp\/v2\/tags?post=4397"}],"curies":[{"name":"wp","href":"https:\/\/api.w.org\/{rel}","templated":true}]}}