{"id":4302,"date":"2026-01-23T21:08:12","date_gmt":"2026-01-23T20:08:12","guid":{"rendered":"https:\/\/www.landfrauen-meppen.de\/dalum\/?p=4302"},"modified":"2026-01-23T21:08:12","modified_gmt":"2026-01-23T20:08:12","slug":"landfrauen-im-einsatz-auf-dem-weihnachtsmarkt","status":"publish","type":"post","link":"https:\/\/www.landfrauen-meppen.de\/dalum\/2026\/01\/23\/landfrauen-im-einsatz-auf-dem-weihnachtsmarkt\/","title":{"rendered":"Landfrauen im Einsatz auf dem Weihnachtsmarkt!"},"content":{"rendered":"<p>Mit viel Herzblut und ganz viel Handarbeit haben unsere Landfrauen leckere Kuchen gebacken und auf dem Weihnachtsmarkt verkauft.<br data-start=\"197\" data-end=\"200\" \/>Ein herzliches Dankesch\u00f6n an alle flei\u00dfigen B\u00e4ckerinnen und Helferinnen f\u00fcr euren tollen Einsatz! \ud83c\udf84\ud83c\udf70<\/p>\n<p>&nbsp;<\/p>\n<div id='gallery-1' class='gallery galleryid-4302 gallery-columns-1 gallery-size-large'><figure class='gallery-item'>\n\t\t\t<div class='gallery-icon portrait'>\n\t\t\t\t<img loading=\"lazy\" decoding=\"async\" width=\"690\" height=\"920\" src=\"https:\/\/www.landfrauen-meppen.de\/dalum\/wp-content\/uploads\/sites\/3\/2026\/01\/WhatsApp-Image-2026-01-06-at-21.46.51-1-768x1024.jpeg\" class=\"attachment-large size-large\" alt=\"\" srcset=\"https:\/\/www.landfrauen-meppen.de\/dalum\/wp-content\/uploads\/sites\/3\/2026\/01\/WhatsApp-Image-2026-01-06-at-21.46.51-1-768x1024.jpeg 768w, https:\/\/www.landfrauen-meppen.de\/dalum\/wp-content\/uploads\/sites\/3\/2026\/01\/WhatsApp-Image-2026-01-06-at-21.46.51-1-225x300.jpeg 225w, https:\/\/www.landfrauen-meppen.de\/dalum\/wp-content\/uploads\/sites\/3\/2026\/01\/WhatsApp-Image-2026-01-06-at-21.46.51-1-1152x1536.jpeg 1152w, https:\/\/www.landfrauen-meppen.de\/dalum\/wp-content\/uploads\/sites\/3\/2026\/01\/WhatsApp-Image-2026-01-06-at-21.46.51-1-113x150.jpeg 113w, https:\/\/www.landfrauen-meppen.de\/dalum\/wp-content\/uploads\/sites\/3\/2026\/01\/WhatsApp-Image-2026-01-06-at-21.46.51-1.jpeg 1200w\" sizes=\"auto, (max-width: 690px) 100vw, 690px\" \/>\n\t\t\t<\/div><\/figure><figure class='gallery-item'>\n\t\t\t<div class='gallery-icon portrait'>\n\t\t\t\t<img loading=\"lazy\" decoding=\"async\" width=\"690\" height=\"920\" src=\"https:\/\/www.landfrauen-meppen.de\/dalum\/wp-content\/uploads\/sites\/3\/2026\/01\/WhatsApp-Image-2026-01-06-at-21.46.51-2-768x1024.jpeg\" class=\"attachment-large size-large\" alt=\"\" srcset=\"https:\/\/www.landfrauen-meppen.de\/dalum\/wp-content\/uploads\/sites\/3\/2026\/01\/WhatsApp-Image-2026-01-06-at-21.46.51-2-768x1024.jpeg 768w, https:\/\/www.landfrauen-meppen.de\/dalum\/wp-content\/uploads\/sites\/3\/2026\/01\/WhatsApp-Image-2026-01-06-at-21.46.51-2-225x300.jpeg 225w, https:\/\/www.landfrauen-meppen.de\/dalum\/wp-content\/uploads\/sites\/3\/2026\/01\/WhatsApp-Image-2026-01-06-at-21.46.51-2-1152x1536.jpeg 1152w, https:\/\/www.landfrauen-meppen.de\/dalum\/wp-content\/uploads\/sites\/3\/2026\/01\/WhatsApp-Image-2026-01-06-at-21.46.51-2-113x150.jpeg 113w, https:\/\/www.landfrauen-meppen.de\/dalum\/wp-content\/uploads\/sites\/3\/2026\/01\/WhatsApp-Image-2026-01-06-at-21.46.51-2.jpeg 1200w\" sizes=\"auto, (max-width: 690px) 100vw, 690px\" \/>\n\t\t\t<\/div><\/figure><figure class='gallery-item'>\n\t\t\t<div class='gallery-icon portrait'>\n\t\t\t\t<img loading=\"lazy\" decoding=\"async\" width=\"690\" height=\"920\" src=\"https:\/\/www.landfrauen-meppen.de\/dalum\/wp-content\/uploads\/sites\/3\/2026\/01\/WhatsApp-Image-2026-01-06-at-21.46.52-768x1024.jpeg\" class=\"attachment-large size-large\" alt=\"\" srcset=\"https:\/\/www.landfrauen-meppen.de\/dalum\/wp-content\/uploads\/sites\/3\/2026\/01\/WhatsApp-Image-2026-01-06-at-21.46.52-768x1024.jpeg 768w, https:\/\/www.landfrauen-meppen.de\/dalum\/wp-content\/uploads\/sites\/3\/2026\/01\/WhatsApp-Image-2026-01-06-at-21.46.52-225x300.jpeg 225w, https:\/\/www.landfrauen-meppen.de\/dalum\/wp-content\/uploads\/sites\/3\/2026\/01\/WhatsApp-Image-2026-01-06-at-21.46.52-1152x1536.jpeg 1152w, https:\/\/www.landfrauen-meppen.de\/dalum\/wp-content\/uploads\/sites\/3\/2026\/01\/WhatsApp-Image-2026-01-06-at-21.46.52-113x150.jpeg 113w, https:\/\/www.landfrauen-meppen.de\/dalum\/wp-content\/uploads\/sites\/3\/2026\/01\/WhatsApp-Image-2026-01-06-at-21.46.52.jpeg 1200w\" sizes=\"auto, (max-width: 690px) 100vw, 690px\" \/>\n\t\t\t<\/div><\/figure><figure class='gallery-item'>\n\t\t\t<div class='gallery-icon portrait'>\n\t\t\t\t<img loading=\"lazy\" decoding=\"async\" width=\"690\" height=\"920\" src=\"https:\/\/www.landfrauen-meppen.de\/dalum\/wp-content\/uploads\/sites\/3\/2026\/01\/WhatsApp-Image-2026-01-06-at-21.46.52-1-768x1024.jpeg\" class=\"attachment-large size-large\" alt=\"\" srcset=\"https:\/\/www.landfrauen-meppen.de\/dalum\/wp-content\/uploads\/sites\/3\/2026\/01\/WhatsApp-Image-2026-01-06-at-21.46.52-1-768x1024.jpeg 768w, https:\/\/www.landfrauen-meppen.de\/dalum\/wp-content\/uploads\/sites\/3\/2026\/01\/WhatsApp-Image-2026-01-06-at-21.46.52-1-225x300.jpeg 225w, https:\/\/www.landfrauen-meppen.de\/dalum\/wp-content\/uploads\/sites\/3\/2026\/01\/WhatsApp-Image-2026-01-06-at-21.46.52-1-1152x1536.jpeg 1152w, https:\/\/www.landfrauen-meppen.de\/dalum\/wp-content\/uploads\/sites\/3\/2026\/01\/WhatsApp-Image-2026-01-06-at-21.46.52-1-113x150.jpeg 113w, https:\/\/www.landfrauen-meppen.de\/dalum\/wp-content\/uploads\/sites\/3\/2026\/01\/WhatsApp-Image-2026-01-06-at-21.46.52-1.jpeg 1200w\" sizes=\"auto, (max-width: 690px) 100vw, 690px\" \/>\n\t\t\t<\/div><\/figure><figure class='gallery-item'>\n\t\t\t<div class='gallery-icon landscape'>\n\t\t\t\t<img loading=\"lazy\" decoding=\"async\" width=\"690\" height=\"518\" src=\"https:\/\/www.landfrauen-meppen.de\/dalum\/wp-content\/uploads\/sites\/3\/2026\/01\/WhatsApp-Image-2026-01-06-at-21.46.51-1024x768.jpeg\" class=\"attachment-large size-large\" alt=\"\" srcset=\"https:\/\/www.landfrauen-meppen.de\/dalum\/wp-content\/uploads\/sites\/3\/2026\/01\/WhatsApp-Image-2026-01-06-at-21.46.51-1024x768.jpeg 1024w, https:\/\/www.landfrauen-meppen.de\/dalum\/wp-content\/uploads\/sites\/3\/2026\/01\/WhatsApp-Image-2026-01-06-at-21.46.51-300x225.jpeg 300w, https:\/\/www.landfrauen-meppen.de\/dalum\/wp-content\/uploads\/sites\/3\/2026\/01\/WhatsApp-Image-2026-01-06-at-21.46.51-768x576.jpeg 768w, https:\/\/www.landfrauen-meppen.de\/dalum\/wp-content\/uploads\/sites\/3\/2026\/01\/WhatsApp-Image-2026-01-06-at-21.46.51-1536x1152.jpeg 1536w, https:\/\/www.landfrauen-meppen.de\/dalum\/wp-content\/uploads\/sites\/3\/2026\/01\/WhatsApp-Image-2026-01-06-at-21.46.51-200x150.jpeg 200w, https:\/\/www.landfrauen-meppen.de\/dalum\/wp-content\/uploads\/sites\/3\/2026\/01\/WhatsApp-Image-2026-01-06-at-21.46.51.jpeg 1600w\" sizes=\"auto, (max-width: 690px) 100vw, 690px\" \/>\n\t\t\t<\/div><\/figure><figure class='gallery-item'>\n\t\t\t<div class='gallery-icon portrait'>\n\t\t\t\t<img loading=\"lazy\" decoding=\"async\" width=\"690\" height=\"920\" src=\"https:\/\/www.landfrauen-meppen.de\/dalum\/wp-content\/uploads\/sites\/3\/2026\/01\/WhatsApp-Image-2026-01-06-at-21.46.54-768x1024.jpeg\" class=\"attachment-large size-large\" alt=\"\" srcset=\"https:\/\/www.landfrauen-meppen.de\/dalum\/wp-content\/uploads\/sites\/3\/2026\/01\/WhatsApp-Image-2026-01-06-at-21.46.54-768x1024.jpeg 768w, https:\/\/www.landfrauen-meppen.de\/dalum\/wp-content\/uploads\/sites\/3\/2026\/01\/WhatsApp-Image-2026-01-06-at-21.46.54-225x300.jpeg 225w, https:\/\/www.landfrauen-meppen.de\/dalum\/wp-content\/uploads\/sites\/3\/2026\/01\/WhatsApp-Image-2026-01-06-at-21.46.54-1152x1536.jpeg 1152w, https:\/\/www.landfrauen-meppen.de\/dalum\/wp-content\/uploads\/sites\/3\/2026\/01\/WhatsApp-Image-2026-01-06-at-21.46.54-113x150.jpeg 113w, https:\/\/www.landfrauen-meppen.de\/dalum\/wp-content\/uploads\/sites\/3\/2026\/01\/WhatsApp-Image-2026-01-06-at-21.46.54.jpeg 1200w\" sizes=\"auto, (max-width: 690px) 100vw, 690px\" \/>\n\t\t\t<\/div><\/figure><figure class='gallery-item'>\n\t\t\t<div class='gallery-icon portrait'>\n\t\t\t\t<img loading=\"lazy\" decoding=\"async\" width=\"690\" height=\"920\" src=\"https:\/\/www.landfrauen-meppen.de\/dalum\/wp-content\/uploads\/sites\/3\/2026\/01\/WhatsApp-Image-2026-01-06-at-21.46.53-1-768x1024.jpeg\" class=\"attachment-large size-large\" alt=\"\" srcset=\"https:\/\/www.landfrauen-meppen.de\/dalum\/wp-content\/uploads\/sites\/3\/2026\/01\/WhatsApp-Image-2026-01-06-at-21.46.53-1-768x1024.jpeg 768w, https:\/\/www.landfrauen-meppen.de\/dalum\/wp-content\/uploads\/sites\/3\/2026\/01\/WhatsApp-Image-2026-01-06-at-21.46.53-1-225x300.jpeg 225w, https:\/\/www.landfrauen-meppen.de\/dalum\/wp-content\/uploads\/sites\/3\/2026\/01\/WhatsApp-Image-2026-01-06-at-21.46.53-1-1152x1536.jpeg 1152w, https:\/\/www.landfrauen-meppen.de\/dalum\/wp-content\/uploads\/sites\/3\/2026\/01\/WhatsApp-Image-2026-01-06-at-21.46.53-1-113x150.jpeg 113w, https:\/\/www.landfrauen-meppen.de\/dalum\/wp-content\/uploads\/sites\/3\/2026\/01\/WhatsApp-Image-2026-01-06-at-21.46.53-1.jpeg 1200w\" sizes=\"auto, (max-width: 690px) 100vw, 690px\" \/>\n\t\t\t<\/div><\/figure><figure class='gallery-item'>\n\t\t\t<div class='gallery-icon portrait'>\n\t\t\t\t<img loading=\"lazy\" decoding=\"async\" width=\"690\" height=\"920\" src=\"https:\/\/www.landfrauen-meppen.de\/dalum\/wp-content\/uploads\/sites\/3\/2026\/01\/WhatsApp-Image-2026-01-06-at-21.46.53-768x1024.jpeg\" class=\"attachment-large size-large\" alt=\"\" srcset=\"https:\/\/www.landfrauen-meppen.de\/dalum\/wp-content\/uploads\/sites\/3\/2026\/01\/WhatsApp-Image-2026-01-06-at-21.46.53-768x1024.jpeg 768w, https:\/\/www.landfrauen-meppen.de\/dalum\/wp-content\/uploads\/sites\/3\/2026\/01\/WhatsApp-Image-2026-01-06-at-21.46.53-225x300.jpeg 225w, https:\/\/www.landfrauen-meppen.de\/dalum\/wp-content\/uploads\/sites\/3\/2026\/01\/WhatsApp-Image-2026-01-06-at-21.46.53-1152x1536.jpeg 1152w, https:\/\/www.landfrauen-meppen.de\/dalum\/wp-content\/uploads\/sites\/3\/2026\/01\/WhatsApp-Image-2026-01-06-at-21.46.53-113x150.jpeg 113w, https:\/\/www.landfrauen-meppen.de\/dalum\/wp-content\/uploads\/sites\/3\/2026\/01\/WhatsApp-Image-2026-01-06-at-21.46.53.jpeg 1200w\" sizes=\"auto, (max-width: 690px) 100vw, 690px\" \/>\n\t\t\t<\/div><\/figure>\n\t\t<\/div>\n\n","protected":false},"excerpt":{"rendered":"<p>Mit viel Herzblut und ganz viel Handarbeit haben unsere Landfrauen leckere Kuchen gebacken und auf dem Weihnachtsmarkt verkauft.Ein herzliches Dankesch\u00f6n an alle flei\u00dfigen B\u00e4ckerinnen und Helferinnen f\u00fcr euren tollen Einsatz! <a class=\"more-link\" href=\"https:\/\/www.landfrauen-meppen.de\/dalum\/2026\/01\/23\/landfrauen-im-einsatz-auf-dem-weihnachtsmarkt\/\">weiterlesen&#8230;(hier klicken)<\/a><\/p>\n","protected":false},"author":3,"featured_media":4306,"comment_status":"closed","ping_status":"closed","sticky":false,"template":"","format":"standard","meta":{"footnotes":""},"categories":[1],"tags":[],"class_list":["post-4302","post","type-post","status-publish","format-standard","has-post-thumbnail","hentry","category-allgemein"],"_links":{"self":[{"href":"https:\/\/www.landfrauen-meppen.de\/dalum\/wp-json\/wp\/v2\/posts\/4302","targetHints":{"allow":["GET"]}}],"collection":[{"href":"https:\/\/www.landfrauen-meppen.de\/dalum\/wp-json\/wp\/v2\/posts"}],"about":[{"href":"https:\/\/www.landfrauen-meppen.de\/dalum\/wp-json\/wp\/v2\/types\/post"}],"author":[{"embeddable":true,"href":"https:\/\/www.landfrauen-meppen.de\/dalum\/wp-json\/wp\/v2\/users\/3"}],"replies":[{"embeddable":true,"href":"https:\/\/www.landfrauen-meppen.de\/dalum\/wp-json\/wp\/v2\/comments?post=4302"}],"version-history":[{"count":1,"href":"https:\/\/www.landfrauen-meppen.de\/dalum\/wp-json\/wp\/v2\/posts\/4302\/revisions"}],"predecessor-version":[{"id":4311,"href":"https:\/\/www.landfrauen-meppen.de\/dalum\/wp-json\/wp\/v2\/posts\/4302\/revisions\/4311"}],"wp:featuredmedia":[{"embeddable":true,"href":"https:\/\/www.landfrauen-meppen.de\/dalum\/wp-json\/wp\/v2\/media\/4306"}],"wp:attachment":[{"href":"https:\/\/www.landfrauen-meppen.de\/dalum\/wp-json\/wp\/v2\/media?parent=4302"}],"wp:term":[{"taxonomy":"category","embeddable":true,"href":"https:\/\/www.landfrauen-meppen.de\/dalum\/wp-json\/wp\/v2\/categories?post=4302"},{"taxonomy":"post_tag","embeddable":true,"href":"https:\/\/www.landfrauen-meppen.de\/dalum\/wp-json\/wp\/v2\/tags?post=4302"}],"curies":[{"name":"wp","href":"https:\/\/api.w.org\/{rel}","templated":true}]}}