{"id":4242,"date":"2025-11-04T19:16:48","date_gmt":"2025-11-04T18:16:48","guid":{"rendered":"https:\/\/www.landfrauen-meppen.de\/dalum\/?p=4242"},"modified":"2025-11-04T19:16:48","modified_gmt":"2025-11-04T18:16:48","slug":"einladung-kiona-bekannt-aus-der-kult-fernsehserie-verrueckt-nach-meer-praesentiert-weihnachten-rund-um-den-globus","status":"publish","type":"post","link":"https:\/\/www.landfrauen-meppen.de\/dalum\/2025\/11\/04\/einladung-kiona-bekannt-aus-der-kult-fernsehserie-verrueckt-nach-meer-praesentiert-weihnachten-rund-um-den-globus\/","title":{"rendered":"Einladung Kiona \u2013 bekannt aus der Kult-Fernsehserie Verr\u00fcckt nach Meer \u2013 pr\u00e4sentiert: Weihnachten rund um den Globus"},"content":{"rendered":"<p><strong>Kiona \u2013 bekannt aus der Kult-Fernsehserie Verr\u00fcckt<\/strong><em><strong> nach Meer<\/strong><\/em><strong> \u2013 pr\u00e4sentiert:<\/strong><\/p>\n<p><em><strong>Weihnachten rund um den Globus<\/strong><\/em><\/p>\n<p>Termin: \u00a0\u00a0\u00a0\u00a0 26.11.25<\/p>\n<p>Uhrzeit:\u00a0\u00a0\u00a0\u00a0\u00a0 19:00 Uhr<\/p>\n<p>Ort: \u00a0 \u00a0\u00a0\u00a0\u00a0\u00a0\u00a0\u00a0\u00a0 Gastst\u00e4tte Aepken Dalum<\/p>\n<p>Kosten:\u00a0\u00a0\u00a0\u00a0\u00a0 F\u00fcr Essen und Getr\u00e4nke<\/p>\n<p>Liebe Landfrauen,<\/p>\n<p>in vorweihnachtlicher Atmosph\u00e4re laden wir euch ganz herzlich zu unserer diesj\u00e4hrigen Gemeinschaftsveranstaltung ein. Freut euch auf einen unterhaltsamen Abend mit Kiona, die uns mitnimmt auf eine weihnachtliche Reise rund um die Welt.Humorvoll und lebendig erz\u00e4hlt Kiona von Weihnachtsbr\u00e4uchen aus aller Welt und vom Fest an Bord eines Schiffes. Sie zeigt eindrucksvolle Fotos, berichtet von pers\u00f6nlichen Erlebnissen auf See und an Land, und gemeinsam singen wir bekannte Weihnachtslieder.<\/p>\n<p>Ein vielseitiges, warmherziges Programm f\u00fcr Jung und Alt, das Vorfreude auf eine sch\u00f6ne und stimmungsvolle Adventszeit weckt.<\/p>\n<p data-start=\"742\" data-end=\"887\">Und das Sch\u00f6nste: Jede, die ein weihnachtliches Gedicht, Lied, einen Witz oder einen Sketch vortr\u00e4gt, bekommt als Dankesch\u00f6n ein kleines Pr\u00e4sent!<\/p>\n<p>Wir bitten um Anmeldung bis sp\u00e4testens 21.November 2025 bei den Vertrauensfrauen oder per E-Mail an LandfrauenvereinDalum@web.de<\/p>\n<p>Wir freuen uns auf einen gem\u00fctlichen, fr\u00f6hlichen Abend mit euch!<\/p>\n<p>Euer Landfrauen-Team Dalum<\/p>\n","protected":false},"excerpt":{"rendered":"<p>Kiona \u2013 bekannt aus der Kult-Fernsehserie Verr\u00fcckt nach Meer \u2013 pr\u00e4sentiert: Weihnachten rund um den Globus Termin: \u00a0\u00a0\u00a0\u00a0 26.11.25 Uhrzeit:\u00a0\u00a0\u00a0\u00a0\u00a0 19:00 Uhr Ort: \u00a0 \u00a0\u00a0\u00a0\u00a0\u00a0\u00a0\u00a0\u00a0 Gastst\u00e4tte Aepken Dalum Kosten:\u00a0\u00a0\u00a0\u00a0\u00a0 F\u00fcr <a class=\"more-link\" href=\"https:\/\/www.landfrauen-meppen.de\/dalum\/2025\/11\/04\/einladung-kiona-bekannt-aus-der-kult-fernsehserie-verrueckt-nach-meer-praesentiert-weihnachten-rund-um-den-globus\/\">weiterlesen&#8230;(hier klicken)<\/a><\/p>\n","protected":false},"author":3,"featured_media":3469,"comment_status":"closed","ping_status":"closed","sticky":false,"template":"","format":"standard","meta":{"footnotes":""},"categories":[1],"tags":[],"class_list":["post-4242","post","type-post","status-publish","format-standard","has-post-thumbnail","hentry","category-allgemein"],"_links":{"self":[{"href":"https:\/\/www.landfrauen-meppen.de\/dalum\/wp-json\/wp\/v2\/posts\/4242","targetHints":{"allow":["GET"]}}],"collection":[{"href":"https:\/\/www.landfrauen-meppen.de\/dalum\/wp-json\/wp\/v2\/posts"}],"about":[{"href":"https:\/\/www.landfrauen-meppen.de\/dalum\/wp-json\/wp\/v2\/types\/post"}],"author":[{"embeddable":true,"href":"https:\/\/www.landfrauen-meppen.de\/dalum\/wp-json\/wp\/v2\/users\/3"}],"replies":[{"embeddable":true,"href":"https:\/\/www.landfrauen-meppen.de\/dalum\/wp-json\/wp\/v2\/comments?post=4242"}],"version-history":[{"count":2,"href":"https:\/\/www.landfrauen-meppen.de\/dalum\/wp-json\/wp\/v2\/posts\/4242\/revisions"}],"predecessor-version":[{"id":4244,"href":"https:\/\/www.landfrauen-meppen.de\/dalum\/wp-json\/wp\/v2\/posts\/4242\/revisions\/4244"}],"wp:featuredmedia":[{"embeddable":true,"href":"https:\/\/www.landfrauen-meppen.de\/dalum\/wp-json\/wp\/v2\/media\/3469"}],"wp:attachment":[{"href":"https:\/\/www.landfrauen-meppen.de\/dalum\/wp-json\/wp\/v2\/media?parent=4242"}],"wp:term":[{"taxonomy":"category","embeddable":true,"href":"https:\/\/www.landfrauen-meppen.de\/dalum\/wp-json\/wp\/v2\/categories?post=4242"},{"taxonomy":"post_tag","embeddable":true,"href":"https:\/\/www.landfrauen-meppen.de\/dalum\/wp-json\/wp\/v2\/tags?post=4242"}],"curies":[{"name":"wp","href":"https:\/\/api.w.org\/{rel}","templated":true}]}}