{"id":4218,"date":"2025-10-15T11:34:19","date_gmt":"2025-10-15T09:34:19","guid":{"rendered":"https:\/\/www.landfrauen-meppen.de\/dalum\/?p=4218"},"modified":"2025-10-15T11:35:55","modified_gmt":"2025-10-15T09:35:55","slug":"einladung-zur-generalversammlung-mit-vortrag-erben-vererben","status":"publish","type":"post","link":"https:\/\/www.landfrauen-meppen.de\/dalum\/2025\/10\/15\/einladung-zur-generalversammlung-mit-vortrag-erben-vererben\/","title":{"rendered":"Einladung zur Generalversammlung mit Vortrag \u201eErben &amp; Vererben\u201c"},"content":{"rendered":"<p>Einladung zur Generalversammlung mit Vortrag \u201eErben &amp; Vererben\u201c<\/p>\n<p>Termin: \u00a0\u00a0\u00a0\u00a0 28.10.25<\/p>\n<p>Uhrzeit:\u00a0\u00a0\u00a0\u00a0\u00a0 19:00 Uhr<\/p>\n<p>Ort: \u00a0 \u00a0\u00a0\u00a0\u00a0\u00a0\u00a0\u00a0\u00a0 Haus Emmaus<\/p>\n<p>Kosten:\u00a0\u00a0\u00a0\u00a0\u00a0 F\u00fcr eine Kleinigkeit zu Essen und Getr\u00e4nke<\/p>\n<p>Liebe Landfrauen,<\/p>\n<p>Im Anschluss an die Versammlung erwartet uns ein interessanter Vortrag:<br data-start=\"609\" data-end=\"612\" \/><strong data-start=\"612\" data-end=\"658\">\u201eErben &amp; Vererben \u2013 rechtzeitig vorsorgen\u201c<\/strong><br data-start=\"658\" data-end=\"661\" \/>Frau <strong data-start=\"666\" data-end=\"680\">Werdermann<\/strong> vom <strong data-start=\"685\" data-end=\"702\">VEL<\/strong> <strong>Neuenhaus<\/strong> erkl\u00e4rt praxisnah, worauf es ankommt, und gibt wertvolle Tipps rund um Vorsorge und Nachlass.<\/p>\n<p data-start=\"800\" data-end=\"1160\">Das Thema betrifft uns alle \u2013 egal in welchem Alter. Oft schiebt man solche Dinge gerne auf, doch rechtzeitige Planung kann viel Sicherheit geben und Angeh\u00f6rige entlasten. Deshalb freuen wir uns besonders \u00fcber viele Besucherinnen, die sich informieren m\u00f6chten. Gemeinsam k\u00f6nnen wir mehr Klarheit gewinnen und wichtige Fragen rechtzeitig angehen.<\/p>\n<p data-start=\"1162\" data-end=\"1306\">Lasst uns diesen Abend nutzen, um Neues zu erfahren, miteinander ins Gespr\u00e4ch zu kommen und einen sch\u00f6nen Abend in netter Runde zu verbringen.<\/p>\n<p>Wir bitten um Anmeldung bis sp\u00e4testens 25.Oktober 2025 bei den Vertrauensfrauen oder per E-Mail an LandfrauenvereinDalum@web.de<\/p>\n<p>Wir freuen uns auf einen informativen und gem\u00fctlichen Abend mit euch!<\/p>\n<p data-start=\"1381\" data-end=\"1419\">Euer Vorstand der <strong data-start=\"1399\" data-end=\"1419\">LandFrauen <\/strong><strong>Dalum<\/strong><\/p>\n<p data-start=\"1381\" data-end=\"1419\"><img loading=\"lazy\" decoding=\"async\" class=\"alignnone size-large wp-image-4219\" src=\"https:\/\/www.landfrauen-meppen.de\/dalum\/wp-content\/uploads\/sites\/3\/2025\/10\/\u201eErben-Vererben-819x1024.png\" alt=\"\" width=\"690\" height=\"863\" srcset=\"https:\/\/www.landfrauen-meppen.de\/dalum\/wp-content\/uploads\/sites\/3\/2025\/10\/\u201eErben-Vererben-819x1024.png 819w, https:\/\/www.landfrauen-meppen.de\/dalum\/wp-content\/uploads\/sites\/3\/2025\/10\/\u201eErben-Vererben-240x300.png 240w, https:\/\/www.landfrauen-meppen.de\/dalum\/wp-content\/uploads\/sites\/3\/2025\/10\/\u201eErben-Vererben-768x960.png 768w, https:\/\/www.landfrauen-meppen.de\/dalum\/wp-content\/uploads\/sites\/3\/2025\/10\/\u201eErben-Vererben-120x150.png 120w, https:\/\/www.landfrauen-meppen.de\/dalum\/wp-content\/uploads\/sites\/3\/2025\/10\/\u201eErben-Vererben.png 1080w\" sizes=\"auto, (max-width: 690px) 100vw, 690px\" \/><\/p>\n","protected":false},"excerpt":{"rendered":"<p>Einladung zur Generalversammlung mit Vortrag \u201eErben &amp; Vererben\u201c Termin: \u00a0\u00a0\u00a0\u00a0 28.10.25 Uhrzeit:\u00a0\u00a0\u00a0\u00a0\u00a0 19:00 Uhr Ort: \u00a0 \u00a0\u00a0\u00a0\u00a0\u00a0\u00a0\u00a0\u00a0 Haus Emmaus Kosten:\u00a0\u00a0\u00a0\u00a0\u00a0 F\u00fcr eine Kleinigkeit zu Essen und Getr\u00e4nke Liebe Landfrauen, Im <a class=\"more-link\" href=\"https:\/\/www.landfrauen-meppen.de\/dalum\/2025\/10\/15\/einladung-zur-generalversammlung-mit-vortrag-erben-vererben\/\">weiterlesen&#8230;(hier klicken)<\/a><\/p>\n","protected":false},"author":3,"featured_media":4194,"comment_status":"closed","ping_status":"closed","sticky":false,"template":"","format":"standard","meta":{"footnotes":""},"categories":[1],"tags":[],"class_list":["post-4218","post","type-post","status-publish","format-standard","has-post-thumbnail","hentry","category-allgemein"],"_links":{"self":[{"href":"https:\/\/www.landfrauen-meppen.de\/dalum\/wp-json\/wp\/v2\/posts\/4218","targetHints":{"allow":["GET"]}}],"collection":[{"href":"https:\/\/www.landfrauen-meppen.de\/dalum\/wp-json\/wp\/v2\/posts"}],"about":[{"href":"https:\/\/www.landfrauen-meppen.de\/dalum\/wp-json\/wp\/v2\/types\/post"}],"author":[{"embeddable":true,"href":"https:\/\/www.landfrauen-meppen.de\/dalum\/wp-json\/wp\/v2\/users\/3"}],"replies":[{"embeddable":true,"href":"https:\/\/www.landfrauen-meppen.de\/dalum\/wp-json\/wp\/v2\/comments?post=4218"}],"version-history":[{"count":1,"href":"https:\/\/www.landfrauen-meppen.de\/dalum\/wp-json\/wp\/v2\/posts\/4218\/revisions"}],"predecessor-version":[{"id":4220,"href":"https:\/\/www.landfrauen-meppen.de\/dalum\/wp-json\/wp\/v2\/posts\/4218\/revisions\/4220"}],"wp:featuredmedia":[{"embeddable":true,"href":"https:\/\/www.landfrauen-meppen.de\/dalum\/wp-json\/wp\/v2\/media\/4194"}],"wp:attachment":[{"href":"https:\/\/www.landfrauen-meppen.de\/dalum\/wp-json\/wp\/v2\/media?parent=4218"}],"wp:term":[{"taxonomy":"category","embeddable":true,"href":"https:\/\/www.landfrauen-meppen.de\/dalum\/wp-json\/wp\/v2\/categories?post=4218"},{"taxonomy":"post_tag","embeddable":true,"href":"https:\/\/www.landfrauen-meppen.de\/dalum\/wp-json\/wp\/v2\/tags?post=4218"}],"curies":[{"name":"wp","href":"https:\/\/api.w.org\/{rel}","templated":true}]}}