{"id":3992,"date":"2025-09-01T14:50:14","date_gmt":"2025-09-01T12:50:14","guid":{"rendered":"https:\/\/www.landfrauen-meppen.de\/dalum\/?p=3992"},"modified":"2025-09-01T15:17:28","modified_gmt":"2025-09-01T13:17:28","slug":"rueckblick-sommerfest-tag-der-offenen-tuer","status":"publish","type":"post","link":"https:\/\/www.landfrauen-meppen.de\/dalum\/2025\/09\/01\/rueckblick-sommerfest-tag-der-offenen-tuer\/","title":{"rendered":"\u00a0R\u00fcckblick: Sommerfest &amp; Tag der offenen T\u00fcr\u00a0"},"content":{"rendered":"<div class=\"\" data-block=\"true\" data-editor=\"73bhe\" data-offset-key=\"1brdn-0-0\">\n<div class=\"_1mf _1mj\" data-offset-key=\"1brdn-0-0\">\n<div class=\"\" data-block=\"true\" data-editor=\"73bhe\" data-offset-key=\"ehtl0-0-0\">\n<div class=\"_1mf _1mj\" data-offset-key=\"ehtl0-0-0\"><span data-offset-key=\"ehtl0-0-0\">Die Landfrauen Dalum haben mit gro\u00dfer Freude am Sommerfest &amp; Tag der offenen T\u00fcr teilgenommen. \ud83d\udc9a<\/span><\/div>\n<\/div>\n<div class=\"\" data-block=\"true\" data-editor=\"73bhe\" data-offset-key=\"5sr3f-0-0\">\n<div class=\"_1mf _1mj\" data-offset-key=\"5sr3f-0-0\"><span data-offset-key=\"5sr3f-0-0\">\u00a0<\/span><\/div>\n<\/div>\n<div class=\"\" data-block=\"true\" data-editor=\"73bhe\" data-offset-key=\"75drn-0-0\">\n<div class=\"_1mf _1mj\" data-offset-key=\"75drn-0-0\"><span data-offset-key=\"75drn-0-0\">Das bunte Kuchenbuffet war ein voller Erfolg \u2013 liebevoll gebacken, vielf\u00e4ltig und mit ganz viel Herz serviert. Von fruchtigen Torten bis hin zu klassischen Kuchen war f\u00fcr jeden Geschmack etwas dabei, und viele G\u00e4ste nutzten die Gelegenheit, ein St\u00fcck zu probieren und in geselliger Runde zu genie\u00dfen. \ud83c\udf70\u2615<\/span><\/div>\n<\/div>\n<div class=\"\" data-block=\"true\" data-editor=\"73bhe\" data-offset-key=\"dtaj8-0-0\">\n<div class=\"_1mf _1mj\" data-offset-key=\"dtaj8-0-0\"><span data-offset-key=\"dtaj8-0-0\">\u00a0<\/span><\/div>\n<\/div>\n<div class=\"\" data-block=\"true\" data-editor=\"73bhe\" data-offset-key=\"8glt5-0-0\">\n<div class=\"_1mf _1mj\" data-offset-key=\"8glt5-0-0\"><span data-offset-key=\"8glt5-0-0\">Wir bedanken uns herzlich bei allen, die vorbeigeschaut haben, und nat\u00fcrlich bei unseren flei\u00dfigen B\u00e4ckerinnen, ohne die ein so reichhaltiges Buffet nicht m\u00f6glich gewesen w\u00e4re. \ud83d\udc90<\/span><\/div>\n<\/div>\n<div id='gallery-1' class='gallery galleryid-3992 gallery-columns-1 gallery-size-large'><figure class='gallery-item'>\n\t\t\t<div class='gallery-icon portrait'>\n\t\t\t\t<img loading=\"lazy\" decoding=\"async\" width=\"690\" height=\"920\" src=\"https:\/\/www.landfrauen-meppen.de\/dalum\/wp-content\/uploads\/sites\/3\/2025\/09\/WhatsApp-Image-2025-09-01-at-13.07.14-768x1024.jpeg\" class=\"attachment-large size-large\" alt=\"\" srcset=\"https:\/\/www.landfrauen-meppen.de\/dalum\/wp-content\/uploads\/sites\/3\/2025\/09\/WhatsApp-Image-2025-09-01-at-13.07.14-768x1024.jpeg 768w, https:\/\/www.landfrauen-meppen.de\/dalum\/wp-content\/uploads\/sites\/3\/2025\/09\/WhatsApp-Image-2025-09-01-at-13.07.14-225x300.jpeg 225w, https:\/\/www.landfrauen-meppen.de\/dalum\/wp-content\/uploads\/sites\/3\/2025\/09\/WhatsApp-Image-2025-09-01-at-13.07.14-1152x1536.jpeg 1152w, https:\/\/www.landfrauen-meppen.de\/dalum\/wp-content\/uploads\/sites\/3\/2025\/09\/WhatsApp-Image-2025-09-01-at-13.07.14-113x150.jpeg 113w, https:\/\/www.landfrauen-meppen.de\/dalum\/wp-content\/uploads\/sites\/3\/2025\/09\/WhatsApp-Image-2025-09-01-at-13.07.14.jpeg 1536w\" sizes=\"auto, (max-width: 690px) 100vw, 690px\" \/>\n\t\t\t<\/div><\/figure><figure class='gallery-item'>\n\t\t\t<div class='gallery-icon landscape'>\n\t\t\t\t<img loading=\"lazy\" decoding=\"async\" width=\"690\" height=\"518\" src=\"https:\/\/www.landfrauen-meppen.de\/dalum\/wp-content\/uploads\/sites\/3\/2025\/09\/WhatsApp-Image-2025-09-01-at-13.03.59-1024x768.jpeg\" class=\"attachment-large size-large\" alt=\"\" srcset=\"https:\/\/www.landfrauen-meppen.de\/dalum\/wp-content\/uploads\/sites\/3\/2025\/09\/WhatsApp-Image-2025-09-01-at-13.03.59-1024x768.jpeg 1024w, https:\/\/www.landfrauen-meppen.de\/dalum\/wp-content\/uploads\/sites\/3\/2025\/09\/WhatsApp-Image-2025-09-01-at-13.03.59-300x225.jpeg 300w, https:\/\/www.landfrauen-meppen.de\/dalum\/wp-content\/uploads\/sites\/3\/2025\/09\/WhatsApp-Image-2025-09-01-at-13.03.59-768x576.jpeg 768w, https:\/\/www.landfrauen-meppen.de\/dalum\/wp-content\/uploads\/sites\/3\/2025\/09\/WhatsApp-Image-2025-09-01-at-13.03.59-1536x1152.jpeg 1536w, https:\/\/www.landfrauen-meppen.de\/dalum\/wp-content\/uploads\/sites\/3\/2025\/09\/WhatsApp-Image-2025-09-01-at-13.03.59-200x150.jpeg 200w, https:\/\/www.landfrauen-meppen.de\/dalum\/wp-content\/uploads\/sites\/3\/2025\/09\/WhatsApp-Image-2025-09-01-at-13.03.59.jpeg 2048w\" sizes=\"auto, (max-width: 690px) 100vw, 690px\" \/>\n\t\t\t<\/div><\/figure><figure class='gallery-item'>\n\t\t\t<div class='gallery-icon portrait'>\n\t\t\t\t<img loading=\"lazy\" decoding=\"async\" width=\"690\" height=\"920\" src=\"https:\/\/www.landfrauen-meppen.de\/dalum\/wp-content\/uploads\/sites\/3\/2025\/09\/WhatsApp-Image-2025-09-01-at-13.03.58-8-768x1024.jpeg\" class=\"attachment-large size-large\" alt=\"\" srcset=\"https:\/\/www.landfrauen-meppen.de\/dalum\/wp-content\/uploads\/sites\/3\/2025\/09\/WhatsApp-Image-2025-09-01-at-13.03.58-8-768x1024.jpeg 768w, https:\/\/www.landfrauen-meppen.de\/dalum\/wp-content\/uploads\/sites\/3\/2025\/09\/WhatsApp-Image-2025-09-01-at-13.03.58-8-225x300.jpeg 225w, https:\/\/www.landfrauen-meppen.de\/dalum\/wp-content\/uploads\/sites\/3\/2025\/09\/WhatsApp-Image-2025-09-01-at-13.03.58-8-1152x1536.jpeg 1152w, https:\/\/www.landfrauen-meppen.de\/dalum\/wp-content\/uploads\/sites\/3\/2025\/09\/WhatsApp-Image-2025-09-01-at-13.03.58-8-113x150.jpeg 113w, https:\/\/www.landfrauen-meppen.de\/dalum\/wp-content\/uploads\/sites\/3\/2025\/09\/WhatsApp-Image-2025-09-01-at-13.03.58-8.jpeg 1536w\" sizes=\"auto, (max-width: 690px) 100vw, 690px\" \/>\n\t\t\t<\/div><\/figure><figure class='gallery-item'>\n\t\t\t<div class='gallery-icon landscape'>\n\t\t\t\t<img loading=\"lazy\" decoding=\"async\" width=\"690\" height=\"376\" src=\"https:\/\/www.landfrauen-meppen.de\/dalum\/wp-content\/uploads\/sites\/3\/2025\/09\/WhatsApp-Image-2025-09-01-at-13.03.58-7-1024x558.jpeg\" class=\"attachment-large size-large\" alt=\"\" srcset=\"https:\/\/www.landfrauen-meppen.de\/dalum\/wp-content\/uploads\/sites\/3\/2025\/09\/WhatsApp-Image-2025-09-01-at-13.03.58-7-1024x558.jpeg 1024w, https:\/\/www.landfrauen-meppen.de\/dalum\/wp-content\/uploads\/sites\/3\/2025\/09\/WhatsApp-Image-2025-09-01-at-13.03.58-7-300x163.jpeg 300w, https:\/\/www.landfrauen-meppen.de\/dalum\/wp-content\/uploads\/sites\/3\/2025\/09\/WhatsApp-Image-2025-09-01-at-13.03.58-7-768x419.jpeg 768w, https:\/\/www.landfrauen-meppen.de\/dalum\/wp-content\/uploads\/sites\/3\/2025\/09\/WhatsApp-Image-2025-09-01-at-13.03.58-7-1536x837.jpeg 1536w, https:\/\/www.landfrauen-meppen.de\/dalum\/wp-content\/uploads\/sites\/3\/2025\/09\/WhatsApp-Image-2025-09-01-at-13.03.58-7-275x150.jpeg 275w, https:\/\/www.landfrauen-meppen.de\/dalum\/wp-content\/uploads\/sites\/3\/2025\/09\/WhatsApp-Image-2025-09-01-at-13.03.58-7.jpeg 2048w\" sizes=\"auto, (max-width: 690px) 100vw, 690px\" \/>\n\t\t\t<\/div><\/figure><figure class='gallery-item'>\n\t\t\t<div class='gallery-icon landscape'>\n\t\t\t\t<img loading=\"lazy\" decoding=\"async\" width=\"690\" height=\"409\" src=\"https:\/\/www.landfrauen-meppen.de\/dalum\/wp-content\/uploads\/sites\/3\/2025\/09\/WhatsApp-Image-2025-09-01-at-13.03.58-6-1024x607.jpeg\" class=\"attachment-large size-large\" alt=\"\" srcset=\"https:\/\/www.landfrauen-meppen.de\/dalum\/wp-content\/uploads\/sites\/3\/2025\/09\/WhatsApp-Image-2025-09-01-at-13.03.58-6-1024x607.jpeg 1024w, https:\/\/www.landfrauen-meppen.de\/dalum\/wp-content\/uploads\/sites\/3\/2025\/09\/WhatsApp-Image-2025-09-01-at-13.03.58-6-300x178.jpeg 300w, https:\/\/www.landfrauen-meppen.de\/dalum\/wp-content\/uploads\/sites\/3\/2025\/09\/WhatsApp-Image-2025-09-01-at-13.03.58-6-768x455.jpeg 768w, https:\/\/www.landfrauen-meppen.de\/dalum\/wp-content\/uploads\/sites\/3\/2025\/09\/WhatsApp-Image-2025-09-01-at-13.03.58-6-1536x911.jpeg 1536w, https:\/\/www.landfrauen-meppen.de\/dalum\/wp-content\/uploads\/sites\/3\/2025\/09\/WhatsApp-Image-2025-09-01-at-13.03.58-6-253x150.jpeg 253w, https:\/\/www.landfrauen-meppen.de\/dalum\/wp-content\/uploads\/sites\/3\/2025\/09\/WhatsApp-Image-2025-09-01-at-13.03.58-6.jpeg 2048w\" sizes=\"auto, (max-width: 690px) 100vw, 690px\" \/>\n\t\t\t<\/div><\/figure><figure class='gallery-item'>\n\t\t\t<div class='gallery-icon portrait'>\n\t\t\t\t<img loading=\"lazy\" decoding=\"async\" width=\"690\" height=\"920\" src=\"https:\/\/www.landfrauen-meppen.de\/dalum\/wp-content\/uploads\/sites\/3\/2025\/09\/WhatsApp-Image-2025-09-01-at-13.03.58-5-768x1024.jpeg\" class=\"attachment-large size-large\" alt=\"\" srcset=\"https:\/\/www.landfrauen-meppen.de\/dalum\/wp-content\/uploads\/sites\/3\/2025\/09\/WhatsApp-Image-2025-09-01-at-13.03.58-5-768x1024.jpeg 768w, https:\/\/www.landfrauen-meppen.de\/dalum\/wp-content\/uploads\/sites\/3\/2025\/09\/WhatsApp-Image-2025-09-01-at-13.03.58-5-225x300.jpeg 225w, https:\/\/www.landfrauen-meppen.de\/dalum\/wp-content\/uploads\/sites\/3\/2025\/09\/WhatsApp-Image-2025-09-01-at-13.03.58-5-1152x1536.jpeg 1152w, https:\/\/www.landfrauen-meppen.de\/dalum\/wp-content\/uploads\/sites\/3\/2025\/09\/WhatsApp-Image-2025-09-01-at-13.03.58-5-113x150.jpeg 113w, https:\/\/www.landfrauen-meppen.de\/dalum\/wp-content\/uploads\/sites\/3\/2025\/09\/WhatsApp-Image-2025-09-01-at-13.03.58-5.jpeg 1536w\" sizes=\"auto, (max-width: 690px) 100vw, 690px\" \/>\n\t\t\t<\/div><\/figure><figure class='gallery-item'>\n\t\t\t<div class='gallery-icon portrait'>\n\t\t\t\t<img loading=\"lazy\" decoding=\"async\" width=\"690\" height=\"920\" src=\"https:\/\/www.landfrauen-meppen.de\/dalum\/wp-content\/uploads\/sites\/3\/2025\/09\/WhatsApp-Image-2025-09-01-at-13.03.58-4-768x1024.jpeg\" class=\"attachment-large size-large\" alt=\"\" srcset=\"https:\/\/www.landfrauen-meppen.de\/dalum\/wp-content\/uploads\/sites\/3\/2025\/09\/WhatsApp-Image-2025-09-01-at-13.03.58-4-768x1024.jpeg 768w, https:\/\/www.landfrauen-meppen.de\/dalum\/wp-content\/uploads\/sites\/3\/2025\/09\/WhatsApp-Image-2025-09-01-at-13.03.58-4-225x300.jpeg 225w, https:\/\/www.landfrauen-meppen.de\/dalum\/wp-content\/uploads\/sites\/3\/2025\/09\/WhatsApp-Image-2025-09-01-at-13.03.58-4-1152x1536.jpeg 1152w, https:\/\/www.landfrauen-meppen.de\/dalum\/wp-content\/uploads\/sites\/3\/2025\/09\/WhatsApp-Image-2025-09-01-at-13.03.58-4-113x150.jpeg 113w, https:\/\/www.landfrauen-meppen.de\/dalum\/wp-content\/uploads\/sites\/3\/2025\/09\/WhatsApp-Image-2025-09-01-at-13.03.58-4.jpeg 1536w\" sizes=\"auto, (max-width: 690px) 100vw, 690px\" \/>\n\t\t\t<\/div><\/figure><figure class='gallery-item'>\n\t\t\t<div class='gallery-icon portrait'>\n\t\t\t\t<img loading=\"lazy\" decoding=\"async\" width=\"690\" height=\"920\" src=\"https:\/\/www.landfrauen-meppen.de\/dalum\/wp-content\/uploads\/sites\/3\/2025\/09\/WhatsApp-Image-2025-09-01-at-13.03.58-3-768x1024.jpeg\" class=\"attachment-large size-large\" alt=\"\" srcset=\"https:\/\/www.landfrauen-meppen.de\/dalum\/wp-content\/uploads\/sites\/3\/2025\/09\/WhatsApp-Image-2025-09-01-at-13.03.58-3-768x1024.jpeg 768w, https:\/\/www.landfrauen-meppen.de\/dalum\/wp-content\/uploads\/sites\/3\/2025\/09\/WhatsApp-Image-2025-09-01-at-13.03.58-3-225x300.jpeg 225w, https:\/\/www.landfrauen-meppen.de\/dalum\/wp-content\/uploads\/sites\/3\/2025\/09\/WhatsApp-Image-2025-09-01-at-13.03.58-3-1152x1536.jpeg 1152w, https:\/\/www.landfrauen-meppen.de\/dalum\/wp-content\/uploads\/sites\/3\/2025\/09\/WhatsApp-Image-2025-09-01-at-13.03.58-3-113x150.jpeg 113w, https:\/\/www.landfrauen-meppen.de\/dalum\/wp-content\/uploads\/sites\/3\/2025\/09\/WhatsApp-Image-2025-09-01-at-13.03.58-3.jpeg 1536w\" sizes=\"auto, (max-width: 690px) 100vw, 690px\" \/>\n\t\t\t<\/div><\/figure><figure class='gallery-item'>\n\t\t\t<div class='gallery-icon portrait'>\n\t\t\t\t<img loading=\"lazy\" decoding=\"async\" width=\"690\" height=\"920\" src=\"https:\/\/www.landfrauen-meppen.de\/dalum\/wp-content\/uploads\/sites\/3\/2025\/09\/WhatsApp-Image-2025-09-01-at-13.03.58-2-768x1024.jpeg\" class=\"attachment-large size-large\" alt=\"\" srcset=\"https:\/\/www.landfrauen-meppen.de\/dalum\/wp-content\/uploads\/sites\/3\/2025\/09\/WhatsApp-Image-2025-09-01-at-13.03.58-2-768x1024.jpeg 768w, https:\/\/www.landfrauen-meppen.de\/dalum\/wp-content\/uploads\/sites\/3\/2025\/09\/WhatsApp-Image-2025-09-01-at-13.03.58-2-225x300.jpeg 225w, https:\/\/www.landfrauen-meppen.de\/dalum\/wp-content\/uploads\/sites\/3\/2025\/09\/WhatsApp-Image-2025-09-01-at-13.03.58-2-1152x1536.jpeg 1152w, https:\/\/www.landfrauen-meppen.de\/dalum\/wp-content\/uploads\/sites\/3\/2025\/09\/WhatsApp-Image-2025-09-01-at-13.03.58-2-113x150.jpeg 113w, https:\/\/www.landfrauen-meppen.de\/dalum\/wp-content\/uploads\/sites\/3\/2025\/09\/WhatsApp-Image-2025-09-01-at-13.03.58-2.jpeg 1536w\" sizes=\"auto, (max-width: 690px) 100vw, 690px\" \/>\n\t\t\t<\/div><\/figure><figure class='gallery-item'>\n\t\t\t<div class='gallery-icon portrait'>\n\t\t\t\t<img loading=\"lazy\" decoding=\"async\" width=\"690\" height=\"920\" src=\"https:\/\/www.landfrauen-meppen.de\/dalum\/wp-content\/uploads\/sites\/3\/2025\/09\/WhatsApp-Image-2025-09-01-at-13.03.58-1-768x1024.jpeg\" class=\"attachment-large size-large\" alt=\"\" srcset=\"https:\/\/www.landfrauen-meppen.de\/dalum\/wp-content\/uploads\/sites\/3\/2025\/09\/WhatsApp-Image-2025-09-01-at-13.03.58-1-768x1024.jpeg 768w, https:\/\/www.landfrauen-meppen.de\/dalum\/wp-content\/uploads\/sites\/3\/2025\/09\/WhatsApp-Image-2025-09-01-at-13.03.58-1-225x300.jpeg 225w, https:\/\/www.landfrauen-meppen.de\/dalum\/wp-content\/uploads\/sites\/3\/2025\/09\/WhatsApp-Image-2025-09-01-at-13.03.58-1-1152x1536.jpeg 1152w, https:\/\/www.landfrauen-meppen.de\/dalum\/wp-content\/uploads\/sites\/3\/2025\/09\/WhatsApp-Image-2025-09-01-at-13.03.58-1-113x150.jpeg 113w, https:\/\/www.landfrauen-meppen.de\/dalum\/wp-content\/uploads\/sites\/3\/2025\/09\/WhatsApp-Image-2025-09-01-at-13.03.58-1.jpeg 1536w\" sizes=\"auto, (max-width: 690px) 100vw, 690px\" \/>\n\t\t\t<\/div><\/figure><figure class='gallery-item'>\n\t\t\t<div class='gallery-icon portrait'>\n\t\t\t\t<img loading=\"lazy\" decoding=\"async\" width=\"690\" height=\"920\" src=\"https:\/\/www.landfrauen-meppen.de\/dalum\/wp-content\/uploads\/sites\/3\/2025\/09\/WhatsApp-Image-2025-09-01-at-13.03.58-768x1024.jpeg\" class=\"attachment-large size-large\" alt=\"\" srcset=\"https:\/\/www.landfrauen-meppen.de\/dalum\/wp-content\/uploads\/sites\/3\/2025\/09\/WhatsApp-Image-2025-09-01-at-13.03.58-768x1024.jpeg 768w, https:\/\/www.landfrauen-meppen.de\/dalum\/wp-content\/uploads\/sites\/3\/2025\/09\/WhatsApp-Image-2025-09-01-at-13.03.58-225x300.jpeg 225w, https:\/\/www.landfrauen-meppen.de\/dalum\/wp-content\/uploads\/sites\/3\/2025\/09\/WhatsApp-Image-2025-09-01-at-13.03.58-1152x1536.jpeg 1152w, https:\/\/www.landfrauen-meppen.de\/dalum\/wp-content\/uploads\/sites\/3\/2025\/09\/WhatsApp-Image-2025-09-01-at-13.03.58-113x150.jpeg 113w, https:\/\/www.landfrauen-meppen.de\/dalum\/wp-content\/uploads\/sites\/3\/2025\/09\/WhatsApp-Image-2025-09-01-at-13.03.58.jpeg 1536w\" sizes=\"auto, (max-width: 690px) 100vw, 690px\" \/>\n\t\t\t<\/div><\/figure><figure class='gallery-item'>\n\t\t\t<div class='gallery-icon portrait'>\n\t\t\t\t<img loading=\"lazy\" decoding=\"async\" width=\"690\" height=\"920\" src=\"https:\/\/www.landfrauen-meppen.de\/dalum\/wp-content\/uploads\/sites\/3\/2025\/09\/WhatsApp-Image-2025-09-01-at-13.03.57-5-768x1024.jpeg\" class=\"attachment-large size-large\" alt=\"\" srcset=\"https:\/\/www.landfrauen-meppen.de\/dalum\/wp-content\/uploads\/sites\/3\/2025\/09\/WhatsApp-Image-2025-09-01-at-13.03.57-5-768x1024.jpeg 768w, https:\/\/www.landfrauen-meppen.de\/dalum\/wp-content\/uploads\/sites\/3\/2025\/09\/WhatsApp-Image-2025-09-01-at-13.03.57-5-225x300.jpeg 225w, https:\/\/www.landfrauen-meppen.de\/dalum\/wp-content\/uploads\/sites\/3\/2025\/09\/WhatsApp-Image-2025-09-01-at-13.03.57-5-1152x1536.jpeg 1152w, https:\/\/www.landfrauen-meppen.de\/dalum\/wp-content\/uploads\/sites\/3\/2025\/09\/WhatsApp-Image-2025-09-01-at-13.03.57-5-113x150.jpeg 113w, https:\/\/www.landfrauen-meppen.de\/dalum\/wp-content\/uploads\/sites\/3\/2025\/09\/WhatsApp-Image-2025-09-01-at-13.03.57-5.jpeg 1536w\" sizes=\"auto, (max-width: 690px) 100vw, 690px\" \/>\n\t\t\t<\/div><\/figure><figure class='gallery-item'>\n\t\t\t<div class='gallery-icon portrait'>\n\t\t\t\t<img loading=\"lazy\" decoding=\"async\" width=\"690\" height=\"920\" src=\"https:\/\/www.landfrauen-meppen.de\/dalum\/wp-content\/uploads\/sites\/3\/2025\/09\/WhatsApp-Image-2025-09-01-at-13.03.57-4-768x1024.jpeg\" class=\"attachment-large size-large\" alt=\"\" srcset=\"https:\/\/www.landfrauen-meppen.de\/dalum\/wp-content\/uploads\/sites\/3\/2025\/09\/WhatsApp-Image-2025-09-01-at-13.03.57-4-768x1024.jpeg 768w, https:\/\/www.landfrauen-meppen.de\/dalum\/wp-content\/uploads\/sites\/3\/2025\/09\/WhatsApp-Image-2025-09-01-at-13.03.57-4-225x300.jpeg 225w, https:\/\/www.landfrauen-meppen.de\/dalum\/wp-content\/uploads\/sites\/3\/2025\/09\/WhatsApp-Image-2025-09-01-at-13.03.57-4-1152x1536.jpeg 1152w, https:\/\/www.landfrauen-meppen.de\/dalum\/wp-content\/uploads\/sites\/3\/2025\/09\/WhatsApp-Image-2025-09-01-at-13.03.57-4-113x150.jpeg 113w, https:\/\/www.landfrauen-meppen.de\/dalum\/wp-content\/uploads\/sites\/3\/2025\/09\/WhatsApp-Image-2025-09-01-at-13.03.57-4.jpeg 1536w\" sizes=\"auto, (max-width: 690px) 100vw, 690px\" \/>\n\t\t\t<\/div><\/figure><figure class='gallery-item'>\n\t\t\t<div class='gallery-icon portrait'>\n\t\t\t\t<img loading=\"lazy\" decoding=\"async\" width=\"690\" height=\"920\" src=\"https:\/\/www.landfrauen-meppen.de\/dalum\/wp-content\/uploads\/sites\/3\/2025\/09\/WhatsApp-Image-2025-09-01-at-13.03.57-3-768x1024.jpeg\" class=\"attachment-large size-large\" alt=\"\" srcset=\"https:\/\/www.landfrauen-meppen.de\/dalum\/wp-content\/uploads\/sites\/3\/2025\/09\/WhatsApp-Image-2025-09-01-at-13.03.57-3-768x1024.jpeg 768w, https:\/\/www.landfrauen-meppen.de\/dalum\/wp-content\/uploads\/sites\/3\/2025\/09\/WhatsApp-Image-2025-09-01-at-13.03.57-3-225x300.jpeg 225w, https:\/\/www.landfrauen-meppen.de\/dalum\/wp-content\/uploads\/sites\/3\/2025\/09\/WhatsApp-Image-2025-09-01-at-13.03.57-3-1152x1536.jpeg 1152w, https:\/\/www.landfrauen-meppen.de\/dalum\/wp-content\/uploads\/sites\/3\/2025\/09\/WhatsApp-Image-2025-09-01-at-13.03.57-3-113x150.jpeg 113w, https:\/\/www.landfrauen-meppen.de\/dalum\/wp-content\/uploads\/sites\/3\/2025\/09\/WhatsApp-Image-2025-09-01-at-13.03.57-3.jpeg 1536w\" sizes=\"auto, (max-width: 690px) 100vw, 690px\" \/>\n\t\t\t<\/div><\/figure><figure class='gallery-item'>\n\t\t\t<div class='gallery-icon portrait'>\n\t\t\t\t<img loading=\"lazy\" decoding=\"async\" width=\"690\" height=\"920\" src=\"https:\/\/www.landfrauen-meppen.de\/dalum\/wp-content\/uploads\/sites\/3\/2025\/09\/WhatsApp-Image-2025-09-01-at-13.03.57-2-768x1024.jpeg\" class=\"attachment-large size-large\" alt=\"\" srcset=\"https:\/\/www.landfrauen-meppen.de\/dalum\/wp-content\/uploads\/sites\/3\/2025\/09\/WhatsApp-Image-2025-09-01-at-13.03.57-2-768x1024.jpeg 768w, https:\/\/www.landfrauen-meppen.de\/dalum\/wp-content\/uploads\/sites\/3\/2025\/09\/WhatsApp-Image-2025-09-01-at-13.03.57-2-225x300.jpeg 225w, https:\/\/www.landfrauen-meppen.de\/dalum\/wp-content\/uploads\/sites\/3\/2025\/09\/WhatsApp-Image-2025-09-01-at-13.03.57-2-1152x1536.jpeg 1152w, https:\/\/www.landfrauen-meppen.de\/dalum\/wp-content\/uploads\/sites\/3\/2025\/09\/WhatsApp-Image-2025-09-01-at-13.03.57-2-113x150.jpeg 113w, https:\/\/www.landfrauen-meppen.de\/dalum\/wp-content\/uploads\/sites\/3\/2025\/09\/WhatsApp-Image-2025-09-01-at-13.03.57-2.jpeg 1536w\" sizes=\"auto, (max-width: 690px) 100vw, 690px\" \/>\n\t\t\t<\/div><\/figure><figure class='gallery-item'>\n\t\t\t<div class='gallery-icon portrait'>\n\t\t\t\t<img loading=\"lazy\" decoding=\"async\" width=\"690\" height=\"920\" src=\"https:\/\/www.landfrauen-meppen.de\/dalum\/wp-content\/uploads\/sites\/3\/2025\/09\/WhatsApp-Image-2025-09-01-at-13.03.57-1-768x1024.jpeg\" class=\"attachment-large size-large\" alt=\"\" srcset=\"https:\/\/www.landfrauen-meppen.de\/dalum\/wp-content\/uploads\/sites\/3\/2025\/09\/WhatsApp-Image-2025-09-01-at-13.03.57-1-768x1024.jpeg 768w, https:\/\/www.landfrauen-meppen.de\/dalum\/wp-content\/uploads\/sites\/3\/2025\/09\/WhatsApp-Image-2025-09-01-at-13.03.57-1-225x300.jpeg 225w, https:\/\/www.landfrauen-meppen.de\/dalum\/wp-content\/uploads\/sites\/3\/2025\/09\/WhatsApp-Image-2025-09-01-at-13.03.57-1-1152x1536.jpeg 1152w, https:\/\/www.landfrauen-meppen.de\/dalum\/wp-content\/uploads\/sites\/3\/2025\/09\/WhatsApp-Image-2025-09-01-at-13.03.57-1-113x150.jpeg 113w, https:\/\/www.landfrauen-meppen.de\/dalum\/wp-content\/uploads\/sites\/3\/2025\/09\/WhatsApp-Image-2025-09-01-at-13.03.57-1.jpeg 1536w\" sizes=\"auto, (max-width: 690px) 100vw, 690px\" \/>\n\t\t\t<\/div><\/figure><figure class='gallery-item'>\n\t\t\t<div class='gallery-icon portrait'>\n\t\t\t\t<img loading=\"lazy\" decoding=\"async\" width=\"690\" height=\"920\" src=\"https:\/\/www.landfrauen-meppen.de\/dalum\/wp-content\/uploads\/sites\/3\/2025\/09\/WhatsApp-Image-2025-09-01-at-13.03.57-768x1024.jpeg\" class=\"attachment-large size-large\" alt=\"\" srcset=\"https:\/\/www.landfrauen-meppen.de\/dalum\/wp-content\/uploads\/sites\/3\/2025\/09\/WhatsApp-Image-2025-09-01-at-13.03.57-768x1024.jpeg 768w, https:\/\/www.landfrauen-meppen.de\/dalum\/wp-content\/uploads\/sites\/3\/2025\/09\/WhatsApp-Image-2025-09-01-at-13.03.57-225x300.jpeg 225w, https:\/\/www.landfrauen-meppen.de\/dalum\/wp-content\/uploads\/sites\/3\/2025\/09\/WhatsApp-Image-2025-09-01-at-13.03.57-1152x1536.jpeg 1152w, https:\/\/www.landfrauen-meppen.de\/dalum\/wp-content\/uploads\/sites\/3\/2025\/09\/WhatsApp-Image-2025-09-01-at-13.03.57-113x150.jpeg 113w, https:\/\/www.landfrauen-meppen.de\/dalum\/wp-content\/uploads\/sites\/3\/2025\/09\/WhatsApp-Image-2025-09-01-at-13.03.57.jpeg 1536w\" sizes=\"auto, (max-width: 690px) 100vw, 690px\" \/>\n\t\t\t<\/div><\/figure><figure class='gallery-item'>\n\t\t\t<div class='gallery-icon portrait'>\n\t\t\t\t<img loading=\"lazy\" decoding=\"async\" width=\"690\" height=\"920\" src=\"https:\/\/www.landfrauen-meppen.de\/dalum\/wp-content\/uploads\/sites\/3\/2025\/09\/WhatsApp-Image-2025-09-01-at-13.03.56-768x1024.jpeg\" class=\"attachment-large size-large\" alt=\"\" srcset=\"https:\/\/www.landfrauen-meppen.de\/dalum\/wp-content\/uploads\/sites\/3\/2025\/09\/WhatsApp-Image-2025-09-01-at-13.03.56-768x1024.jpeg 768w, https:\/\/www.landfrauen-meppen.de\/dalum\/wp-content\/uploads\/sites\/3\/2025\/09\/WhatsApp-Image-2025-09-01-at-13.03.56-225x300.jpeg 225w, https:\/\/www.landfrauen-meppen.de\/dalum\/wp-content\/uploads\/sites\/3\/2025\/09\/WhatsApp-Image-2025-09-01-at-13.03.56-1152x1536.jpeg 1152w, https:\/\/www.landfrauen-meppen.de\/dalum\/wp-content\/uploads\/sites\/3\/2025\/09\/WhatsApp-Image-2025-09-01-at-13.03.56-113x150.jpeg 113w, https:\/\/www.landfrauen-meppen.de\/dalum\/wp-content\/uploads\/sites\/3\/2025\/09\/WhatsApp-Image-2025-09-01-at-13.03.56.jpeg 1536w\" sizes=\"auto, (max-width: 690px) 100vw, 690px\" \/>\n\t\t\t<\/div><\/figure><figure class='gallery-item'>\n\t\t\t<div class='gallery-icon portrait'>\n\t\t\t\t<img loading=\"lazy\" decoding=\"async\" width=\"690\" height=\"920\" src=\"https:\/\/www.landfrauen-meppen.de\/dalum\/wp-content\/uploads\/sites\/3\/2025\/09\/WhatsApp-Image-2025-09-01-at-13.03.55-768x1024.jpeg\" class=\"attachment-large size-large\" alt=\"\" srcset=\"https:\/\/www.landfrauen-meppen.de\/dalum\/wp-content\/uploads\/sites\/3\/2025\/09\/WhatsApp-Image-2025-09-01-at-13.03.55-768x1024.jpeg 768w, https:\/\/www.landfrauen-meppen.de\/dalum\/wp-content\/uploads\/sites\/3\/2025\/09\/WhatsApp-Image-2025-09-01-at-13.03.55-225x300.jpeg 225w, https:\/\/www.landfrauen-meppen.de\/dalum\/wp-content\/uploads\/sites\/3\/2025\/09\/WhatsApp-Image-2025-09-01-at-13.03.55-1152x1536.jpeg 1152w, https:\/\/www.landfrauen-meppen.de\/dalum\/wp-content\/uploads\/sites\/3\/2025\/09\/WhatsApp-Image-2025-09-01-at-13.03.55-113x150.jpeg 113w, https:\/\/www.landfrauen-meppen.de\/dalum\/wp-content\/uploads\/sites\/3\/2025\/09\/WhatsApp-Image-2025-09-01-at-13.03.55.jpeg 1536w\" sizes=\"auto, (max-width: 690px) 100vw, 690px\" \/>\n\t\t\t<\/div><\/figure>\n\t\t<\/div>\n\n<\/div>\n<\/div>\n<div class=\"\" data-block=\"true\" data-editor=\"73bhe\" data-offset-key=\"6dvbt-0-0\">\n<div class=\"_1mf _1mj\" data-offset-key=\"6dvbt-0-0\"><span data-offset-key=\"6dvbt-0-0\">\u00a0<\/span><\/div>\n<\/div>\n<div class=\"\" data-block=\"true\" data-editor=\"73bhe\" data-offset-key=\"ehtl0-0-0\"><\/div>\n<div class=\"\" data-block=\"true\" data-editor=\"73bhe\" data-offset-key=\"8glt5-0-0\">\n<div class=\"_1mf _1mj\" data-offset-key=\"8glt5-0-0\"><\/div>\n<\/div>\n","protected":false},"excerpt":{"rendered":"<p>Die Landfrauen Dalum haben mit gro\u00dfer Freude am Sommerfest &amp; Tag der offenen T\u00fcr teilgenommen. \ud83d\udc9a \u00a0 Das bunte Kuchenbuffet war ein voller Erfolg \u2013 liebevoll gebacken, vielf\u00e4ltig und mit <a class=\"more-link\" href=\"https:\/\/www.landfrauen-meppen.de\/dalum\/2025\/09\/01\/rueckblick-sommerfest-tag-der-offenen-tuer\/\">weiterlesen&#8230;(hier klicken)<\/a><\/p>\n","protected":false},"author":3,"featured_media":4010,"comment_status":"closed","ping_status":"closed","sticky":false,"template":"","format":"standard","meta":{"footnotes":""},"categories":[1,3],"tags":[],"class_list":["post-3992","post","type-post","status-publish","format-standard","has-post-thumbnail","hentry","category-allgemein","category-bilder"],"_links":{"self":[{"href":"https:\/\/www.landfrauen-meppen.de\/dalum\/wp-json\/wp\/v2\/posts\/3992","targetHints":{"allow":["GET"]}}],"collection":[{"href":"https:\/\/www.landfrauen-meppen.de\/dalum\/wp-json\/wp\/v2\/posts"}],"about":[{"href":"https:\/\/www.landfrauen-meppen.de\/dalum\/wp-json\/wp\/v2\/types\/post"}],"author":[{"embeddable":true,"href":"https:\/\/www.landfrauen-meppen.de\/dalum\/wp-json\/wp\/v2\/users\/3"}],"replies":[{"embeddable":true,"href":"https:\/\/www.landfrauen-meppen.de\/dalum\/wp-json\/wp\/v2\/comments?post=3992"}],"version-history":[{"count":1,"href":"https:\/\/www.landfrauen-meppen.de\/dalum\/wp-json\/wp\/v2\/posts\/3992\/revisions"}],"predecessor-version":[{"id":4012,"href":"https:\/\/www.landfrauen-meppen.de\/dalum\/wp-json\/wp\/v2\/posts\/3992\/revisions\/4012"}],"wp:featuredmedia":[{"embeddable":true,"href":"https:\/\/www.landfrauen-meppen.de\/dalum\/wp-json\/wp\/v2\/media\/4010"}],"wp:attachment":[{"href":"https:\/\/www.landfrauen-meppen.de\/dalum\/wp-json\/wp\/v2\/media?parent=3992"}],"wp:term":[{"taxonomy":"category","embeddable":true,"href":"https:\/\/www.landfrauen-meppen.de\/dalum\/wp-json\/wp\/v2\/categories?post=3992"},{"taxonomy":"post_tag","embeddable":true,"href":"https:\/\/www.landfrauen-meppen.de\/dalum\/wp-json\/wp\/v2\/tags?post=3992"}],"curies":[{"name":"wp","href":"https:\/\/api.w.org\/{rel}","templated":true}]}}