{"id":3899,"date":"2025-08-05T17:31:29","date_gmt":"2025-08-05T15:31:29","guid":{"rendered":"https:\/\/www.landfrauen-meppen.de\/dalum\/?p=3899"},"modified":"2025-08-05T17:31:29","modified_gmt":"2025-08-05T15:31:29","slug":"sommerfest-tag-der-offenen-tuer-%e2%98%80%ef%b8%8f%f0%9f%8d%b0-die-landfrauen-dalum-sind-dabei","status":"publish","type":"post","link":"https:\/\/www.landfrauen-meppen.de\/dalum\/2025\/08\/05\/sommerfest-tag-der-offenen-tuer-%e2%98%80%ef%b8%8f%f0%9f%8d%b0-die-landfrauen-dalum-sind-dabei\/","title":{"rendered":"Sommerfest &amp; Tag der offenen T\u00fcr \u2600\ufe0f\ud83c\udf70 Die Landfrauen Dalum sind dabei!"},"content":{"rendered":"<div class=\"\" data-block=\"true\" data-editor=\"3pdb6\" data-offset-key=\"40j69-0-0\">\n<div class=\"_1mf _1mj\" data-offset-key=\"40j69-0-0\"><span data-offset-key=\"40j69-0-0\">\ud83c\udf70\u2600\ufe0f Sommerfest &amp; Tag der offenen T\u00fcr \u2600\ufe0f\ud83c\udf70<\/span><\/div>\n<\/div>\n<div class=\"\" data-block=\"true\" data-editor=\"3pdb6\" data-offset-key=\"oifj-0-0\">\n<div class=\"_1mf _1mj\" data-offset-key=\"oifj-0-0\"><span data-offset-key=\"oifj-0-0\">Die Landfrauen Dalum sind dabei!<\/span><\/div>\n<\/div>\n<div class=\"\" data-block=\"true\" data-editor=\"3pdb6\" data-offset-key=\"d61uv-0-0\">\n<div class=\"_1mf _1mj\" data-offset-key=\"d61uv-0-0\"><span data-offset-key=\"d61uv-0-0\">\u00a0<\/span><\/div>\n<\/div>\n<div class=\"\" data-block=\"true\" data-editor=\"3pdb6\" data-offset-key=\"ejlis-0-0\">\n<div class=\"_1mf _1mj\" data-offset-key=\"ejlis-0-0\"><span data-offset-key=\"ejlis-0-0\">Wir backen wieder flei\u00dfig \u2013 mit viel Liebe und Leidenschaft entstehen k\u00f6stliche, selbstgemachte Kuchen, die ihr beim Sommerfest und Tag der offenen T\u00fcr genie\u00dfen k\u00f6nnt. \ud83c\udf82\ud83e\uddc1<\/span><\/div>\n<\/div>\n<div class=\"\" data-block=\"true\" data-editor=\"3pdb6\" data-offset-key=\"2qnj6-0-0\">\n<div class=\"_1mf _1mj\" data-offset-key=\"2qnj6-0-0\"><span data-offset-key=\"2qnj6-0-0\">\u00a0<\/span><\/div>\n<\/div>\n<div class=\"\" data-block=\"true\" data-editor=\"3pdb6\" data-offset-key=\"dlcvg-0-0\">\n<div class=\"_1mf _1mj\" data-offset-key=\"dlcvg-0-0\"><span data-offset-key=\"dlcvg-0-0\">Neben unserem Kuchenbuffet gibt\u2019s noch viele weitere tolle Aktionen, St\u00e4nde und Angebote \u2013 f\u00fcr Gro\u00df und Klein ist etwas dabei! \ud83c\udf88\ud83c\udf38\ud83c\udf40<\/span><\/div>\n<\/div>\n<div class=\"\" data-block=\"true\" data-editor=\"3pdb6\" data-offset-key=\"3gl5n-0-0\">\n<div class=\"_1mf _1mj\" data-offset-key=\"3gl5n-0-0\"><span data-offset-key=\"3gl5n-0-0\">\u00a0<\/span><\/div>\n<\/div>\n<div class=\"\" data-block=\"true\" data-editor=\"3pdb6\" data-offset-key=\"1n455-0-0\">\n<div class=\"_1mf _1mj\" data-offset-key=\"1n455-0-0\"><span data-offset-key=\"1n455-0-0\">\ud83d\udccd Kommt vorbei, bringt eure Familie mit und verbringt einen sch\u00f6nen Tag mit uns!<\/span><\/div>\n<\/div>\n<div class=\"\" data-block=\"true\" data-editor=\"3pdb6\" data-offset-key=\"2eirs-0-0\">\n<div class=\"_1mf _1mj\" data-offset-key=\"2eirs-0-0\"><span data-offset-key=\"2eirs-0-0\">Wir freuen uns auf euch! \ud83d\udc9a<\/span><\/div>\n<\/div>\n<div data-offset-key=\"2eirs-0-0\"><img loading=\"lazy\" decoding=\"async\" class=\"aligncenter size-large wp-image-3900\" src=\"https:\/\/www.landfrauen-meppen.de\/dalum\/wp-content\/uploads\/sites\/3\/2025\/08\/Kostenlose-Qualifizierung-zur-Alltagsbegleitung-nach-\u00a7-45a-SGB-XI-6-1024x1024.png\" alt=\"\" width=\"690\" height=\"690\" srcset=\"https:\/\/www.landfrauen-meppen.de\/dalum\/wp-content\/uploads\/sites\/3\/2025\/08\/Kostenlose-Qualifizierung-zur-Alltagsbegleitung-nach-\u00a7-45a-SGB-XI-6-1024x1024.png 1024w, https:\/\/www.landfrauen-meppen.de\/dalum\/wp-content\/uploads\/sites\/3\/2025\/08\/Kostenlose-Qualifizierung-zur-Alltagsbegleitung-nach-\u00a7-45a-SGB-XI-6-300x300.png 300w, https:\/\/www.landfrauen-meppen.de\/dalum\/wp-content\/uploads\/sites\/3\/2025\/08\/Kostenlose-Qualifizierung-zur-Alltagsbegleitung-nach-\u00a7-45a-SGB-XI-6-150x150.png 150w, https:\/\/www.landfrauen-meppen.de\/dalum\/wp-content\/uploads\/sites\/3\/2025\/08\/Kostenlose-Qualifizierung-zur-Alltagsbegleitung-nach-\u00a7-45a-SGB-XI-6-768x768.png 768w, https:\/\/www.landfrauen-meppen.de\/dalum\/wp-content\/uploads\/sites\/3\/2025\/08\/Kostenlose-Qualifizierung-zur-Alltagsbegleitung-nach-\u00a7-45a-SGB-XI-6.png 1080w\" sizes=\"auto, (max-width: 690px) 100vw, 690px\" \/><\/div>\n","protected":false},"excerpt":{"rendered":"<p>\ud83c\udf70\u2600\ufe0f Sommerfest &amp; Tag der offenen T\u00fcr \u2600\ufe0f\ud83c\udf70 Die Landfrauen Dalum sind dabei! \u00a0 Wir backen wieder flei\u00dfig \u2013 mit viel Liebe und Leidenschaft entstehen k\u00f6stliche, selbstgemachte Kuchen, die ihr <a class=\"more-link\" href=\"https:\/\/www.landfrauen-meppen.de\/dalum\/2025\/08\/05\/sommerfest-tag-der-offenen-tuer-%e2%98%80%ef%b8%8f%f0%9f%8d%b0-die-landfrauen-dalum-sind-dabei\/\">weiterlesen&#8230;(hier klicken)<\/a><\/p>\n","protected":false},"author":3,"featured_media":3490,"comment_status":"closed","ping_status":"closed","sticky":false,"template":"","format":"standard","meta":{"footnotes":""},"categories":[1],"tags":[],"class_list":["post-3899","post","type-post","status-publish","format-standard","has-post-thumbnail","hentry","category-allgemein"],"_links":{"self":[{"href":"https:\/\/www.landfrauen-meppen.de\/dalum\/wp-json\/wp\/v2\/posts\/3899","targetHints":{"allow":["GET"]}}],"collection":[{"href":"https:\/\/www.landfrauen-meppen.de\/dalum\/wp-json\/wp\/v2\/posts"}],"about":[{"href":"https:\/\/www.landfrauen-meppen.de\/dalum\/wp-json\/wp\/v2\/types\/post"}],"author":[{"embeddable":true,"href":"https:\/\/www.landfrauen-meppen.de\/dalum\/wp-json\/wp\/v2\/users\/3"}],"replies":[{"embeddable":true,"href":"https:\/\/www.landfrauen-meppen.de\/dalum\/wp-json\/wp\/v2\/comments?post=3899"}],"version-history":[{"count":1,"href":"https:\/\/www.landfrauen-meppen.de\/dalum\/wp-json\/wp\/v2\/posts\/3899\/revisions"}],"predecessor-version":[{"id":3901,"href":"https:\/\/www.landfrauen-meppen.de\/dalum\/wp-json\/wp\/v2\/posts\/3899\/revisions\/3901"}],"wp:featuredmedia":[{"embeddable":true,"href":"https:\/\/www.landfrauen-meppen.de\/dalum\/wp-json\/wp\/v2\/media\/3490"}],"wp:attachment":[{"href":"https:\/\/www.landfrauen-meppen.de\/dalum\/wp-json\/wp\/v2\/media?parent=3899"}],"wp:term":[{"taxonomy":"category","embeddable":true,"href":"https:\/\/www.landfrauen-meppen.de\/dalum\/wp-json\/wp\/v2\/categories?post=3899"},{"taxonomy":"post_tag","embeddable":true,"href":"https:\/\/www.landfrauen-meppen.de\/dalum\/wp-json\/wp\/v2\/tags?post=3899"}],"curies":[{"name":"wp","href":"https:\/\/api.w.org\/{rel}","templated":true}]}}