{"id":3699,"date":"2025-07-02T18:28:55","date_gmt":"2025-07-02T16:28:55","guid":{"rendered":"https:\/\/www.landfrauen-meppen.de\/dalum\/?p=3699"},"modified":"2025-07-02T18:28:55","modified_gmt":"2025-07-02T16:28:55","slug":"auf-gehts-zum-duemmer-see-tagesfahrt-der-landfrauen","status":"publish","type":"post","link":"https:\/\/www.landfrauen-meppen.de\/dalum\/2025\/07\/02\/auf-gehts-zum-duemmer-see-tagesfahrt-der-landfrauen\/","title":{"rendered":"Auf geht\u2019s zum D\u00fcmmer See! Tagesfahrt der Landfrauen"},"content":{"rendered":"<p><strong><u>Einladung Landfrauen Dalum<\/u><\/strong><\/p>\n<p><strong>\u00a0<\/strong><\/p>\n<p>Auf geht\u2019s zum D\u00fcmmer See! Tagesfahrt der Landfrauen<\/p>\n<p>&nbsp;<\/p>\n<p>Termin: \u00a0\u00a0\u00a0\u00a0\u00a0\u00a0\u00a0\u00a0\u00a0\u00a0\u00a0\u00a0\u00a0\u00a0\u00a0\u00a0\u00a0\u00a0\u00a0 31. Juli 2025<\/p>\n<p>Abfahrt: \u00a0\u00a0\u00a0\u00a0\u00a0\u00a0\u00a0\u00a0\u00a0\u00a0\u00a0\u00a0\u00a0\u00a0\u00a0\u00a0\u00a0 7:45 Uhr, Dalum Busbahnhof<\/p>\n<p>7:50 Uhr: Geeste, Kirche<\/p>\n<p>7:55 Uhr: Osterbrock, Bushaltestelle beim Dorfladen<\/p>\n<p>Kosten: \u00a0\u00a0\u00a0\u00a0\u00a0\u00a0\u00a0\u00a0\u00a0\u00a0\u00a0\u00a0\u00a0\u00a0\u00a0\u00a0\u00a0\u00a0\u00a0 25 Euro pro Person (inkl. Busfahrt und Besichtigungen).Das Mittagessen sowie Kaffee und Kuchen zahlt jede Person vor Ort selbst.<\/p>\n<p>Lust auf einen sch\u00f6nen Ausflug in netter Gesellschaft?<\/p>\n<p>Unser erster Stopp f\u00fchrt uns zur Orchideenzucht. Dort erfahren wir Spannendes \u00fcber die Pflege und die Besonderheiten dieser faszinierenden Pflanzen. Wer m\u00f6chte, kann sich eine bl\u00fchende Sch\u00f6nheit mit nach Hause nehmen.<\/p>\n<p>Danach geht es weiter zur Aalr\u00e4ucherei Hoffmann. Dort tauchen wir in die Kunst des R\u00e4ucherns ein und genie\u00dfen anschlie\u00dfend ein leckeres Mittagessen.<\/p>\n<p>Anschlie\u00dfend bleibt Zeit, den D\u00fcmmer See auf eigene Faust zu erkunden.<\/p>\n<p>Zum Abschluss lassen wir den Tag bei Kaffee und Kuchen in der Tortenschmiede gem\u00fctlich ausklingen.<\/p>\n<p>Wichtige Hinweise zur Anmeldung: Dies ist die offizielle Einladung mit Anmeldem\u00f6glichkeit. Fr\u00fchere Vormerkungen oder Voranfragen z\u00e4hlen nicht.<\/p>\n<p>&nbsp;<\/p>\n<p>Die Anmeldung ist ab dem 03.07.25 um 19:00 Uhr bis zum 15.07.25 m\u00f6glich.<\/p>\n<p>Anmeldung bei :<\/p>\n<p>Martina L\u00fcttel (f\u00fcr die Landfrauen aus Dalum), Tel.: 05937 9714742 oder Lenchen Evers (f\u00fcr die Landfrauen aus Geeste\/Osterbrock), Tel. 05907 313.<\/p>\n<p>Zun\u00e4chst k\u00f6nnen sich ausschlie\u00dflich Mitglieder anmelden. Die Teilnehmeranzahl ist begrenzt.<\/p>\n<p>G\u00e4ste k\u00f6nnen sich ggf. zu einem sp\u00e4teren Zeitpunkt anmelden, sofern noch Pl\u00e4tze verf\u00fcgbar sind.<\/p>\n<p>Die Platzvergabe erfolgt nach Reihenfolge der Anrufe. Es werden nur telefonische Anmeldungen entgegengenommen.<\/p>\n<p>Wir freuen uns auf einen sch\u00f6nen Tag mit euch!<\/p>\n<p>Vorstand Landfrauenverein<\/p>\n<p>&nbsp;<\/p>\n","protected":false},"excerpt":{"rendered":"<p>Einladung Landfrauen Dalum \u00a0 Auf geht\u2019s zum D\u00fcmmer See! Tagesfahrt der Landfrauen &nbsp; Termin: \u00a0\u00a0\u00a0\u00a0\u00a0\u00a0\u00a0\u00a0\u00a0\u00a0\u00a0\u00a0\u00a0\u00a0\u00a0\u00a0\u00a0\u00a0\u00a0 31. Juli 2025 Abfahrt: \u00a0\u00a0\u00a0\u00a0\u00a0\u00a0\u00a0\u00a0\u00a0\u00a0\u00a0\u00a0\u00a0\u00a0\u00a0\u00a0\u00a0 7:45 Uhr, Dalum Busbahnhof 7:50 Uhr: Geeste, Kirche 7:55 Uhr: <a class=\"more-link\" href=\"https:\/\/www.landfrauen-meppen.de\/dalum\/2025\/07\/02\/auf-gehts-zum-duemmer-see-tagesfahrt-der-landfrauen\/\">weiterlesen&#8230;(hier klicken)<\/a><\/p>\n","protected":false},"author":3,"featured_media":3700,"comment_status":"closed","ping_status":"closed","sticky":false,"template":"","format":"standard","meta":{"footnotes":""},"categories":[1],"tags":[],"class_list":["post-3699","post","type-post","status-publish","format-standard","has-post-thumbnail","hentry","category-allgemein"],"_links":{"self":[{"href":"https:\/\/www.landfrauen-meppen.de\/dalum\/wp-json\/wp\/v2\/posts\/3699","targetHints":{"allow":["GET"]}}],"collection":[{"href":"https:\/\/www.landfrauen-meppen.de\/dalum\/wp-json\/wp\/v2\/posts"}],"about":[{"href":"https:\/\/www.landfrauen-meppen.de\/dalum\/wp-json\/wp\/v2\/types\/post"}],"author":[{"embeddable":true,"href":"https:\/\/www.landfrauen-meppen.de\/dalum\/wp-json\/wp\/v2\/users\/3"}],"replies":[{"embeddable":true,"href":"https:\/\/www.landfrauen-meppen.de\/dalum\/wp-json\/wp\/v2\/comments?post=3699"}],"version-history":[{"count":1,"href":"https:\/\/www.landfrauen-meppen.de\/dalum\/wp-json\/wp\/v2\/posts\/3699\/revisions"}],"predecessor-version":[{"id":3701,"href":"https:\/\/www.landfrauen-meppen.de\/dalum\/wp-json\/wp\/v2\/posts\/3699\/revisions\/3701"}],"wp:featuredmedia":[{"embeddable":true,"href":"https:\/\/www.landfrauen-meppen.de\/dalum\/wp-json\/wp\/v2\/media\/3700"}],"wp:attachment":[{"href":"https:\/\/www.landfrauen-meppen.de\/dalum\/wp-json\/wp\/v2\/media?parent=3699"}],"wp:term":[{"taxonomy":"category","embeddable":true,"href":"https:\/\/www.landfrauen-meppen.de\/dalum\/wp-json\/wp\/v2\/categories?post=3699"},{"taxonomy":"post_tag","embeddable":true,"href":"https:\/\/www.landfrauen-meppen.de\/dalum\/wp-json\/wp\/v2\/tags?post=3699"}],"curies":[{"name":"wp","href":"https:\/\/api.w.org\/{rel}","templated":true}]}}