{"id":3692,"date":"2025-06-05T21:34:29","date_gmt":"2025-06-05T19:34:29","guid":{"rendered":"https:\/\/www.landfrauen-meppen.de\/dalum\/?p=3692"},"modified":"2025-06-05T21:37:47","modified_gmt":"2025-06-05T19:37:47","slug":"kostenlose-qualifizierung-zur-alltagsbegleitung-nach-%c2%a7-45a-sgb-xi","status":"publish","type":"post","link":"https:\/\/www.landfrauen-meppen.de\/dalum\/2025\/06\/05\/kostenlose-qualifizierung-zur-alltagsbegleitung-nach-%c2%a7-45a-sgb-xi\/","title":{"rendered":"Kostenlose Qualifizierung zur Alltagsbegleitung nach \u00a7 45a SGB XI"},"content":{"rendered":"<p><strong>Kostenlose Qualifizierung zur Alltagsbegleitung nach \u00a7 45a SGB XI<\/strong><\/p>\n<p><strong>Ein offenes Angebot f\u00fcr alle Interessierten<\/strong><\/p>\n<p>&nbsp;<\/p>\n<p>Im l\u00e4ndlichen Raum fehlen h\u00e4ufig bezahlbare und alltagsnahe Unterst\u00fctzungsangebote f\u00fcr pflegebed\u00fcrftige Menschen und ihre Angeh\u00f6rigen.<\/p>\n<p>Alltagsbegleiterinnen und Alltagsbegleiter helfen, diese L\u00fccke zu schlie\u00dfen \u2013 mit Gespr\u00e4chen, Begleitung, kleinen Hilfen im Alltag und menschlicher N\u00e4he im h\u00e4uslichen Umfeld.<\/p>\n<p>Mit dieser kostenlosen Qualifizierung erhalten Sie das n\u00f6tige Wissen und die Voraussetzungen, um in diesem Bereich t\u00e4tig zu werden.<\/p>\n<p>&nbsp;<\/p>\n<p><strong>F\u00fcr wen ist der Kurs gedacht?<\/strong><\/p>\n<p>Der Kurs richtet sich an alle Interessierten, unabh\u00e4ngig von Geschlecht, Alter oder Vorerfahrung.<\/p>\n<p>Ob als Einstieg in eine neue T\u00e4tigkeit, ehrenamtliches Engagement oder sinnvolle Besch\u00e4ftigung \u2013 willkommen ist jeder, der pflegebed\u00fcrftige Menschen im Alltag unterst\u00fctzen m\u00f6chte.<\/p>\n<p>Es sind keine Vorkenntnisse erforderlich \u2013 Interesse und Einf\u00fchlungsverm\u00f6gen z\u00e4hlen.<\/p>\n<p>&nbsp;<\/p>\n<p><strong>Besonderheit:<\/strong><\/p>\n<p>Nach erfolgreichem Abschluss besteht die M\u00f6glichkeit, mit einem ambulanten Pflegedienst oder einer Einrichtung zusammenzuarbeiten.<\/p>\n<p>Das bietet nicht nur einen strukturierten Rahmen, sondern erm\u00f6glicht auch, dass das Unterst\u00fctzungsangebot f\u00fcr Pflegebed\u00fcrftige deutlich g\u00fcnstiger ist als \u00fcber klassische Pflegedienste \u2013 bei vergleichbarer Qualit\u00e4t.<\/p>\n<p>So profitieren sowohl die Betroffenen als auch die Begleitenden.<\/p>\n<p>&nbsp;<\/p>\n<p><strong>Rahmenbedingungen:<\/strong><\/p>\n<p>Kosten: Die Teilnahme ist kostenlos<\/p>\n<p>(Hinweis: Der Kurs hat normalerweise einen Wert von 290 Euro)<\/p>\n<p>Kursdauer: 30 Unterrichtseinheiten<\/p>\n<p>&nbsp;<\/p>\n<p><strong>Kursstart:<\/strong><\/p>\n<p>Im Herbst in Meppen<\/p>\n<p>Der genaue Termin wird in Absprache mit den Teilnehmenden festgelegt<\/p>\n<p>Alternativ auch in Dalum m\u00f6glich, wenn sich dort gen\u00fcgend Interessierte finden.<\/p>\n<p>Hinweis: Es gibt keine Teilnehmerbegrenzung \u2013 bei gro\u00dfem Interesse werden weitere Kurse angeboten!<\/p>\n<p>&nbsp;<\/p>\n<p><strong>Kursinhalte (Auswahl):<\/strong><\/p>\n<p>Grundlagen h\u00e4ufiger Krankheitsbilder<\/p>\n<p>Hygiene &amp; hauswirtschaftliche Versorgung<\/p>\n<p>Kommunikation und Gespr\u00e4chsf\u00fchrung<\/p>\n<p>Umgang mit Verhaltensauff\u00e4lligkeiten<\/p>\n<p>Verhalten in Krisen- und Notfallsituationen<\/p>\n<p>Methoden der Alltagsbetreuung<\/p>\n<p>Aufgaben und Rolle von Alltagsbegleiter*innen<\/p>\n<p>Vorsorgevollmacht, rechtliche Grundlagen<\/p>\n<p>Leistungen der Kranken- und Pflegeversicherung<\/p>\n<p>Beratungs- und Unterst\u00fctzungsangebote der Pflegekassen<\/p>\n<p>&nbsp;<\/p>\n<p><strong>Ihre Vorteile auf einen Blick:<\/strong><\/p>\n<p>Anerkannte Qualifikation zur Alltagsbegleitung nach \u00a7 45a SGB XI<\/p>\n<p>M\u00f6glichkeit zur T\u00e4tigkeit im Rahmen des Entlastungsbetrags nach \u00a7 45b SGB XI<\/p>\n<p>Option auf Zusammenarbeit mit einer Einrichtung oder einem Pflegedienst<\/p>\n<p>Anspruch auf Aufwandsentsch\u00e4digung<\/p>\n<p>Gesellschaftlich sinnvolle und pers\u00f6nlich bereichernde T\u00e4tigkeit<\/p>\n<p>&nbsp;<\/p>\n<p>Jetzt unverbindlich informieren oder anmelden!<\/p>\n<p>F\u00fcr Fragen oder Anmeldung wenden Sie sich bitte an:<\/p>\n<p>Ingrid Hermes Tel. 0591 97787194 Handy 0151 23545223<\/p>\n","protected":false},"excerpt":{"rendered":"<p>Kostenlose Qualifizierung zur Alltagsbegleitung nach \u00a7 45a SGB XI Ein offenes Angebot f\u00fcr alle Interessierten &nbsp; Im l\u00e4ndlichen Raum fehlen h\u00e4ufig bezahlbare und alltagsnahe Unterst\u00fctzungsangebote f\u00fcr pflegebed\u00fcrftige Menschen und ihre <a class=\"more-link\" href=\"https:\/\/www.landfrauen-meppen.de\/dalum\/2025\/06\/05\/kostenlose-qualifizierung-zur-alltagsbegleitung-nach-%c2%a7-45a-sgb-xi\/\">weiterlesen&#8230;(hier klicken)<\/a><\/p>\n","protected":false},"author":3,"featured_media":3653,"comment_status":"closed","ping_status":"closed","sticky":false,"template":"","format":"standard","meta":{"footnotes":""},"categories":[1],"tags":[],"class_list":["post-3692","post","type-post","status-publish","format-standard","has-post-thumbnail","hentry","category-allgemein"],"_links":{"self":[{"href":"https:\/\/www.landfrauen-meppen.de\/dalum\/wp-json\/wp\/v2\/posts\/3692","targetHints":{"allow":["GET"]}}],"collection":[{"href":"https:\/\/www.landfrauen-meppen.de\/dalum\/wp-json\/wp\/v2\/posts"}],"about":[{"href":"https:\/\/www.landfrauen-meppen.de\/dalum\/wp-json\/wp\/v2\/types\/post"}],"author":[{"embeddable":true,"href":"https:\/\/www.landfrauen-meppen.de\/dalum\/wp-json\/wp\/v2\/users\/3"}],"replies":[{"embeddable":true,"href":"https:\/\/www.landfrauen-meppen.de\/dalum\/wp-json\/wp\/v2\/comments?post=3692"}],"version-history":[{"count":3,"href":"https:\/\/www.landfrauen-meppen.de\/dalum\/wp-json\/wp\/v2\/posts\/3692\/revisions"}],"predecessor-version":[{"id":3697,"href":"https:\/\/www.landfrauen-meppen.de\/dalum\/wp-json\/wp\/v2\/posts\/3692\/revisions\/3697"}],"wp:featuredmedia":[{"embeddable":true,"href":"https:\/\/www.landfrauen-meppen.de\/dalum\/wp-json\/wp\/v2\/media\/3653"}],"wp:attachment":[{"href":"https:\/\/www.landfrauen-meppen.de\/dalum\/wp-json\/wp\/v2\/media?parent=3692"}],"wp:term":[{"taxonomy":"category","embeddable":true,"href":"https:\/\/www.landfrauen-meppen.de\/dalum\/wp-json\/wp\/v2\/categories?post=3692"},{"taxonomy":"post_tag","embeddable":true,"href":"https:\/\/www.landfrauen-meppen.de\/dalum\/wp-json\/wp\/v2\/tags?post=3692"}],"curies":[{"name":"wp","href":"https:\/\/api.w.org\/{rel}","templated":true}]}}