{"id":3688,"date":"2025-06-05T21:18:32","date_gmt":"2025-06-05T19:18:32","guid":{"rendered":"https:\/\/www.landfrauen-meppen.de\/dalum\/?p=3688"},"modified":"2025-06-05T21:18:32","modified_gmt":"2025-06-05T19:18:32","slug":"einladung-drei-gaerten-drei-welten-eine-landfrauen-radtour-voller-ueberraschungen","status":"publish","type":"post","link":"https:\/\/www.landfrauen-meppen.de\/dalum\/2025\/06\/05\/einladung-drei-gaerten-drei-welten-eine-landfrauen-radtour-voller-ueberraschungen\/","title":{"rendered":"Einladung Drei G\u00e4rten \u2013 Drei Welten! Eine Landfrauen-Radtour voller \u00dcberraschungen"},"content":{"rendered":"<p><strong><u>Einladung Landfrauen Dalum<\/u><\/strong><\/p>\n<p><strong>Drei G\u00e4rten \u2013 Drei Welten!<\/strong><\/p>\n<p><strong>Eine Landfrauen-Radtour voller \u00dcberraschungen<\/strong><\/p>\n<p>Termin: \u00a0\u00a0\u00a0\u00a0 01. Juli 2025 um 13:30 Uhr<\/p>\n<p>Ort: \u00a0 \u00a0\u00a0\u00a0\u00a0\u00a0\u00a0\u00a0\u00a0 Rathausplatz in Dalum<\/p>\n<p>Kosten:\u00a0\u00a0\u00a0\u00a0\u00a0 8 \u20ac f\u00fcr Kaffee, Kuchen und sonstiges<\/p>\n<p>Drei G\u00e4rten \u2013 Drei Welten:<\/p>\n<p>Ein weitl\u00e4ufiger Garten mit einem traumhaften Teich<\/p>\n<p>Ein liebevoll gestalteter Landhausgarten einer jungen Familie<\/p>\n<p>Ein Garten voller kreativer Ideen mit recycelter Dekoration<\/p>\n<p>Die genauen Ziele bleiben bis zur Ankunft geheim \u2013 lasst euch \u00fcberraschen! Die Tour ist ca. 10 km lang und f\u00fchrt uns zu drei ganz unterschiedlichen Gartenparadiesen.<\/p>\n<p>Im letzten Garten lassen wir den Nachmittag bei Kaffee und Kuchen gem\u00fctlich ausklingen.<\/p>\n<p>Auch wer lieber mit dem Auto anreisen m\u00f6chte, ist herzlich willkommen!<\/p>\n<p>Bitte mitbringen: Tasse, Teller, Besteck und ein kleines Pinnchen f\u00fcr das Kaffee trinken Getr\u00e4nke f\u00fcr unterwegs bitte selbst mitbringen.<\/p>\n<p>Das Mitbringen von Kaffeegeschirr hilft unserer Gastgeberin \u2013 vielen Dank!<\/p>\n<p>Anmeldung bitte bis zum 23. Juni 2025 bei euren Vertrauensfrauen.<\/p>\n<p>Herzliche Gr\u00fc\u00dfe<\/p>\n<p>Euer Vorstandsteam der Landfrauen Dalum<\/p>\n<p><img loading=\"lazy\" decoding=\"async\" class=\"aligncenter size-large wp-image-3689\" src=\"https:\/\/www.landfrauen-meppen.de\/dalum\/wp-content\/uploads\/sites\/3\/2025\/06\/WhatsApp-Image-2025-06-05-at-19.54.26-1-768x1024.jpeg\" alt=\"\" width=\"690\" height=\"920\" srcset=\"https:\/\/www.landfrauen-meppen.de\/dalum\/wp-content\/uploads\/sites\/3\/2025\/06\/WhatsApp-Image-2025-06-05-at-19.54.26-1-768x1024.jpeg 768w, https:\/\/www.landfrauen-meppen.de\/dalum\/wp-content\/uploads\/sites\/3\/2025\/06\/WhatsApp-Image-2025-06-05-at-19.54.26-1-225x300.jpeg 225w, https:\/\/www.landfrauen-meppen.de\/dalum\/wp-content\/uploads\/sites\/3\/2025\/06\/WhatsApp-Image-2025-06-05-at-19.54.26-1-1152x1536.jpeg 1152w, https:\/\/www.landfrauen-meppen.de\/dalum\/wp-content\/uploads\/sites\/3\/2025\/06\/WhatsApp-Image-2025-06-05-at-19.54.26-1-113x150.jpeg 113w, https:\/\/www.landfrauen-meppen.de\/dalum\/wp-content\/uploads\/sites\/3\/2025\/06\/WhatsApp-Image-2025-06-05-at-19.54.26-1.jpeg 1500w\" sizes=\"auto, (max-width: 690px) 100vw, 690px\" \/> <img loading=\"lazy\" decoding=\"async\" class=\"aligncenter size-large wp-image-3690\" src=\"https:\/\/www.landfrauen-meppen.de\/dalum\/wp-content\/uploads\/sites\/3\/2025\/06\/WhatsApp-Image-2025-06-05-at-19.54.26-768x1024.jpeg\" alt=\"\" width=\"690\" height=\"920\" srcset=\"https:\/\/www.landfrauen-meppen.de\/dalum\/wp-content\/uploads\/sites\/3\/2025\/06\/WhatsApp-Image-2025-06-05-at-19.54.26-768x1024.jpeg 768w, https:\/\/www.landfrauen-meppen.de\/dalum\/wp-content\/uploads\/sites\/3\/2025\/06\/WhatsApp-Image-2025-06-05-at-19.54.26-225x300.jpeg 225w, https:\/\/www.landfrauen-meppen.de\/dalum\/wp-content\/uploads\/sites\/3\/2025\/06\/WhatsApp-Image-2025-06-05-at-19.54.26-1152x1536.jpeg 1152w, https:\/\/www.landfrauen-meppen.de\/dalum\/wp-content\/uploads\/sites\/3\/2025\/06\/WhatsApp-Image-2025-06-05-at-19.54.26-113x150.jpeg 113w, https:\/\/www.landfrauen-meppen.de\/dalum\/wp-content\/uploads\/sites\/3\/2025\/06\/WhatsApp-Image-2025-06-05-at-19.54.26.jpeg 1500w\" sizes=\"auto, (max-width: 690px) 100vw, 690px\" \/><\/p>\n","protected":false},"excerpt":{"rendered":"<p>Einladung Landfrauen Dalum Drei G\u00e4rten \u2013 Drei Welten! Eine Landfrauen-Radtour voller \u00dcberraschungen Termin: \u00a0\u00a0\u00a0\u00a0 01. Juli 2025 um 13:30 Uhr Ort: \u00a0 \u00a0\u00a0\u00a0\u00a0\u00a0\u00a0\u00a0\u00a0 Rathausplatz in Dalum Kosten:\u00a0\u00a0\u00a0\u00a0\u00a0 8 \u20ac f\u00fcr <a class=\"more-link\" href=\"https:\/\/www.landfrauen-meppen.de\/dalum\/2025\/06\/05\/einladung-drei-gaerten-drei-welten-eine-landfrauen-radtour-voller-ueberraschungen\/\">weiterlesen&#8230;(hier klicken)<\/a><\/p>\n","protected":false},"author":3,"featured_media":3690,"comment_status":"closed","ping_status":"closed","sticky":false,"template":"","format":"standard","meta":{"footnotes":""},"categories":[1],"tags":[],"class_list":["post-3688","post","type-post","status-publish","format-standard","has-post-thumbnail","hentry","category-allgemein"],"_links":{"self":[{"href":"https:\/\/www.landfrauen-meppen.de\/dalum\/wp-json\/wp\/v2\/posts\/3688","targetHints":{"allow":["GET"]}}],"collection":[{"href":"https:\/\/www.landfrauen-meppen.de\/dalum\/wp-json\/wp\/v2\/posts"}],"about":[{"href":"https:\/\/www.landfrauen-meppen.de\/dalum\/wp-json\/wp\/v2\/types\/post"}],"author":[{"embeddable":true,"href":"https:\/\/www.landfrauen-meppen.de\/dalum\/wp-json\/wp\/v2\/users\/3"}],"replies":[{"embeddable":true,"href":"https:\/\/www.landfrauen-meppen.de\/dalum\/wp-json\/wp\/v2\/comments?post=3688"}],"version-history":[{"count":1,"href":"https:\/\/www.landfrauen-meppen.de\/dalum\/wp-json\/wp\/v2\/posts\/3688\/revisions"}],"predecessor-version":[{"id":3691,"href":"https:\/\/www.landfrauen-meppen.de\/dalum\/wp-json\/wp\/v2\/posts\/3688\/revisions\/3691"}],"wp:featuredmedia":[{"embeddable":true,"href":"https:\/\/www.landfrauen-meppen.de\/dalum\/wp-json\/wp\/v2\/media\/3690"}],"wp:attachment":[{"href":"https:\/\/www.landfrauen-meppen.de\/dalum\/wp-json\/wp\/v2\/media?parent=3688"}],"wp:term":[{"taxonomy":"category","embeddable":true,"href":"https:\/\/www.landfrauen-meppen.de\/dalum\/wp-json\/wp\/v2\/categories?post=3688"},{"taxonomy":"post_tag","embeddable":true,"href":"https:\/\/www.landfrauen-meppen.de\/dalum\/wp-json\/wp\/v2\/tags?post=3688"}],"curies":[{"name":"wp","href":"https:\/\/api.w.org\/{rel}","templated":true}]}}