{"id":3681,"date":"2025-05-13T13:12:42","date_gmt":"2025-05-13T11:12:42","guid":{"rendered":"https:\/\/www.landfrauen-meppen.de\/dalum\/?p=3681"},"modified":"2025-05-13T13:12:42","modified_gmt":"2025-05-13T11:12:42","slug":"pflanzaktion-der-landfrauen-dalum","status":"publish","type":"post","link":"https:\/\/www.landfrauen-meppen.de\/dalum\/2025\/05\/13\/pflanzaktion-der-landfrauen-dalum\/","title":{"rendered":"Pflanzaktion der Landfrauen Dalum"},"content":{"rendered":"<div class=\"xdj266r x11i5rnm xat24cr x1mh8g0r x1vvkbs\">\n<div dir=\"auto\">\ud83c\udf31 Pflanzaktion der Landfrauen Dalum, \ud83c\udf3c<\/div>\n<\/div>\n<div class=\"x11i5rnm xat24cr x1mh8g0r x1vvkbs xtlvy1s\">\n<div dir=\"auto\">der Vorstand der Landfrauen Dalum hat am Wochenende zw\u00f6lf klimaresistente und bienenfreundliche Stauden gepflanzt. Die Aktion steht ganz im Zeichen von Nachhaltigkeit und Artenvielfalt &#8211; ein kleiner, aber wichtiger Beitrag f\u00fcr eine bl\u00fchende und zukunftsf\u00e4hige Umwelt. \ud83d\udc1d\ud83d\udc9a<\/div>\n<\/div>\n<div class=\"x11i5rnm xat24cr x1mh8g0r x1vvkbs xtlvy1s\">\n<div dir=\"auto\">Wir freuen uns, wenn hier bald viele Insekten ein neues Zuhause finden.<\/div>\n<div dir=\"auto\"><\/div>\n<\/div>\n<div dir=\"auto\"><img loading=\"lazy\" decoding=\"async\" class=\"aligncenter size-large wp-image-3682\" src=\"https:\/\/www.landfrauen-meppen.de\/dalum\/wp-content\/uploads\/sites\/3\/2025\/05\/WhatsApp-Image-2025-05-09-at-22.25.35-768x1024.jpeg\" alt=\"\" width=\"690\" height=\"920\" srcset=\"https:\/\/www.landfrauen-meppen.de\/dalum\/wp-content\/uploads\/sites\/3\/2025\/05\/WhatsApp-Image-2025-05-09-at-22.25.35-768x1024.jpeg 768w, https:\/\/www.landfrauen-meppen.de\/dalum\/wp-content\/uploads\/sites\/3\/2025\/05\/WhatsApp-Image-2025-05-09-at-22.25.35-225x300.jpeg 225w, https:\/\/www.landfrauen-meppen.de\/dalum\/wp-content\/uploads\/sites\/3\/2025\/05\/WhatsApp-Image-2025-05-09-at-22.25.35-1152x1536.jpeg 1152w, https:\/\/www.landfrauen-meppen.de\/dalum\/wp-content\/uploads\/sites\/3\/2025\/05\/WhatsApp-Image-2025-05-09-at-22.25.35-113x150.jpeg 113w, https:\/\/www.landfrauen-meppen.de\/dalum\/wp-content\/uploads\/sites\/3\/2025\/05\/WhatsApp-Image-2025-05-09-at-22.25.35.jpeg 1500w\" sizes=\"auto, (max-width: 690px) 100vw, 690px\" \/> <img loading=\"lazy\" decoding=\"async\" class=\"aligncenter size-large wp-image-3683\" src=\"https:\/\/www.landfrauen-meppen.de\/dalum\/wp-content\/uploads\/sites\/3\/2025\/05\/WhatsApp-Image-2025-05-09-at-22.25.35-1-768x1024.jpeg\" alt=\"\" width=\"690\" height=\"920\" srcset=\"https:\/\/www.landfrauen-meppen.de\/dalum\/wp-content\/uploads\/sites\/3\/2025\/05\/WhatsApp-Image-2025-05-09-at-22.25.35-1-768x1024.jpeg 768w, https:\/\/www.landfrauen-meppen.de\/dalum\/wp-content\/uploads\/sites\/3\/2025\/05\/WhatsApp-Image-2025-05-09-at-22.25.35-1-225x300.jpeg 225w, https:\/\/www.landfrauen-meppen.de\/dalum\/wp-content\/uploads\/sites\/3\/2025\/05\/WhatsApp-Image-2025-05-09-at-22.25.35-1-1152x1536.jpeg 1152w, https:\/\/www.landfrauen-meppen.de\/dalum\/wp-content\/uploads\/sites\/3\/2025\/05\/WhatsApp-Image-2025-05-09-at-22.25.35-1-113x150.jpeg 113w, https:\/\/www.landfrauen-meppen.de\/dalum\/wp-content\/uploads\/sites\/3\/2025\/05\/WhatsApp-Image-2025-05-09-at-22.25.35-1.jpeg 1500w\" sizes=\"auto, (max-width: 690px) 100vw, 690px\" \/> <img loading=\"lazy\" decoding=\"async\" class=\"aligncenter size-large wp-image-3684\" src=\"https:\/\/www.landfrauen-meppen.de\/dalum\/wp-content\/uploads\/sites\/3\/2025\/05\/WhatsApp-Image-2025-05-09-at-22.25.35-2-768x1024.jpeg\" alt=\"\" width=\"690\" height=\"920\" srcset=\"https:\/\/www.landfrauen-meppen.de\/dalum\/wp-content\/uploads\/sites\/3\/2025\/05\/WhatsApp-Image-2025-05-09-at-22.25.35-2-768x1024.jpeg 768w, https:\/\/www.landfrauen-meppen.de\/dalum\/wp-content\/uploads\/sites\/3\/2025\/05\/WhatsApp-Image-2025-05-09-at-22.25.35-2-225x300.jpeg 225w, https:\/\/www.landfrauen-meppen.de\/dalum\/wp-content\/uploads\/sites\/3\/2025\/05\/WhatsApp-Image-2025-05-09-at-22.25.35-2-1152x1536.jpeg 1152w, https:\/\/www.landfrauen-meppen.de\/dalum\/wp-content\/uploads\/sites\/3\/2025\/05\/WhatsApp-Image-2025-05-09-at-22.25.35-2-113x150.jpeg 113w, https:\/\/www.landfrauen-meppen.de\/dalum\/wp-content\/uploads\/sites\/3\/2025\/05\/WhatsApp-Image-2025-05-09-at-22.25.35-2.jpeg 1500w\" sizes=\"auto, (max-width: 690px) 100vw, 690px\" \/> <img loading=\"lazy\" decoding=\"async\" class=\"aligncenter size-large wp-image-3685\" src=\"https:\/\/www.landfrauen-meppen.de\/dalum\/wp-content\/uploads\/sites\/3\/2025\/05\/WhatsApp-Image-2025-05-09-at-22.25.35-3-768x1024.jpeg\" alt=\"\" width=\"690\" height=\"920\" srcset=\"https:\/\/www.landfrauen-meppen.de\/dalum\/wp-content\/uploads\/sites\/3\/2025\/05\/WhatsApp-Image-2025-05-09-at-22.25.35-3-768x1024.jpeg 768w, https:\/\/www.landfrauen-meppen.de\/dalum\/wp-content\/uploads\/sites\/3\/2025\/05\/WhatsApp-Image-2025-05-09-at-22.25.35-3-225x300.jpeg 225w, https:\/\/www.landfrauen-meppen.de\/dalum\/wp-content\/uploads\/sites\/3\/2025\/05\/WhatsApp-Image-2025-05-09-at-22.25.35-3-1152x1536.jpeg 1152w, https:\/\/www.landfrauen-meppen.de\/dalum\/wp-content\/uploads\/sites\/3\/2025\/05\/WhatsApp-Image-2025-05-09-at-22.25.35-3-113x150.jpeg 113w, https:\/\/www.landfrauen-meppen.de\/dalum\/wp-content\/uploads\/sites\/3\/2025\/05\/WhatsApp-Image-2025-05-09-at-22.25.35-3.jpeg 1500w\" sizes=\"auto, (max-width: 690px) 100vw, 690px\" \/><\/div>\n","protected":false},"excerpt":{"rendered":"<p>\ud83c\udf31 Pflanzaktion der Landfrauen Dalum, \ud83c\udf3c der Vorstand der Landfrauen Dalum hat am Wochenende zw\u00f6lf klimaresistente und bienenfreundliche Stauden gepflanzt. Die Aktion steht ganz im Zeichen von Nachhaltigkeit und Artenvielfalt <a class=\"more-link\" href=\"https:\/\/www.landfrauen-meppen.de\/dalum\/2025\/05\/13\/pflanzaktion-der-landfrauen-dalum\/\">weiterlesen&#8230;(hier klicken)<\/a><\/p>\n","protected":false},"author":3,"featured_media":3684,"comment_status":"closed","ping_status":"closed","sticky":false,"template":"","format":"standard","meta":{"footnotes":""},"categories":[1,3],"tags":[],"class_list":["post-3681","post","type-post","status-publish","format-standard","has-post-thumbnail","hentry","category-allgemein","category-bilder"],"_links":{"self":[{"href":"https:\/\/www.landfrauen-meppen.de\/dalum\/wp-json\/wp\/v2\/posts\/3681","targetHints":{"allow":["GET"]}}],"collection":[{"href":"https:\/\/www.landfrauen-meppen.de\/dalum\/wp-json\/wp\/v2\/posts"}],"about":[{"href":"https:\/\/www.landfrauen-meppen.de\/dalum\/wp-json\/wp\/v2\/types\/post"}],"author":[{"embeddable":true,"href":"https:\/\/www.landfrauen-meppen.de\/dalum\/wp-json\/wp\/v2\/users\/3"}],"replies":[{"embeddable":true,"href":"https:\/\/www.landfrauen-meppen.de\/dalum\/wp-json\/wp\/v2\/comments?post=3681"}],"version-history":[{"count":1,"href":"https:\/\/www.landfrauen-meppen.de\/dalum\/wp-json\/wp\/v2\/posts\/3681\/revisions"}],"predecessor-version":[{"id":3686,"href":"https:\/\/www.landfrauen-meppen.de\/dalum\/wp-json\/wp\/v2\/posts\/3681\/revisions\/3686"}],"wp:featuredmedia":[{"embeddable":true,"href":"https:\/\/www.landfrauen-meppen.de\/dalum\/wp-json\/wp\/v2\/media\/3684"}],"wp:attachment":[{"href":"https:\/\/www.landfrauen-meppen.de\/dalum\/wp-json\/wp\/v2\/media?parent=3681"}],"wp:term":[{"taxonomy":"category","embeddable":true,"href":"https:\/\/www.landfrauen-meppen.de\/dalum\/wp-json\/wp\/v2\/categories?post=3681"},{"taxonomy":"post_tag","embeddable":true,"href":"https:\/\/www.landfrauen-meppen.de\/dalum\/wp-json\/wp\/v2\/tags?post=3681"}],"curies":[{"name":"wp","href":"https:\/\/api.w.org\/{rel}","templated":true}]}}