{"id":3612,"date":"2025-02-27T12:46:25","date_gmt":"2025-02-27T11:46:25","guid":{"rendered":"https:\/\/www.landfrauen-meppen.de\/dalum\/?p=3612"},"modified":"2025-02-27T12:46:25","modified_gmt":"2025-02-27T11:46:25","slug":"einladung-dalumer-landfrauen-zwei-tage-mit-dem-rad-on-tour-3","status":"publish","type":"post","link":"https:\/\/www.landfrauen-meppen.de\/dalum\/2025\/02\/27\/einladung-dalumer-landfrauen-zwei-tage-mit-dem-rad-on-tour-3\/","title":{"rendered":"Einladung Dalumer Landfrauen zwei Tage mit dem Rad on Tour."},"content":{"rendered":"<p><strong>\u201eDalumer Landfrauen zwei Tage mit dem Rad on Tour.\u201c<\/strong><\/p>\n<p>Termin: 04. und 05. September 2025<\/p>\n<p>Es ist wieder soweit &#8211; unsere beliebte \u201eLandfrauen on Tour\u201c geht in die vierte Runde.<\/p>\n<p>Auch in diesem Jahr erwartet uns wieder eine wundersch\u00f6ne Strecke, bei der nicht nur das Radfahren, sondern auch das gemeinsame Erleben im Vordergrund steht.<\/p>\n<p>Diesmal geht es in die Grafschaft Bentheim, aber nicht auf direktem Weg! Stattdessen genie\u00dfen wir eine ausgedehnte Tour mit einem Abstecher in die sch\u00f6nen Niederlande &#8211; auf den idyllischen \u201eP\u00e4ttkes\u201c, wie die Holl\u00e4nder ihre Wege nennen.<\/p>\n<p>Unsere Tour im \u00dcberblick:<\/p>\n<p>Hinweg: ca. 70 km mit einer gem\u00fctlichen Fr\u00fchst\u00fcckspause nach ca. 25 km.<\/p>\n<p>\u00dcbernachtung: in der Pension Altes Feuerwehrhaus in Ohne (Doppel- und Einzelzimmer verf\u00fcgbar) Preis pro Person inkl. Fr\u00fchst\u00fcck ca. 50 \u20ac. Hinzu kommen Kosten f\u00fcr Fr\u00fchst\u00fcck am ersten Tag, Abendessen, Kaffeetrinken etc.<\/p>\n<p>R\u00fcckfahrt: ca. 60 km, am Wasser entlang und durch wundersch\u00f6ne Natur mit Einkehr.<\/p>\n<p>Da die Teilnehmerzahl begrenzt ist, bitten wir um telefonische Anmeldung bei Margret Dall . Die Anmeldung ist am 01.04.2025 ab 19:00 Uhr m\u00f6glich. Anmeldungen vor 19:00 Uhr k\u00f6nnen nicht ber\u00fccksichtigt werden.<\/p>\n<p>Pro Person kann nur eine weitere Person angemeldet werden (nur f\u00fcr Mitglieder der Landfrauen Dalum).<\/p>\n<p>Vor der Veranstaltung findet eine Informationsveranstaltung f\u00fcr alle angemeldeten Teilnehmer statt.<\/p>\n<p>Wir freuen uns auf Euch!<\/p>\n<p>Der Vorstand<\/p>\n<p>&nbsp;<\/p>\n<p><img loading=\"lazy\" decoding=\"async\" class=\"aligncenter size-large wp-image-3613\" src=\"https:\/\/www.landfrauen-meppen.de\/dalum\/wp-content\/uploads\/sites\/3\/2025\/02\/Kopie-von-Kultur-und-Genuss-Besuch-im-Bauernmuseum-Osterwald-1024x1024.png\" alt=\"\" width=\"690\" height=\"690\" srcset=\"https:\/\/www.landfrauen-meppen.de\/dalum\/wp-content\/uploads\/sites\/3\/2025\/02\/Kopie-von-Kultur-und-Genuss-Besuch-im-Bauernmuseum-Osterwald-1024x1024.png 1024w, https:\/\/www.landfrauen-meppen.de\/dalum\/wp-content\/uploads\/sites\/3\/2025\/02\/Kopie-von-Kultur-und-Genuss-Besuch-im-Bauernmuseum-Osterwald-300x300.png 300w, https:\/\/www.landfrauen-meppen.de\/dalum\/wp-content\/uploads\/sites\/3\/2025\/02\/Kopie-von-Kultur-und-Genuss-Besuch-im-Bauernmuseum-Osterwald-150x150.png 150w, https:\/\/www.landfrauen-meppen.de\/dalum\/wp-content\/uploads\/sites\/3\/2025\/02\/Kopie-von-Kultur-und-Genuss-Besuch-im-Bauernmuseum-Osterwald-768x768.png 768w, https:\/\/www.landfrauen-meppen.de\/dalum\/wp-content\/uploads\/sites\/3\/2025\/02\/Kopie-von-Kultur-und-Genuss-Besuch-im-Bauernmuseum-Osterwald.png 1080w\" sizes=\"auto, (max-width: 690px) 100vw, 690px\" \/><\/p>\n","protected":false},"excerpt":{"rendered":"<p>\u201eDalumer Landfrauen zwei Tage mit dem Rad on Tour.\u201c Termin: 04. und 05. September 2025 Es ist wieder soweit &#8211; unsere beliebte \u201eLandfrauen on Tour\u201c geht in die vierte Runde. <a class=\"more-link\" href=\"https:\/\/www.landfrauen-meppen.de\/dalum\/2025\/02\/27\/einladung-dalumer-landfrauen-zwei-tage-mit-dem-rad-on-tour-3\/\">weiterlesen&#8230;(hier klicken)<\/a><\/p>\n","protected":false},"author":3,"featured_media":3614,"comment_status":"closed","ping_status":"closed","sticky":false,"template":"","format":"standard","meta":{"footnotes":""},"categories":[1],"tags":[],"class_list":["post-3612","post","type-post","status-publish","format-standard","has-post-thumbnail","hentry","category-allgemein"],"_links":{"self":[{"href":"https:\/\/www.landfrauen-meppen.de\/dalum\/wp-json\/wp\/v2\/posts\/3612","targetHints":{"allow":["GET"]}}],"collection":[{"href":"https:\/\/www.landfrauen-meppen.de\/dalum\/wp-json\/wp\/v2\/posts"}],"about":[{"href":"https:\/\/www.landfrauen-meppen.de\/dalum\/wp-json\/wp\/v2\/types\/post"}],"author":[{"embeddable":true,"href":"https:\/\/www.landfrauen-meppen.de\/dalum\/wp-json\/wp\/v2\/users\/3"}],"replies":[{"embeddable":true,"href":"https:\/\/www.landfrauen-meppen.de\/dalum\/wp-json\/wp\/v2\/comments?post=3612"}],"version-history":[{"count":1,"href":"https:\/\/www.landfrauen-meppen.de\/dalum\/wp-json\/wp\/v2\/posts\/3612\/revisions"}],"predecessor-version":[{"id":3615,"href":"https:\/\/www.landfrauen-meppen.de\/dalum\/wp-json\/wp\/v2\/posts\/3612\/revisions\/3615"}],"wp:featuredmedia":[{"embeddable":true,"href":"https:\/\/www.landfrauen-meppen.de\/dalum\/wp-json\/wp\/v2\/media\/3614"}],"wp:attachment":[{"href":"https:\/\/www.landfrauen-meppen.de\/dalum\/wp-json\/wp\/v2\/media?parent=3612"}],"wp:term":[{"taxonomy":"category","embeddable":true,"href":"https:\/\/www.landfrauen-meppen.de\/dalum\/wp-json\/wp\/v2\/categories?post=3612"},{"taxonomy":"post_tag","embeddable":true,"href":"https:\/\/www.landfrauen-meppen.de\/dalum\/wp-json\/wp\/v2\/tags?post=3612"}],"curies":[{"name":"wp","href":"https:\/\/api.w.org\/{rel}","templated":true}]}}