{"id":3601,"date":"2025-02-11T19:42:23","date_gmt":"2025-02-11T18:42:23","guid":{"rendered":"https:\/\/www.landfrauen-meppen.de\/dalum\/?p=3601"},"modified":"2025-02-11T19:44:35","modified_gmt":"2025-02-11T18:44:35","slug":"einladung-zum-kreativen-nachmittag","status":"publish","type":"post","link":"https:\/\/www.landfrauen-meppen.de\/dalum\/2025\/02\/11\/einladung-zum-kreativen-nachmittag\/","title":{"rendered":"Einladung zum kreativen Nachmittag"},"content":{"rendered":"<p><strong>Einladung zum kreativen Nachmittag<\/strong><\/p>\n<p>Termin: \u00a0\u00a0\u00a0\u00a0 21.M\u00e4rz 2025<\/p>\n<p>Uhrzeit:\u00a0\u00a0\u00a0\u00a0\u00a0 ab 15:00 Uhr<\/p>\n<p>Ort: \u00a0 \u00a0\u00a0\u00a0\u00a0\u00a0\u00a0\u00a0\u00a0 Haus Emmaus Dalum<\/p>\n<p>Kosten:\u00a0\u00a0\u00a0\u00a0\u00a0 F\u00fcr Material sowie Kaffee und Kuchen f\u00e4llt ein Kostenbeitrag an.<\/p>\n<p>Liebe Landfrauen,<\/p>\n<p>habt ihr Lust, gemeinsam kreativ zu werden? Dann seid ihr herzlich eingeladen zu einem gem\u00fctlichen Nachmittag, an dem wir wundersch\u00f6ne Gartenstecker gestalten. Ob mit Kerzen, Moos, Glas oder bl\u00fchenden Pflanzen \u2013 eurer Fantasie sind keine Grenzen gesetzt!<\/p>\n<p>Unsere Werkst\u00fccke sind kinderleicht herzustellen \u2013 also keine Sorge, wenn ihr euch nicht als gro\u00dfe Bastelprofis seht. Wir vom Vorstand stehen euch jederzeit helfend zur Seite!<\/p>\n<p>F\u00fcr eine kleine St\u00e4rkung mit Kaffee und Kuchen ist nat\u00fcrlich gesorgt. Bitte bringt eine Zange zum Drahtschneiden mit, wer hat, auch eine Zange zum Biegen \u2013 alles andere besorgen wir vom Vorstand.<\/p>\n<p>Ihr k\u00f6nnt gerne etwas sp\u00e4ter dazusto\u00dfen \u2013 auch nach 15 Uhr ist eine Teilnahme problemlos m\u00f6glich!.<\/p>\n<p>Wir bitten um Anmeldung bis sp\u00e4testens 15.M\u00e4rz 2025 bei den Vertrauensfrauen oder per E-Mail an LandfrauenvereinDalum@web.de<\/p>\n<p>Wir freuen uns auf einen kreativen und geselligen Nachmittag mit euch!<\/p>\n<p>Euer Vorstand<\/p>\n<p>&nbsp;<\/p>\n<p><img loading=\"lazy\" decoding=\"async\" class=\"aligncenter size-large wp-image-3602\" src=\"https:\/\/www.landfrauen-meppen.de\/dalum\/wp-content\/uploads\/sites\/3\/2025\/02\/Einladung-zum-kreativen-Nachmittag-1024x1024.png\" alt=\"\" width=\"690\" height=\"690\" srcset=\"https:\/\/www.landfrauen-meppen.de\/dalum\/wp-content\/uploads\/sites\/3\/2025\/02\/Einladung-zum-kreativen-Nachmittag-1024x1024.png 1024w, https:\/\/www.landfrauen-meppen.de\/dalum\/wp-content\/uploads\/sites\/3\/2025\/02\/Einladung-zum-kreativen-Nachmittag-300x300.png 300w, https:\/\/www.landfrauen-meppen.de\/dalum\/wp-content\/uploads\/sites\/3\/2025\/02\/Einladung-zum-kreativen-Nachmittag-150x150.png 150w, https:\/\/www.landfrauen-meppen.de\/dalum\/wp-content\/uploads\/sites\/3\/2025\/02\/Einladung-zum-kreativen-Nachmittag-768x768.png 768w, https:\/\/www.landfrauen-meppen.de\/dalum\/wp-content\/uploads\/sites\/3\/2025\/02\/Einladung-zum-kreativen-Nachmittag.png 1080w\" sizes=\"auto, (max-width: 690px) 100vw, 690px\" \/> <img loading=\"lazy\" decoding=\"async\" class=\"aligncenter size-large wp-image-3603\" src=\"https:\/\/www.landfrauen-meppen.de\/dalum\/wp-content\/uploads\/sites\/3\/2025\/02\/WhatsApp-Image-2025-02-11-at-19.09.02-1-768x1024.jpeg\" alt=\"\" width=\"690\" height=\"920\" srcset=\"https:\/\/www.landfrauen-meppen.de\/dalum\/wp-content\/uploads\/sites\/3\/2025\/02\/WhatsApp-Image-2025-02-11-at-19.09.02-1-768x1024.jpeg 768w, https:\/\/www.landfrauen-meppen.de\/dalum\/wp-content\/uploads\/sites\/3\/2025\/02\/WhatsApp-Image-2025-02-11-at-19.09.02-1-225x300.jpeg 225w, https:\/\/www.landfrauen-meppen.de\/dalum\/wp-content\/uploads\/sites\/3\/2025\/02\/WhatsApp-Image-2025-02-11-at-19.09.02-1-1152x1536.jpeg 1152w, https:\/\/www.landfrauen-meppen.de\/dalum\/wp-content\/uploads\/sites\/3\/2025\/02\/WhatsApp-Image-2025-02-11-at-19.09.02-1-113x150.jpeg 113w, https:\/\/www.landfrauen-meppen.de\/dalum\/wp-content\/uploads\/sites\/3\/2025\/02\/WhatsApp-Image-2025-02-11-at-19.09.02-1.jpeg 1500w\" sizes=\"auto, (max-width: 690px) 100vw, 690px\" \/> <img loading=\"lazy\" decoding=\"async\" class=\"aligncenter size-large wp-image-3604\" src=\"https:\/\/www.landfrauen-meppen.de\/dalum\/wp-content\/uploads\/sites\/3\/2025\/02\/WhatsApp-Image-2025-02-11-at-18.57.18-576x1024.jpeg\" alt=\"\" width=\"576\" height=\"1024\" srcset=\"https:\/\/www.landfrauen-meppen.de\/dalum\/wp-content\/uploads\/sites\/3\/2025\/02\/WhatsApp-Image-2025-02-11-at-18.57.18-576x1024.jpeg 576w, https:\/\/www.landfrauen-meppen.de\/dalum\/wp-content\/uploads\/sites\/3\/2025\/02\/WhatsApp-Image-2025-02-11-at-18.57.18-169x300.jpeg 169w, https:\/\/www.landfrauen-meppen.de\/dalum\/wp-content\/uploads\/sites\/3\/2025\/02\/WhatsApp-Image-2025-02-11-at-18.57.18-768x1365.jpeg 768w, https:\/\/www.landfrauen-meppen.de\/dalum\/wp-content\/uploads\/sites\/3\/2025\/02\/WhatsApp-Image-2025-02-11-at-18.57.18-864x1536.jpeg 864w, https:\/\/www.landfrauen-meppen.de\/dalum\/wp-content\/uploads\/sites\/3\/2025\/02\/WhatsApp-Image-2025-02-11-at-18.57.18-84x150.jpeg 84w, https:\/\/www.landfrauen-meppen.de\/dalum\/wp-content\/uploads\/sites\/3\/2025\/02\/WhatsApp-Image-2025-02-11-at-18.57.18.jpeg 1080w\" sizes=\"auto, (max-width: 576px) 100vw, 576px\" \/> <img loading=\"lazy\" decoding=\"async\" class=\"aligncenter size-large wp-image-3605\" src=\"https:\/\/www.landfrauen-meppen.de\/dalum\/wp-content\/uploads\/sites\/3\/2025\/02\/WhatsApp-Image-2025-02-11-at-18.59.30-2-768x1024.jpeg\" alt=\"\" width=\"690\" height=\"920\" srcset=\"https:\/\/www.landfrauen-meppen.de\/dalum\/wp-content\/uploads\/sites\/3\/2025\/02\/WhatsApp-Image-2025-02-11-at-18.59.30-2-768x1024.jpeg 768w, https:\/\/www.landfrauen-meppen.de\/dalum\/wp-content\/uploads\/sites\/3\/2025\/02\/WhatsApp-Image-2025-02-11-at-18.59.30-2-225x300.jpeg 225w, https:\/\/www.landfrauen-meppen.de\/dalum\/wp-content\/uploads\/sites\/3\/2025\/02\/WhatsApp-Image-2025-02-11-at-18.59.30-2-1152x1536.jpeg 1152w, https:\/\/www.landfrauen-meppen.de\/dalum\/wp-content\/uploads\/sites\/3\/2025\/02\/WhatsApp-Image-2025-02-11-at-18.59.30-2-113x150.jpeg 113w, https:\/\/www.landfrauen-meppen.de\/dalum\/wp-content\/uploads\/sites\/3\/2025\/02\/WhatsApp-Image-2025-02-11-at-18.59.30-2.jpeg 1500w\" sizes=\"auto, (max-width: 690px) 100vw, 690px\" \/> <img loading=\"lazy\" decoding=\"async\" class=\"aligncenter size-large wp-image-3606\" src=\"https:\/\/www.landfrauen-meppen.de\/dalum\/wp-content\/uploads\/sites\/3\/2025\/02\/WhatsApp-Image-2025-02-11-at-18.59.30-1-1024x768.jpeg\" alt=\"\" width=\"690\" height=\"518\" srcset=\"https:\/\/www.landfrauen-meppen.de\/dalum\/wp-content\/uploads\/sites\/3\/2025\/02\/WhatsApp-Image-2025-02-11-at-18.59.30-1-1024x768.jpeg 1024w, https:\/\/www.landfrauen-meppen.de\/dalum\/wp-content\/uploads\/sites\/3\/2025\/02\/WhatsApp-Image-2025-02-11-at-18.59.30-1-300x225.jpeg 300w, https:\/\/www.landfrauen-meppen.de\/dalum\/wp-content\/uploads\/sites\/3\/2025\/02\/WhatsApp-Image-2025-02-11-at-18.59.30-1-768x576.jpeg 768w, https:\/\/www.landfrauen-meppen.de\/dalum\/wp-content\/uploads\/sites\/3\/2025\/02\/WhatsApp-Image-2025-02-11-at-18.59.30-1-1536x1152.jpeg 1536w, https:\/\/www.landfrauen-meppen.de\/dalum\/wp-content\/uploads\/sites\/3\/2025\/02\/WhatsApp-Image-2025-02-11-at-18.59.30-1-200x150.jpeg 200w, https:\/\/www.landfrauen-meppen.de\/dalum\/wp-content\/uploads\/sites\/3\/2025\/02\/WhatsApp-Image-2025-02-11-at-18.59.30-1.jpeg 2000w\" sizes=\"auto, (max-width: 690px) 100vw, 690px\" \/> <img loading=\"lazy\" decoding=\"async\" class=\"aligncenter size-large wp-image-3607\" src=\"https:\/\/www.landfrauen-meppen.de\/dalum\/wp-content\/uploads\/sites\/3\/2025\/02\/WhatsApp-Image-2025-02-11-at-18.59.31-768x1024.jpeg\" alt=\"\" width=\"690\" height=\"920\" srcset=\"https:\/\/www.landfrauen-meppen.de\/dalum\/wp-content\/uploads\/sites\/3\/2025\/02\/WhatsApp-Image-2025-02-11-at-18.59.31-768x1024.jpeg 768w, https:\/\/www.landfrauen-meppen.de\/dalum\/wp-content\/uploads\/sites\/3\/2025\/02\/WhatsApp-Image-2025-02-11-at-18.59.31-225x300.jpeg 225w, https:\/\/www.landfrauen-meppen.de\/dalum\/wp-content\/uploads\/sites\/3\/2025\/02\/WhatsApp-Image-2025-02-11-at-18.59.31-1152x1536.jpeg 1152w, https:\/\/www.landfrauen-meppen.de\/dalum\/wp-content\/uploads\/sites\/3\/2025\/02\/WhatsApp-Image-2025-02-11-at-18.59.31-113x150.jpeg 113w, https:\/\/www.landfrauen-meppen.de\/dalum\/wp-content\/uploads\/sites\/3\/2025\/02\/WhatsApp-Image-2025-02-11-at-18.59.31.jpeg 1500w\" sizes=\"auto, (max-width: 690px) 100vw, 690px\" \/> <img loading=\"lazy\" decoding=\"async\" class=\"aligncenter size-large wp-image-3608\" src=\"https:\/\/www.landfrauen-meppen.de\/dalum\/wp-content\/uploads\/sites\/3\/2025\/02\/WhatsApp-Image-2025-02-11-at-18.59.30-768x1024.jpeg\" alt=\"\" width=\"690\" height=\"920\" srcset=\"https:\/\/www.landfrauen-meppen.de\/dalum\/wp-content\/uploads\/sites\/3\/2025\/02\/WhatsApp-Image-2025-02-11-at-18.59.30-768x1024.jpeg 768w, https:\/\/www.landfrauen-meppen.de\/dalum\/wp-content\/uploads\/sites\/3\/2025\/02\/WhatsApp-Image-2025-02-11-at-18.59.30-225x300.jpeg 225w, https:\/\/www.landfrauen-meppen.de\/dalum\/wp-content\/uploads\/sites\/3\/2025\/02\/WhatsApp-Image-2025-02-11-at-18.59.30-1152x1536.jpeg 1152w, https:\/\/www.landfrauen-meppen.de\/dalum\/wp-content\/uploads\/sites\/3\/2025\/02\/WhatsApp-Image-2025-02-11-at-18.59.30-113x150.jpeg 113w, https:\/\/www.landfrauen-meppen.de\/dalum\/wp-content\/uploads\/sites\/3\/2025\/02\/WhatsApp-Image-2025-02-11-at-18.59.30.jpeg 1500w\" sizes=\"auto, (max-width: 690px) 100vw, 690px\" \/><\/p>\n","protected":false},"excerpt":{"rendered":"<p>Einladung zum kreativen Nachmittag Termin: \u00a0\u00a0\u00a0\u00a0 21.M\u00e4rz 2025 Uhrzeit:\u00a0\u00a0\u00a0\u00a0\u00a0 ab 15:00 Uhr Ort: \u00a0 \u00a0\u00a0\u00a0\u00a0\u00a0\u00a0\u00a0\u00a0 Haus Emmaus Dalum Kosten:\u00a0\u00a0\u00a0\u00a0\u00a0 F\u00fcr Material sowie Kaffee und Kuchen f\u00e4llt ein Kostenbeitrag an. Liebe <a class=\"more-link\" href=\"https:\/\/www.landfrauen-meppen.de\/dalum\/2025\/02\/11\/einladung-zum-kreativen-nachmittag\/\">weiterlesen&#8230;(hier klicken)<\/a><\/p>\n","protected":false},"author":3,"featured_media":3608,"comment_status":"closed","ping_status":"closed","sticky":false,"template":"","format":"standard","meta":{"footnotes":""},"categories":[1],"tags":[],"class_list":["post-3601","post","type-post","status-publish","format-standard","has-post-thumbnail","hentry","category-allgemein"],"_links":{"self":[{"href":"https:\/\/www.landfrauen-meppen.de\/dalum\/wp-json\/wp\/v2\/posts\/3601","targetHints":{"allow":["GET"]}}],"collection":[{"href":"https:\/\/www.landfrauen-meppen.de\/dalum\/wp-json\/wp\/v2\/posts"}],"about":[{"href":"https:\/\/www.landfrauen-meppen.de\/dalum\/wp-json\/wp\/v2\/types\/post"}],"author":[{"embeddable":true,"href":"https:\/\/www.landfrauen-meppen.de\/dalum\/wp-json\/wp\/v2\/users\/3"}],"replies":[{"embeddable":true,"href":"https:\/\/www.landfrauen-meppen.de\/dalum\/wp-json\/wp\/v2\/comments?post=3601"}],"version-history":[{"count":2,"href":"https:\/\/www.landfrauen-meppen.de\/dalum\/wp-json\/wp\/v2\/posts\/3601\/revisions"}],"predecessor-version":[{"id":3610,"href":"https:\/\/www.landfrauen-meppen.de\/dalum\/wp-json\/wp\/v2\/posts\/3601\/revisions\/3610"}],"wp:featuredmedia":[{"embeddable":true,"href":"https:\/\/www.landfrauen-meppen.de\/dalum\/wp-json\/wp\/v2\/media\/3608"}],"wp:attachment":[{"href":"https:\/\/www.landfrauen-meppen.de\/dalum\/wp-json\/wp\/v2\/media?parent=3601"}],"wp:term":[{"taxonomy":"category","embeddable":true,"href":"https:\/\/www.landfrauen-meppen.de\/dalum\/wp-json\/wp\/v2\/categories?post=3601"},{"taxonomy":"post_tag","embeddable":true,"href":"https:\/\/www.landfrauen-meppen.de\/dalum\/wp-json\/wp\/v2\/tags?post=3601"}],"curies":[{"name":"wp","href":"https:\/\/api.w.org\/{rel}","templated":true}]}}