{"id":3397,"date":"2024-11-04T19:22:20","date_gmt":"2024-11-04T18:22:20","guid":{"rendered":"https:\/\/www.landfrauen-meppen.de\/dalum\/?p=3397"},"modified":"2024-11-04T19:22:20","modified_gmt":"2024-11-04T18:22:20","slug":"einladung-zur-adventsdeko-aktion","status":"publish","type":"post","link":"https:\/\/www.landfrauen-meppen.de\/dalum\/2024\/11\/04\/einladung-zur-adventsdeko-aktion\/","title":{"rendered":"Einladung zur Adventsdeko-Aktion"},"content":{"rendered":"<p>Datum: 19.11.24<br \/>\nUhrzeit: ab 15 Uhr bis ca.19 Uhr<br \/>\nOrt: Haus Emmaus<\/p>\n<p>Liebe Landfrauen und Mitglieder der Frauengruppe 2000,<\/p>\n<p>wir laden euch herzlich zu einer besonderen Veranstaltung ein! Gemeinsam<br \/>\nm\u00f6chten wir Adventsdekoration gestalten \u2013 nicht nur f\u00fcr uns selbst, sondern<br \/>\nauch f\u00fcr unsere \u00e4lteren Mitb\u00fcrger, die in den Heimen unserer Gemeinde leben.<br \/>\nGemeinsames Dekorieren: Bringt eure Kreativit\u00e4t ein und lasst uns zusammen<br \/>\nsch\u00f6ne Adventsdeko herstellen.<\/p>\n<p>Agnes Einhaus wird die Materialien f\u00fcr die Senioren mitbringen.<br \/>\nWir bringen gen\u00fcgend Gr\u00fcnmaterial mit, gerne auch selber was mitbringen.<br \/>\nBitte bringt auch wiederverwertbare Dekosachen wie Kugeln, B\u00e4nder und<br \/>\n\u00e4hnliches f\u00fcr eure eigene Deko mit.<br \/>\nAu\u00dferdem bitte eine Gartenschere, Seitenschneider, falls vorhanden<br \/>\nStrohr\u00f6mer<\/p>\n<p>Wir sorgen f\u00fcr einen gem\u00fctlichen Nachmittag\/Abend mit Kaffee,Tee, Wasser<br \/>\nund Geb\u00e4ck.<br \/>\nWir freuen uns auf euch!<\/p>\n<p>Lasst uns gemeinsam Freude schenken und einen unvergesslichen Nachmittag<br \/>\nverbringen. Euer Einsatz f\u00fcr die Senioren wird sicherlich gesch\u00e4tzt und<br \/>\nbereichert unsere Gemeinschaft.<\/p>\n<p><img loading=\"lazy\" decoding=\"async\" class=\"aligncenter size-large wp-image-3398\" src=\"https:\/\/www.landfrauen-meppen.de\/dalum\/wp-content\/uploads\/sites\/3\/2024\/11\/WhatsApp-Image-2024-11-04-at-15.22.37-1-1024x768.jpeg\" alt=\"\" width=\"690\" height=\"518\" srcset=\"https:\/\/www.landfrauen-meppen.de\/dalum\/wp-content\/uploads\/sites\/3\/2024\/11\/WhatsApp-Image-2024-11-04-at-15.22.37-1-1024x768.jpeg 1024w, https:\/\/www.landfrauen-meppen.de\/dalum\/wp-content\/uploads\/sites\/3\/2024\/11\/WhatsApp-Image-2024-11-04-at-15.22.37-1-300x225.jpeg 300w, https:\/\/www.landfrauen-meppen.de\/dalum\/wp-content\/uploads\/sites\/3\/2024\/11\/WhatsApp-Image-2024-11-04-at-15.22.37-1-768x576.jpeg 768w, https:\/\/www.landfrauen-meppen.de\/dalum\/wp-content\/uploads\/sites\/3\/2024\/11\/WhatsApp-Image-2024-11-04-at-15.22.37-1-1536x1152.jpeg 1536w, https:\/\/www.landfrauen-meppen.de\/dalum\/wp-content\/uploads\/sites\/3\/2024\/11\/WhatsApp-Image-2024-11-04-at-15.22.37-1-200x150.jpeg 200w, https:\/\/www.landfrauen-meppen.de\/dalum\/wp-content\/uploads\/sites\/3\/2024\/11\/WhatsApp-Image-2024-11-04-at-15.22.37-1.jpeg 2000w\" sizes=\"auto, (max-width: 690px) 100vw, 690px\" \/><br \/>\nAnmeldung bei den Vertrauensfrauen oder bei Agnes Einhaus bis zum 14.11.24<br \/>\nHerzliche Gr\u00fc\u00dfe, der Landfrauen Vorstand und Agnes Einhaus vom Frauentreff<br \/>\n2000<\/p>\n","protected":false},"excerpt":{"rendered":"<p>Datum: 19.11.24 Uhrzeit: ab 15 Uhr bis ca.19 Uhr Ort: Haus Emmaus Liebe Landfrauen und Mitglieder der Frauengruppe 2000, wir laden euch herzlich zu einer besonderen Veranstaltung ein! Gemeinsam m\u00f6chten <a class=\"more-link\" href=\"https:\/\/www.landfrauen-meppen.de\/dalum\/2024\/11\/04\/einladung-zur-adventsdeko-aktion\/\">weiterlesen&#8230;(hier klicken)<\/a><\/p>\n","protected":false},"author":3,"featured_media":3399,"comment_status":"closed","ping_status":"closed","sticky":false,"template":"","format":"standard","meta":{"footnotes":""},"categories":[1],"tags":[],"class_list":["post-3397","post","type-post","status-publish","format-standard","has-post-thumbnail","hentry","category-allgemein"],"_links":{"self":[{"href":"https:\/\/www.landfrauen-meppen.de\/dalum\/wp-json\/wp\/v2\/posts\/3397","targetHints":{"allow":["GET"]}}],"collection":[{"href":"https:\/\/www.landfrauen-meppen.de\/dalum\/wp-json\/wp\/v2\/posts"}],"about":[{"href":"https:\/\/www.landfrauen-meppen.de\/dalum\/wp-json\/wp\/v2\/types\/post"}],"author":[{"embeddable":true,"href":"https:\/\/www.landfrauen-meppen.de\/dalum\/wp-json\/wp\/v2\/users\/3"}],"replies":[{"embeddable":true,"href":"https:\/\/www.landfrauen-meppen.de\/dalum\/wp-json\/wp\/v2\/comments?post=3397"}],"version-history":[{"count":1,"href":"https:\/\/www.landfrauen-meppen.de\/dalum\/wp-json\/wp\/v2\/posts\/3397\/revisions"}],"predecessor-version":[{"id":3400,"href":"https:\/\/www.landfrauen-meppen.de\/dalum\/wp-json\/wp\/v2\/posts\/3397\/revisions\/3400"}],"wp:featuredmedia":[{"embeddable":true,"href":"https:\/\/www.landfrauen-meppen.de\/dalum\/wp-json\/wp\/v2\/media\/3399"}],"wp:attachment":[{"href":"https:\/\/www.landfrauen-meppen.de\/dalum\/wp-json\/wp\/v2\/media?parent=3397"}],"wp:term":[{"taxonomy":"category","embeddable":true,"href":"https:\/\/www.landfrauen-meppen.de\/dalum\/wp-json\/wp\/v2\/categories?post=3397"},{"taxonomy":"post_tag","embeddable":true,"href":"https:\/\/www.landfrauen-meppen.de\/dalum\/wp-json\/wp\/v2\/tags?post=3397"}],"curies":[{"name":"wp","href":"https:\/\/api.w.org\/{rel}","templated":true}]}}