{"id":3228,"date":"2024-09-14T15:55:05","date_gmt":"2024-09-14T13:55:05","guid":{"rendered":"https:\/\/www.landfrauen-meppen.de\/dalum\/?p=3228"},"modified":"2024-09-14T15:55:05","modified_gmt":"2024-09-14T13:55:05","slug":"einladung-generalversammlung-selbstgemachtes-fruehstueck-mit-dem-stellvertretenden-buergermeister","status":"publish","type":"post","link":"https:\/\/www.landfrauen-meppen.de\/dalum\/2024\/09\/14\/einladung-generalversammlung-selbstgemachtes-fruehstueck-mit-dem-stellvertretenden-buergermeister\/","title":{"rendered":"Einladung &#8211; Generalversammlung \u2013 selbstgemachtes Fr\u00fchst\u00fcck mit dem stellvertretenden B\u00fcrgermeister"},"content":{"rendered":"<p>Termin: \u00a0\u00a0\u00a0\u00a0 26.Oktober 2024<\/p>\n<p>Uhrzeit:\u00a0\u00a0\u00a0\u00a0\u00a0 9:30 Uhr<\/p>\n<p>Ort: \u00a0 \u00a0\u00a0\u00a0\u00a0\u00a0\u00a0\u00a0\u00a0 Haus Emmaus Dalum<\/p>\n<p>Kosten:\u00a0\u00a0\u00a0\u00a0\u00a0 f\u00fcr das Fr\u00fchst\u00fcck<\/p>\n<p>Wir laden Euch herzlich zur Mitgliederversammlung ein. Gemeinsam wollen wir auf ein erfolgreiches Jahr zur\u00fcckblicken und unsere Pl\u00e4ne f\u00fcr die kommenden Monate vorstellen.<\/p>\n<p>Was euch erwartet:<\/p>\n<p>&#8211; Ein leckeres Fr\u00fchst\u00fcck, liebevoll zubereitet von unseren Mitgliedern.<\/p>\n<p>&#8211; Ein spannender Vortrag von unserem stellvertretenden B\u00fcrgermeister Hans Rohe, der sich viel Zeit f\u00fcr eure Fragen nehmen wird.<\/p>\n<p>&#8211; Ein R\u00fcckblick auf die Aktivit\u00e4ten des vergangenen Jahres und ein Ausblick auf unsere kommenden Projekte und Veranstaltungen.<\/p>\n<p>&#8211; Gelegenheit zum pers\u00f6nlichen Austausch mit anderen Mitgliedern und neuen Freunden.<\/p>\n<p>Bitte meldet euch bis sp\u00e4testens 18.Oktober 2024 bei den Vertrauensfrauen an.<\/p>\n<p>Wir freuen uns auf eure Teilnahme und einen geselligen Vormittag!<\/p>\n<p>Mit freundlichen Gr\u00fc\u00dfen Vorstand Landfrauen Dalum<\/p>\n<p><img loading=\"lazy\" decoding=\"async\" class=\"aligncenter size-large wp-image-3229\" src=\"https:\/\/www.landfrauen-meppen.de\/dalum\/wp-content\/uploads\/sites\/3\/2024\/09\/Generalversammlung-\u2013-selbstgemachtes-Fruehstueck-mit-dem-stellvertretenden-Buergermeister-1024x1024.png\" alt=\"\" width=\"690\" height=\"690\" srcset=\"https:\/\/www.landfrauen-meppen.de\/dalum\/wp-content\/uploads\/sites\/3\/2024\/09\/Generalversammlung-\u2013-selbstgemachtes-Fruehstueck-mit-dem-stellvertretenden-Buergermeister-1024x1024.png 1024w, https:\/\/www.landfrauen-meppen.de\/dalum\/wp-content\/uploads\/sites\/3\/2024\/09\/Generalversammlung-\u2013-selbstgemachtes-Fruehstueck-mit-dem-stellvertretenden-Buergermeister-300x300.png 300w, https:\/\/www.landfrauen-meppen.de\/dalum\/wp-content\/uploads\/sites\/3\/2024\/09\/Generalversammlung-\u2013-selbstgemachtes-Fruehstueck-mit-dem-stellvertretenden-Buergermeister-150x150.png 150w, https:\/\/www.landfrauen-meppen.de\/dalum\/wp-content\/uploads\/sites\/3\/2024\/09\/Generalversammlung-\u2013-selbstgemachtes-Fruehstueck-mit-dem-stellvertretenden-Buergermeister-768x768.png 768w, https:\/\/www.landfrauen-meppen.de\/dalum\/wp-content\/uploads\/sites\/3\/2024\/09\/Generalversammlung-\u2013-selbstgemachtes-Fruehstueck-mit-dem-stellvertretenden-Buergermeister.png 1080w\" sizes=\"auto, (max-width: 690px) 100vw, 690px\" \/><\/p>\n","protected":false},"excerpt":{"rendered":"<p>Termin: \u00a0\u00a0\u00a0\u00a0 26.Oktober 2024 Uhrzeit:\u00a0\u00a0\u00a0\u00a0\u00a0 9:30 Uhr Ort: \u00a0 \u00a0\u00a0\u00a0\u00a0\u00a0\u00a0\u00a0\u00a0 Haus Emmaus Dalum Kosten:\u00a0\u00a0\u00a0\u00a0\u00a0 f\u00fcr das Fr\u00fchst\u00fcck Wir laden Euch herzlich zur Mitgliederversammlung ein. Gemeinsam wollen wir auf ein erfolgreiches <a class=\"more-link\" href=\"https:\/\/www.landfrauen-meppen.de\/dalum\/2024\/09\/14\/einladung-generalversammlung-selbstgemachtes-fruehstueck-mit-dem-stellvertretenden-buergermeister\/\">weiterlesen&#8230;(hier klicken)<\/a><\/p>\n","protected":false},"author":3,"featured_media":3219,"comment_status":"closed","ping_status":"closed","sticky":false,"template":"","format":"standard","meta":{"footnotes":""},"categories":[1],"tags":[],"class_list":["post-3228","post","type-post","status-publish","format-standard","has-post-thumbnail","hentry","category-allgemein"],"_links":{"self":[{"href":"https:\/\/www.landfrauen-meppen.de\/dalum\/wp-json\/wp\/v2\/posts\/3228","targetHints":{"allow":["GET"]}}],"collection":[{"href":"https:\/\/www.landfrauen-meppen.de\/dalum\/wp-json\/wp\/v2\/posts"}],"about":[{"href":"https:\/\/www.landfrauen-meppen.de\/dalum\/wp-json\/wp\/v2\/types\/post"}],"author":[{"embeddable":true,"href":"https:\/\/www.landfrauen-meppen.de\/dalum\/wp-json\/wp\/v2\/users\/3"}],"replies":[{"embeddable":true,"href":"https:\/\/www.landfrauen-meppen.de\/dalum\/wp-json\/wp\/v2\/comments?post=3228"}],"version-history":[{"count":1,"href":"https:\/\/www.landfrauen-meppen.de\/dalum\/wp-json\/wp\/v2\/posts\/3228\/revisions"}],"predecessor-version":[{"id":3230,"href":"https:\/\/www.landfrauen-meppen.de\/dalum\/wp-json\/wp\/v2\/posts\/3228\/revisions\/3230"}],"wp:featuredmedia":[{"embeddable":true,"href":"https:\/\/www.landfrauen-meppen.de\/dalum\/wp-json\/wp\/v2\/media\/3219"}],"wp:attachment":[{"href":"https:\/\/www.landfrauen-meppen.de\/dalum\/wp-json\/wp\/v2\/media?parent=3228"}],"wp:term":[{"taxonomy":"category","embeddable":true,"href":"https:\/\/www.landfrauen-meppen.de\/dalum\/wp-json\/wp\/v2\/categories?post=3228"},{"taxonomy":"post_tag","embeddable":true,"href":"https:\/\/www.landfrauen-meppen.de\/dalum\/wp-json\/wp\/v2\/tags?post=3228"}],"curies":[{"name":"wp","href":"https:\/\/api.w.org\/{rel}","templated":true}]}}