{"id":320,"date":"2017-04-14T15:19:53","date_gmt":"2017-04-14T13:19:53","guid":{"rendered":"http:\/\/www.landfrauen-meppen.de\/dalum\/?p=320"},"modified":"2017-05-16T21:25:56","modified_gmt":"2017-05-16T19:25:56","slug":"tagesfahrt-ins-ammerland","status":"publish","type":"post","link":"https:\/\/www.landfrauen-meppen.de\/dalum\/2017\/04\/14\/tagesfahrt-ins-ammerland\/","title":{"rendered":"Tagesfahrt ins Ammerland"},"content":{"rendered":"<header class=\"entry-header\">\n<h2 class=\"entry-title\">Tagesfahrt ins Ammerland<\/h2>\n<\/header>\n<div class=\"entry-content\">\n<p>16. Mai 2017<\/p>\n<p>Abfahrt:\u00a0\u00a0 Osterbrock 9:15 Uhr\u00a0 (beim Friedhof)<\/p>\n<p>Geeste 9:20 Uhr (Parkplatz Kirche)<\/p>\n<p>Dalum 9:30 Uhr\u00a0 (Busbahnhof)<\/p>\n<p>R\u00fcckkehr :\u00a0 ca. 20:00 Uhr<\/p>\n<p>&nbsp;<\/p>\n<p>Wir fahren ins bl\u00fchende Ammerland, dort besichtigen wir in Edewecht den Bauerngarten von Anke zu Jeddeloh. Au\u00dferdem kommt Frau Bunjes Naturfloristin, Sie h\u00e4lt dort einem Vortrag\u00a0 mit dem Thema:\u00a0 Dekoration \u201eeinfach und wirkungsvoll\u201c.<\/p>\n<p>Im Garten wird es zum Mittag ein Grillbuffet mit unterschiedlichen selbstgemachten Salaten geben.<\/p>\n<p>Nachmittags geht es weiter zur Holzofenb\u00e4ckerei Ripcken in Augustfehn. Dort erwartet uns eine Backstubenf\u00fchrung im Anschluss gibt es Kaffee und Kuchen.<\/p>\n<p>Kosten pro Person 48,00 \u20ac In den Kosten enthalten sind: Busfahrt, Eintritt Garten mit Gartenf\u00fchrung, Workshop, Mittagessen, Backstubenf\u00fchrung, Kaffee und Kuchen und eine Brott\u00fcte f\u00fcr jeden Teilnehmer.<\/p>\n<p>Anmeldeschluss ist am 03.05.2017 bei den Vertrauensfrauen.\u00a0\u00a0 Die Teilnehmerzahl ist begrenzt.<\/p>\n<p>Wir freuen uns auf Eure Teilnahme.<\/p>\n<\/div>\n","protected":false},"excerpt":{"rendered":"<p>Tagesfahrt ins Ammerland 16. Mai 2017 Abfahrt:\u00a0\u00a0 Osterbrock 9:15 Uhr\u00a0 (beim Friedhof) Geeste 9:20 Uhr (Parkplatz Kirche) Dalum 9:30 Uhr\u00a0 (Busbahnhof) R\u00fcckkehr :\u00a0 ca. 20:00 Uhr &nbsp; Wir fahren ins <a class=\"more-link\" href=\"https:\/\/www.landfrauen-meppen.de\/dalum\/2017\/04\/14\/tagesfahrt-ins-ammerland\/\">weiterlesen&#8230;(hier klicken)<\/a><\/p>\n","protected":false},"author":3,"featured_media":0,"comment_status":"open","ping_status":"open","sticky":false,"template":"","format":"standard","meta":{"footnotes":""},"categories":[1],"tags":[],"class_list":["post-320","post","type-post","status-publish","format-standard","hentry","category-allgemein"],"_links":{"self":[{"href":"https:\/\/www.landfrauen-meppen.de\/dalum\/wp-json\/wp\/v2\/posts\/320","targetHints":{"allow":["GET"]}}],"collection":[{"href":"https:\/\/www.landfrauen-meppen.de\/dalum\/wp-json\/wp\/v2\/posts"}],"about":[{"href":"https:\/\/www.landfrauen-meppen.de\/dalum\/wp-json\/wp\/v2\/types\/post"}],"author":[{"embeddable":true,"href":"https:\/\/www.landfrauen-meppen.de\/dalum\/wp-json\/wp\/v2\/users\/3"}],"replies":[{"embeddable":true,"href":"https:\/\/www.landfrauen-meppen.de\/dalum\/wp-json\/wp\/v2\/comments?post=320"}],"version-history":[{"count":1,"href":"https:\/\/www.landfrauen-meppen.de\/dalum\/wp-json\/wp\/v2\/posts\/320\/revisions"}],"predecessor-version":[{"id":323,"href":"https:\/\/www.landfrauen-meppen.de\/dalum\/wp-json\/wp\/v2\/posts\/320\/revisions\/323"}],"wp:attachment":[{"href":"https:\/\/www.landfrauen-meppen.de\/dalum\/wp-json\/wp\/v2\/media?parent=320"}],"wp:term":[{"taxonomy":"category","embeddable":true,"href":"https:\/\/www.landfrauen-meppen.de\/dalum\/wp-json\/wp\/v2\/categories?post=320"},{"taxonomy":"post_tag","embeddable":true,"href":"https:\/\/www.landfrauen-meppen.de\/dalum\/wp-json\/wp\/v2\/tags?post=320"}],"curies":[{"name":"wp","href":"https:\/\/api.w.org\/{rel}","templated":true}]}}