{"id":3130,"date":"2024-09-14T15:02:44","date_gmt":"2024-09-14T13:02:44","guid":{"rendered":"https:\/\/www.landfrauen-meppen.de\/dalum\/?p=3130"},"modified":"2024-09-14T15:02:44","modified_gmt":"2024-09-14T13:02:44","slug":"programm-2024-2025","status":"publish","type":"post","link":"https:\/\/www.landfrauen-meppen.de\/dalum\/2024\/09\/14\/programm-2024-2025\/","title":{"rendered":"Programm 2024\/2025"},"content":{"rendered":"<p>Programm 2024\/2025<\/p>\n<p><strong>\u201e Apfelkuchenwettbewerb &#8211; Die Landfrauen Dalum suchen den besten selbstgemachten Apfelkuchen.\u201c<\/strong><\/p>\n<p><strong>Mittwoch, 25.09.2024\u00a0\u00a0\u00a0\u00a0\u00a0\u00a0\u00a0 \u00a0\u00a0\u00a0\u00a0\u00a0\u00a0\u00a0\u00a0\u00a0\u00a0\u00a0\u00a0\u00a0\u00a0\u00a0\u00a0\u00a0\u00a0\u00a0\u00a0\u00a0\u00a0\u00a0\u00a0\u00a0\u00a0\u00a0\u00a0\u00a0\u00a0\u00a0\u00a0\u00a0 \u00a0\u00a0\u00a0\u00a0\u00a0\u00a0\u00a0\u00a0\u00a0\u00a0\u00a0 15:00 Uhr Haus Emmaus<\/strong><\/p>\n<p>Die Landfrauen Dalum laden ein, ihren selbstgemachten Apfelkuchen zu pr\u00e4sentieren.<\/p>\n<p><strong><em>\u201eGeneralversammlung &#8211; Selbstgemachtes Fr\u00fchst\u00fcck mit dem stellvertretenden B\u00fcrgermeister als Redner.\u201c<\/em><\/strong><\/p>\n<p><strong><em>Samstag, 26.10.2024\u00a0\u00a0\u00a0\u00a0\u00a0\u00a0\u00a0 \u00a0\u00a0\u00a0\u00a0\u00a0\u00a0\u00a0\u00a0\u00a0\u00a0\u00a0 \u00a0\u00a0\u00a0\u00a0\u00a0\u00a0\u00a0\u00a0\u00a0\u00a0\u00a0\u00a0\u00a0\u00a0\u00a0\u00a0\u00a0\u00a0\u00a0\u00a0\u00a0\u00a0\u00a0\u00a0\u00a0\u00a0\u00a0\u00a0\u00a0\u00a0\u00a0\u00a0\u00a0\u00a0 9:30 Uhr, Haus Emmaus<\/em><\/strong><\/p>\n<p>Wir genie\u00dfen ein Fr\u00fchst\u00fcck, w\u00e4hrend unser stellvertretender B\u00fcrgermeister interessante Einblicke in kommunale Themen gibt und mit uns ins Gespr\u00e4ch kommt.<\/p>\n<p><strong>\u201eB\u00e4uerinnenforum &#8211; Mutmacher und Stall\u00f6ffner\u201c<\/strong><\/p>\n<p><strong>Dienstag 29.10.2024\u00a0\u00a0\u00a0\u00a0\u00a0\u00a0\u00a0\u00a0\u00a0\u00a0\u00a0\u00a0\u00a0\u00a0\u00a0\u00a0\u00a0\u00a0\u00a0\u00a0\u00a0\u00a0\u00a0\u00a0\u00a0\u00a0\u00a0\u00a0\u00a0\u00a0\u00a0\u00a0\u00a0\u00a0\u00a0\u00a0\u00a0\u00a0\u00a0\u00a0\u00a0\u00a0\u00a0\u00a0\u00a0\u00a0\u00a0\u00a0\u00a0\u00a0\u00a0\u00a0\u00a0\u00a0\u00a0 19:30 Uhr, Gasthof Aepken<\/strong><\/p>\n<p>G\u00e4ste berichten \u00fcber verschiedene Wege der \u00d6ffentlichkeitsarbeit, wie z.B. Kiek-in-Fenster, Selbstbedienungs-Hofladen, Erlebnisbauernhof u.v.m.<\/p>\n<p><strong>\u201eAdventsdeko Aktion\u201c<\/strong><\/p>\n<p><strong>Dienstag, 19.11.2024\u00a0\u00a0\u00a0\u00a0\u00a0\u00a0\u00a0\u00a0\u00a0\u00a0\u00a0\u00a0\u00a0\u00a0\u00a0\u00a0\u00a0\u00a0\u00a0\u00a0\u00a0\u00a0\u00a0\u00a0\u00a0\u00a0\u00a0\u00a0\u00a0\u00a0\u00a0\u00a0\u00a0\u00a0\u00a0\u00a0\u00a0\u00a0\u00a0\u00a0\u00a0\u00a0\u00a0\u00a0\u00a0\u00a0\u00a0\u00a0\u00a0\u00a0\u00a0\u00a0\u00a0\u00a0 ab 15:00 Uhr, Haus Emmaus<\/strong><\/p>\n<p>Gemeinsam mit dem Frauentreff 2000 gestallten wir wundersch\u00f6ne Adventsdeko f\u00fcr uns selbst und die Seniorenheime.<\/p>\n<p><strong>\u201eWinterwanderung mit gem\u00fctlichem Beisammensein\u201c<\/strong><\/p>\n<p><strong>Januar 2025\u00a0\u00a0\u00a0\u00a0\u00a0\u00a0\u00a0\u00a0\u00a0\u00a0\u00a0\u00a0\u00a0\u00a0\u00a0\u00a0\u00a0\u00a0\u00a0\u00a0\u00a0\u00a0\u00a0\u00a0\u00a0\u00a0\u00a0\u00a0\u00a0\u00a0\u00a0\u00a0\u00a0\u00a0\u00a0\u00a0\u00a0\u00a0\u00a0\u00a0\u00a0\u00a0\u00a0\u00a0\u00a0\u00a0\u00a0\u00a0\u00a0\u00a0\u00a0\u00a0\u00a0\u00a0\u00a0\u00a0\u00a0\u00a0\u00a0\u00a0\u00a0\u00a0\u00a0\u00a0\u00a0\u00a0\u00a0\u00a0\u00a0\u00a0\u00a0\u00a0\u00a0\u00a0\u00a0\u00a0\u00a0\u00a0\u00a0\u00a0\u00a0\u00a0 <\/strong><\/p>\n<p>Wir laden zu einem gem\u00fctlichen Winterspaziergang ein, der mit einem gen\u00fcsslichen Abschluss in geselliger Runde endet.<\/p>\n<p><strong>\u201eGemeinschaftsveranstaltung, Hitzestress und Trockenheit- G\u00e4rtnern in Zeiten des Klimawandels\u201c<\/strong><\/p>\n<p><strong>Mittwoch, 19.02.2025\u00a0\u00a0\u00a0\u00a0\u00a0\u00a0\u00a0\u00a0\u00a0\u00a0\u00a0\u00a0\u00a0\u00a0\u00a0\u00a0\u00a0\u00a0\u00a0\u00a0\u00a0\u00a0\u00a0\u00a0\u00a0\u00a0\u00a0\u00a0\u00a0\u00a0\u00a0\u00a0\u00a0\u00a0\u00a0\u00a0\u00a0\u00a0\u00a0\u00a0\u00a0\u00a0\u00a0\u00a0\u00a0\u00a0\u00a0\u00a0\u00a0\u00a0\u00a0\u00a0\u00a0\u00a0\u00a0\u00a0\u00a0\u00a0\u00a0\u00a0\u00a0\u00a0\u00a0\u00a0\u00a0\u00a0 Gastst\u00e4tte Over<\/strong><\/p>\n<p>Frau Anke Kreis von der LWK NDS, wird uns zu diesem Thema Hilfestellungen und praktische Tipps f\u00fcr alle G\u00e4rtnerinnen geben, um nachhaltig zu arbeiten.<\/p>\n<p><strong>\u201e\u00dcberaschungsveranstaltung\u201c<\/strong><\/p>\n<p><strong>M\u00e4rz 2025<\/strong><\/p>\n<p>Eine spannende \u00dcberraschungsveranstaltung steht bevor.<\/p>\n<p><strong>Sommer 2025<\/strong><\/p>\n<p>In diesem Sommer planen wir eine Radtour und eine Tagesfahrt.<\/p>\n<p><strong>\u201eRadtour mit \u00dcbernachtung\u201c<\/strong><\/p>\n<p><strong>4.09- 5.09.2025<\/strong><\/p>\n<p>Unsere Radtour f\u00fchrt uns in die sch\u00f6ne Grafschaft Bentheim.<\/p>\n<p>Zu den Veranstaltungen laden wir alle Mitglieder herzlich ein. Interessierte Frauen sind ebenfalls herzlich willkommen.<\/p>\n<p>Der Vorstand<\/p>\n<p><img loading=\"lazy\" decoding=\"async\" class=\"aligncenter size-large wp-image-3131\" src=\"https:\/\/www.landfrauen-meppen.de\/dalum\/wp-content\/uploads\/sites\/3\/2024\/09\/WhatsApp-Image-2024-09-14-at-14.51.28-1024x768.jpeg\" alt=\"\" width=\"690\" height=\"518\" srcset=\"https:\/\/www.landfrauen-meppen.de\/dalum\/wp-content\/uploads\/sites\/3\/2024\/09\/WhatsApp-Image-2024-09-14-at-14.51.28-1024x768.jpeg 1024w, https:\/\/www.landfrauen-meppen.de\/dalum\/wp-content\/uploads\/sites\/3\/2024\/09\/WhatsApp-Image-2024-09-14-at-14.51.28-300x225.jpeg 300w, https:\/\/www.landfrauen-meppen.de\/dalum\/wp-content\/uploads\/sites\/3\/2024\/09\/WhatsApp-Image-2024-09-14-at-14.51.28-768x576.jpeg 768w, https:\/\/www.landfrauen-meppen.de\/dalum\/wp-content\/uploads\/sites\/3\/2024\/09\/WhatsApp-Image-2024-09-14-at-14.51.28-1536x1152.jpeg 1536w, https:\/\/www.landfrauen-meppen.de\/dalum\/wp-content\/uploads\/sites\/3\/2024\/09\/WhatsApp-Image-2024-09-14-at-14.51.28-200x150.jpeg 200w, https:\/\/www.landfrauen-meppen.de\/dalum\/wp-content\/uploads\/sites\/3\/2024\/09\/WhatsApp-Image-2024-09-14-at-14.51.28.jpeg 2000w\" sizes=\"auto, (max-width: 690px) 100vw, 690px\" \/><\/p>\n","protected":false},"excerpt":{"rendered":"<p>Programm 2024\/2025 \u201e Apfelkuchenwettbewerb &#8211; Die Landfrauen Dalum suchen den besten selbstgemachten Apfelkuchen.\u201c Mittwoch, 25.09.2024\u00a0\u00a0\u00a0\u00a0\u00a0\u00a0\u00a0 \u00a0\u00a0\u00a0\u00a0\u00a0\u00a0\u00a0\u00a0\u00a0\u00a0\u00a0\u00a0\u00a0\u00a0\u00a0\u00a0\u00a0\u00a0\u00a0\u00a0\u00a0\u00a0\u00a0\u00a0\u00a0\u00a0\u00a0\u00a0\u00a0\u00a0\u00a0\u00a0\u00a0 \u00a0\u00a0\u00a0\u00a0\u00a0\u00a0\u00a0\u00a0\u00a0\u00a0\u00a0 15:00 Uhr Haus Emmaus Die Landfrauen Dalum laden ein, ihren selbstgemachten Apfelkuchen zu <a class=\"more-link\" href=\"https:\/\/www.landfrauen-meppen.de\/dalum\/2024\/09\/14\/programm-2024-2025\/\">weiterlesen&#8230;(hier klicken)<\/a><\/p>\n","protected":false},"author":3,"featured_media":3131,"comment_status":"closed","ping_status":"closed","sticky":false,"template":"","format":"standard","meta":{"footnotes":""},"categories":[1],"tags":[],"class_list":["post-3130","post","type-post","status-publish","format-standard","has-post-thumbnail","hentry","category-allgemein"],"_links":{"self":[{"href":"https:\/\/www.landfrauen-meppen.de\/dalum\/wp-json\/wp\/v2\/posts\/3130","targetHints":{"allow":["GET"]}}],"collection":[{"href":"https:\/\/www.landfrauen-meppen.de\/dalum\/wp-json\/wp\/v2\/posts"}],"about":[{"href":"https:\/\/www.landfrauen-meppen.de\/dalum\/wp-json\/wp\/v2\/types\/post"}],"author":[{"embeddable":true,"href":"https:\/\/www.landfrauen-meppen.de\/dalum\/wp-json\/wp\/v2\/users\/3"}],"replies":[{"embeddable":true,"href":"https:\/\/www.landfrauen-meppen.de\/dalum\/wp-json\/wp\/v2\/comments?post=3130"}],"version-history":[{"count":1,"href":"https:\/\/www.landfrauen-meppen.de\/dalum\/wp-json\/wp\/v2\/posts\/3130\/revisions"}],"predecessor-version":[{"id":3132,"href":"https:\/\/www.landfrauen-meppen.de\/dalum\/wp-json\/wp\/v2\/posts\/3130\/revisions\/3132"}],"wp:featuredmedia":[{"embeddable":true,"href":"https:\/\/www.landfrauen-meppen.de\/dalum\/wp-json\/wp\/v2\/media\/3131"}],"wp:attachment":[{"href":"https:\/\/www.landfrauen-meppen.de\/dalum\/wp-json\/wp\/v2\/media?parent=3130"}],"wp:term":[{"taxonomy":"category","embeddable":true,"href":"https:\/\/www.landfrauen-meppen.de\/dalum\/wp-json\/wp\/v2\/categories?post=3130"},{"taxonomy":"post_tag","embeddable":true,"href":"https:\/\/www.landfrauen-meppen.de\/dalum\/wp-json\/wp\/v2\/tags?post=3130"}],"curies":[{"name":"wp","href":"https:\/\/api.w.org\/{rel}","templated":true}]}}