{"id":3014,"date":"2024-06-26T20:04:57","date_gmt":"2024-06-26T18:04:57","guid":{"rendered":"https:\/\/www.landfrauen-meppen.de\/dalum\/?p=3014"},"modified":"2024-07-08T18:02:23","modified_gmt":"2024-07-08T16:02:23","slug":"3014","status":"publish","type":"post","link":"https:\/\/www.landfrauen-meppen.de\/dalum\/2024\/06\/26\/3014\/","title":{"rendered":"R\u00fcckblick: Ausflug nach Hannover"},"content":{"rendered":"<div class=\"\" data-block=\"true\" data-editor=\"dabmr\" data-offset-key=\"ff2tb-0-0\">\n<div class=\"_1mf _1mj\" data-offset-key=\"ff2tb-0-0\"><span data-offset-key=\"ff2tb-0-0\">\ud83c\udf3e R\u00fcckblick: Ausflug nach Hannover \ud83c\udf3e<\/span><\/div>\n<\/div>\n<div class=\"\" data-block=\"true\" data-editor=\"dabmr\" data-offset-key=\"cbo42-0-0\">\n<div class=\"_1mf _1mj\" data-offset-key=\"cbo42-0-0\"><span data-offset-key=\"cbo42-0-0\">\u00a0<\/span><\/div>\n<\/div>\n<div class=\"\" data-block=\"true\" data-editor=\"dabmr\" data-offset-key=\"fpsqc-0-0\">\n<div class=\"_1mf _1mj\" data-offset-key=\"fpsqc-0-0\"><span data-offset-key=\"fpsqc-0-0\">Liebe Landfrauen,<\/span><\/div>\n<\/div>\n<div class=\"\" data-block=\"true\" data-editor=\"dabmr\" data-offset-key=\"2i7d8-0-0\">\n<div class=\"_1mf _1mj\" data-offset-key=\"2i7d8-0-0\"><span data-offset-key=\"2i7d8-0-0\">\u00a0<\/span><\/div>\n<\/div>\n<div class=\"\" data-block=\"true\" data-editor=\"dabmr\" data-offset-key=\"bf4ou-0-0\">\n<div class=\"_1mf _1mj\" data-offset-key=\"bf4ou-0-0\"><span data-offset-key=\"bf4ou-0-0\">was f\u00fcr ein ereignisreicher Tag im Landtag Hannover! \ud83e\udd29<\/span><\/div>\n<\/div>\n<div class=\"\" data-block=\"true\" data-editor=\"dabmr\" data-offset-key=\"1qcsj-0-0\">\n<div class=\"_1mf _1mj\" data-offset-key=\"1qcsj-0-0\"><span data-offset-key=\"1qcsj-0-0\">\u00a0<\/span><\/div>\n<\/div>\n<div class=\"\" data-block=\"true\" data-editor=\"dabmr\" data-offset-key=\"7tnll-0-0\">\n<div class=\"_1mf _1mj\" data-offset-key=\"7tnll-0-0\"><span data-offset-key=\"7tnll-0-0\">\ud83c\udf73 Unser Tag:<\/span><\/div>\n<\/div>\n<div class=\"\" data-block=\"true\" data-editor=\"dabmr\" data-offset-key=\"9fksn-0-0\">\n<div class=\"_1mf _1mj\" data-offset-key=\"9fksn-0-0\"><span data-offset-key=\"9fksn-0-0\">\u00a0<\/span><\/div>\n<\/div>\n<div class=\"\" data-block=\"true\" data-editor=\"dabmr\" data-offset-key=\"59o9h-0-0\">\n<div class=\"_1mf _1mj\" data-offset-key=\"59o9h-0-0\"><span data-offset-key=\"59o9h-0-0\">Fr\u00fchstart um 7 Uhr mit Fr\u00fchst\u00fcck am Bus \ud83d\ude8d\ud83c\udf73<\/span><\/div>\n<\/div>\n<div class=\"\" data-block=\"true\" data-editor=\"dabmr\" data-offset-key=\"3vk81-0-0\">\n<div class=\"_1mf _1mj\" data-offset-key=\"3vk81-0-0\"><span data-offset-key=\"3vk81-0-0\">Um 11 Uhr: Begr\u00fc\u00dfung, Debatten und eine spannende Diskussionsrunde mit den Abgeordneten des Landtags \ud83c\udfdb\ufe0f\ud83d\udde8\ufe0f<\/span><\/div>\n<\/div>\n<div class=\"\" data-block=\"true\" data-editor=\"dabmr\" data-offset-key=\"fotg1-0-0\">\n<div class=\"_1mf _1mj\" data-offset-key=\"fotg1-0-0\"><span data-offset-key=\"fotg1-0-0\">Danach: Zeit f\u00fcr einen Bummel durch die sch\u00f6ne Altstadt von Hannover \ud83c\udf07<\/span><\/div>\n<\/div>\n<div class=\"\" data-block=\"true\" data-editor=\"dabmr\" data-offset-key=\"5tgfd-0-0\">\n<div class=\"_1mf _1mj\" data-offset-key=\"5tgfd-0-0\"><span data-offset-key=\"5tgfd-0-0\">Ein gro\u00dfes Dankesch\u00f6n an alle Teilnehmerinnen \u2013 ihr habt diesen Tag unvergesslich gemacht! \ud83d\udc90<\/span><\/div>\n<\/div>\n<div class=\"\" data-block=\"true\" data-editor=\"dabmr\" data-offset-key=\"cbkqu-0-0\">\n<div class=\"_1mf _1mj\" data-offset-key=\"cbkqu-0-0\"><span data-offset-key=\"cbkqu-0-0\">\u00a0<\/span><\/div>\n<\/div>\n<div class=\"\" data-block=\"true\" data-editor=\"dabmr\" data-offset-key=\"1nun9-0-0\">\n<div class=\"_1mf _1mj\" data-offset-key=\"1nun9-0-0\">\n<div id='gallery-1' class='gallery galleryid-3014 gallery-columns-1 gallery-size-large'><figure class='gallery-item'>\n\t\t\t<div class='gallery-icon landscape'>\n\t\t\t\t<img loading=\"lazy\" decoding=\"async\" width=\"690\" height=\"518\" src=\"https:\/\/www.landfrauen-meppen.de\/dalum\/wp-content\/uploads\/sites\/3\/2024\/06\/WhatsApp-Image-2024-06-19-at-11.23.45-1024x768.jpeg\" class=\"attachment-large size-large\" alt=\"\" srcset=\"https:\/\/www.landfrauen-meppen.de\/dalum\/wp-content\/uploads\/sites\/3\/2024\/06\/WhatsApp-Image-2024-06-19-at-11.23.45-1024x768.jpeg 1024w, https:\/\/www.landfrauen-meppen.de\/dalum\/wp-content\/uploads\/sites\/3\/2024\/06\/WhatsApp-Image-2024-06-19-at-11.23.45-300x225.jpeg 300w, https:\/\/www.landfrauen-meppen.de\/dalum\/wp-content\/uploads\/sites\/3\/2024\/06\/WhatsApp-Image-2024-06-19-at-11.23.45-768x576.jpeg 768w, https:\/\/www.landfrauen-meppen.de\/dalum\/wp-content\/uploads\/sites\/3\/2024\/06\/WhatsApp-Image-2024-06-19-at-11.23.45-1536x1152.jpeg 1536w, https:\/\/www.landfrauen-meppen.de\/dalum\/wp-content\/uploads\/sites\/3\/2024\/06\/WhatsApp-Image-2024-06-19-at-11.23.45-200x150.jpeg 200w, https:\/\/www.landfrauen-meppen.de\/dalum\/wp-content\/uploads\/sites\/3\/2024\/06\/WhatsApp-Image-2024-06-19-at-11.23.45.jpeg 1600w\" sizes=\"auto, (max-width: 690px) 100vw, 690px\" \/>\n\t\t\t<\/div><\/figure><figure class='gallery-item'>\n\t\t\t<div class='gallery-icon landscape'>\n\t\t\t\t<img loading=\"lazy\" decoding=\"async\" width=\"690\" height=\"518\" src=\"https:\/\/www.landfrauen-meppen.de\/dalum\/wp-content\/uploads\/sites\/3\/2024\/06\/WhatsApp-Image-2024-06-19-at-11.25.39-1024x768.jpeg\" class=\"attachment-large size-large\" alt=\"\" srcset=\"https:\/\/www.landfrauen-meppen.de\/dalum\/wp-content\/uploads\/sites\/3\/2024\/06\/WhatsApp-Image-2024-06-19-at-11.25.39-1024x768.jpeg 1024w, https:\/\/www.landfrauen-meppen.de\/dalum\/wp-content\/uploads\/sites\/3\/2024\/06\/WhatsApp-Image-2024-06-19-at-11.25.39-300x225.jpeg 300w, https:\/\/www.landfrauen-meppen.de\/dalum\/wp-content\/uploads\/sites\/3\/2024\/06\/WhatsApp-Image-2024-06-19-at-11.25.39-768x576.jpeg 768w, https:\/\/www.landfrauen-meppen.de\/dalum\/wp-content\/uploads\/sites\/3\/2024\/06\/WhatsApp-Image-2024-06-19-at-11.25.39-1536x1152.jpeg 1536w, https:\/\/www.landfrauen-meppen.de\/dalum\/wp-content\/uploads\/sites\/3\/2024\/06\/WhatsApp-Image-2024-06-19-at-11.25.39-200x150.jpeg 200w, https:\/\/www.landfrauen-meppen.de\/dalum\/wp-content\/uploads\/sites\/3\/2024\/06\/WhatsApp-Image-2024-06-19-at-11.25.39.jpeg 2048w\" sizes=\"auto, (max-width: 690px) 100vw, 690px\" \/>\n\t\t\t<\/div><\/figure><figure class='gallery-item'>\n\t\t\t<div class='gallery-icon landscape'>\n\t\t\t\t<img loading=\"lazy\" decoding=\"async\" width=\"690\" height=\"319\" src=\"https:\/\/www.landfrauen-meppen.de\/dalum\/wp-content\/uploads\/sites\/3\/2024\/06\/WhatsApp-Image-2024-06-19-at-11.24.16-1-1024x473.jpeg\" class=\"attachment-large size-large\" alt=\"\" srcset=\"https:\/\/www.landfrauen-meppen.de\/dalum\/wp-content\/uploads\/sites\/3\/2024\/06\/WhatsApp-Image-2024-06-19-at-11.24.16-1-1024x473.jpeg 1024w, https:\/\/www.landfrauen-meppen.de\/dalum\/wp-content\/uploads\/sites\/3\/2024\/06\/WhatsApp-Image-2024-06-19-at-11.24.16-1-300x139.jpeg 300w, https:\/\/www.landfrauen-meppen.de\/dalum\/wp-content\/uploads\/sites\/3\/2024\/06\/WhatsApp-Image-2024-06-19-at-11.24.16-1-768x355.jpeg 768w, https:\/\/www.landfrauen-meppen.de\/dalum\/wp-content\/uploads\/sites\/3\/2024\/06\/WhatsApp-Image-2024-06-19-at-11.24.16-1-1536x709.jpeg 1536w, https:\/\/www.landfrauen-meppen.de\/dalum\/wp-content\/uploads\/sites\/3\/2024\/06\/WhatsApp-Image-2024-06-19-at-11.24.16-1.jpeg 1600w\" sizes=\"auto, (max-width: 690px) 100vw, 690px\" \/>\n\t\t\t<\/div><\/figure><figure class='gallery-item'>\n\t\t\t<div class='gallery-icon landscape'>\n\t\t\t\t<img loading=\"lazy\" decoding=\"async\" width=\"690\" height=\"319\" src=\"https:\/\/www.landfrauen-meppen.de\/dalum\/wp-content\/uploads\/sites\/3\/2024\/06\/WhatsApp-Image-2024-06-19-at-11.24.16-1024x473.jpeg\" class=\"attachment-large size-large\" alt=\"\" srcset=\"https:\/\/www.landfrauen-meppen.de\/dalum\/wp-content\/uploads\/sites\/3\/2024\/06\/WhatsApp-Image-2024-06-19-at-11.24.16-1024x473.jpeg 1024w, https:\/\/www.landfrauen-meppen.de\/dalum\/wp-content\/uploads\/sites\/3\/2024\/06\/WhatsApp-Image-2024-06-19-at-11.24.16-300x139.jpeg 300w, https:\/\/www.landfrauen-meppen.de\/dalum\/wp-content\/uploads\/sites\/3\/2024\/06\/WhatsApp-Image-2024-06-19-at-11.24.16-768x355.jpeg 768w, https:\/\/www.landfrauen-meppen.de\/dalum\/wp-content\/uploads\/sites\/3\/2024\/06\/WhatsApp-Image-2024-06-19-at-11.24.16-1536x709.jpeg 1536w, https:\/\/www.landfrauen-meppen.de\/dalum\/wp-content\/uploads\/sites\/3\/2024\/06\/WhatsApp-Image-2024-06-19-at-11.24.16.jpeg 1600w\" sizes=\"auto, (max-width: 690px) 100vw, 690px\" \/>\n\t\t\t<\/div><\/figure><figure class='gallery-item'>\n\t\t\t<div class='gallery-icon portrait'>\n\t\t\t\t<img loading=\"lazy\" decoding=\"async\" width=\"690\" height=\"920\" src=\"https:\/\/www.landfrauen-meppen.de\/dalum\/wp-content\/uploads\/sites\/3\/2024\/06\/WhatsApp-Image-2024-06-19-at-11.25.38-768x1024.jpeg\" class=\"attachment-large size-large\" alt=\"\" srcset=\"https:\/\/www.landfrauen-meppen.de\/dalum\/wp-content\/uploads\/sites\/3\/2024\/06\/WhatsApp-Image-2024-06-19-at-11.25.38-768x1024.jpeg 768w, https:\/\/www.landfrauen-meppen.de\/dalum\/wp-content\/uploads\/sites\/3\/2024\/06\/WhatsApp-Image-2024-06-19-at-11.25.38-225x300.jpeg 225w, https:\/\/www.landfrauen-meppen.de\/dalum\/wp-content\/uploads\/sites\/3\/2024\/06\/WhatsApp-Image-2024-06-19-at-11.25.38-1152x1536.jpeg 1152w, https:\/\/www.landfrauen-meppen.de\/dalum\/wp-content\/uploads\/sites\/3\/2024\/06\/WhatsApp-Image-2024-06-19-at-11.25.38-113x150.jpeg 113w, https:\/\/www.landfrauen-meppen.de\/dalum\/wp-content\/uploads\/sites\/3\/2024\/06\/WhatsApp-Image-2024-06-19-at-11.25.38.jpeg 1200w\" sizes=\"auto, (max-width: 690px) 100vw, 690px\" \/>\n\t\t\t<\/div><\/figure>\n\t\t<\/div>\n\n<\/div>\n<\/div>\n","protected":false},"excerpt":{"rendered":"<p>\ud83c\udf3e R\u00fcckblick: Ausflug nach Hannover \ud83c\udf3e \u00a0 Liebe Landfrauen, \u00a0 was f\u00fcr ein ereignisreicher Tag im Landtag Hannover! \ud83e\udd29 \u00a0 \ud83c\udf73 Unser Tag: \u00a0 Fr\u00fchstart um 7 Uhr mit Fr\u00fchst\u00fcck <a class=\"more-link\" href=\"https:\/\/www.landfrauen-meppen.de\/dalum\/2024\/06\/26\/3014\/\">weiterlesen&#8230;(hier klicken)<\/a><\/p>\n","protected":false},"author":3,"featured_media":3017,"comment_status":"closed","ping_status":"closed","sticky":false,"template":"","format":"standard","meta":{"footnotes":""},"categories":[1,3],"tags":[],"class_list":["post-3014","post","type-post","status-publish","format-standard","has-post-thumbnail","hentry","category-allgemein","category-bilder"],"_links":{"self":[{"href":"https:\/\/www.landfrauen-meppen.de\/dalum\/wp-json\/wp\/v2\/posts\/3014","targetHints":{"allow":["GET"]}}],"collection":[{"href":"https:\/\/www.landfrauen-meppen.de\/dalum\/wp-json\/wp\/v2\/posts"}],"about":[{"href":"https:\/\/www.landfrauen-meppen.de\/dalum\/wp-json\/wp\/v2\/types\/post"}],"author":[{"embeddable":true,"href":"https:\/\/www.landfrauen-meppen.de\/dalum\/wp-json\/wp\/v2\/users\/3"}],"replies":[{"embeddable":true,"href":"https:\/\/www.landfrauen-meppen.de\/dalum\/wp-json\/wp\/v2\/comments?post=3014"}],"version-history":[{"count":2,"href":"https:\/\/www.landfrauen-meppen.de\/dalum\/wp-json\/wp\/v2\/posts\/3014\/revisions"}],"predecessor-version":[{"id":3022,"href":"https:\/\/www.landfrauen-meppen.de\/dalum\/wp-json\/wp\/v2\/posts\/3014\/revisions\/3022"}],"wp:featuredmedia":[{"embeddable":true,"href":"https:\/\/www.landfrauen-meppen.de\/dalum\/wp-json\/wp\/v2\/media\/3017"}],"wp:attachment":[{"href":"https:\/\/www.landfrauen-meppen.de\/dalum\/wp-json\/wp\/v2\/media?parent=3014"}],"wp:term":[{"taxonomy":"category","embeddable":true,"href":"https:\/\/www.landfrauen-meppen.de\/dalum\/wp-json\/wp\/v2\/categories?post=3014"},{"taxonomy":"post_tag","embeddable":true,"href":"https:\/\/www.landfrauen-meppen.de\/dalum\/wp-json\/wp\/v2\/tags?post=3014"}],"curies":[{"name":"wp","href":"https:\/\/api.w.org\/{rel}","templated":true}]}}