{"id":3000,"date":"2024-03-26T19:14:30","date_gmt":"2024-03-26T18:14:30","guid":{"rendered":"https:\/\/www.landfrauen-meppen.de\/dalum\/?p=3000"},"modified":"2024-03-26T19:14:30","modified_gmt":"2024-03-26T18:14:30","slug":"rueckblick-extremismus-auf-dem-land","status":"publish","type":"post","link":"https:\/\/www.landfrauen-meppen.de\/dalum\/2024\/03\/26\/rueckblick-extremismus-auf-dem-land\/","title":{"rendered":"R\u00fcckblick &#8222;Extremismus auf dem Land&#8220;"},"content":{"rendered":"<p>Am Donnerstag, den 21. M\u00e4rz 2024 fand ein Informationsabend zum Thema &#8222;Extremismus auf dem Land?\u201c statt. Die Veranstaltung richtete sich an die Landfrauen sowie alle Interessierten, die sich mit dieser Thematik auseinandersetzen wollten.<\/p>\n<p>In Zusammenarbeit mit der Polizei Lingen konnten wir Frau Jutta Spiegelberg und Herrn Tobias Christoph als Referenten gewinnen. Sie stellten anhand zahlreicher Beispiele eindringlich dar, wie r\u00fccksichtslos extremistische Gruppierungen oder Einzelpersonen im l\u00e4ndlichen Raum agieren k\u00f6nnen.<\/p>\n<p>Die Teilnehmerinnen und Teilnehmer zeigten gro\u00dfes Interesse an den vorgetragenen Informationen und waren dankbar f\u00fcr die Einblicke in dieses wichtige Thema.<\/p>\n<p>Wir bedanken uns herzlich bei Frau Jutta Spiegelberg und Herrn Tobias Christoph f\u00fcr ihren informativen und aufschlussreichen Vortrag. Ihr Fachwissen und ihre Erfahrung haben zu einem besseren Verst\u00e4ndnis der Thematik beigetragen und uns f\u00fcr die Gefahren des Extremismus im l\u00e4ndlichen Raum sensibilisiert.<\/p>\n<p>Abschlie\u00dfend m\u00f6chten wir uns bei allen Teilnehmerinnen und Teilnehmern bedanken, die diesen Abend zu einer bereichernden und informativen Veranstaltung gemacht haben. Ihr Interesse und Ihre Teilnahme haben gezeigt, dass das Bewusstsein f\u00fcr die Problematik des Extremismus im l\u00e4ndlichen Raum w\u00e4chst und dass wir gemeinsam daran arbeiten k\u00f6nnen, dieses zu verhindern.<\/p>\n<div id='gallery-1' class='gallery galleryid-3000 gallery-columns-1 gallery-size-large'><figure class='gallery-item'>\n\t\t\t<div class='gallery-icon portrait'>\n\t\t\t\t<img loading=\"lazy\" decoding=\"async\" width=\"690\" height=\"920\" src=\"https:\/\/www.landfrauen-meppen.de\/dalum\/wp-content\/uploads\/sites\/3\/2024\/03\/WhatsApp-Image-2024-03-22-at-07.11.07-768x1024.jpeg\" class=\"attachment-large size-large\" alt=\"\" srcset=\"https:\/\/www.landfrauen-meppen.de\/dalum\/wp-content\/uploads\/sites\/3\/2024\/03\/WhatsApp-Image-2024-03-22-at-07.11.07-768x1024.jpeg 768w, https:\/\/www.landfrauen-meppen.de\/dalum\/wp-content\/uploads\/sites\/3\/2024\/03\/WhatsApp-Image-2024-03-22-at-07.11.07-225x300.jpeg 225w, https:\/\/www.landfrauen-meppen.de\/dalum\/wp-content\/uploads\/sites\/3\/2024\/03\/WhatsApp-Image-2024-03-22-at-07.11.07-1152x1536.jpeg 1152w, https:\/\/www.landfrauen-meppen.de\/dalum\/wp-content\/uploads\/sites\/3\/2024\/03\/WhatsApp-Image-2024-03-22-at-07.11.07-113x150.jpeg 113w, https:\/\/www.landfrauen-meppen.de\/dalum\/wp-content\/uploads\/sites\/3\/2024\/03\/WhatsApp-Image-2024-03-22-at-07.11.07.jpeg 1200w\" sizes=\"auto, (max-width: 690px) 100vw, 690px\" \/>\n\t\t\t<\/div><\/figure><figure class='gallery-item'>\n\t\t\t<div class='gallery-icon landscape'>\n\t\t\t\t<img loading=\"lazy\" decoding=\"async\" width=\"690\" height=\"518\" src=\"https:\/\/www.landfrauen-meppen.de\/dalum\/wp-content\/uploads\/sites\/3\/2024\/03\/WhatsApp-Image-2024-03-22-at-07.12.13-2-1024x768.jpeg\" class=\"attachment-large size-large\" alt=\"\" srcset=\"https:\/\/www.landfrauen-meppen.de\/dalum\/wp-content\/uploads\/sites\/3\/2024\/03\/WhatsApp-Image-2024-03-22-at-07.12.13-2-1024x768.jpeg 1024w, https:\/\/www.landfrauen-meppen.de\/dalum\/wp-content\/uploads\/sites\/3\/2024\/03\/WhatsApp-Image-2024-03-22-at-07.12.13-2-300x225.jpeg 300w, https:\/\/www.landfrauen-meppen.de\/dalum\/wp-content\/uploads\/sites\/3\/2024\/03\/WhatsApp-Image-2024-03-22-at-07.12.13-2-768x576.jpeg 768w, https:\/\/www.landfrauen-meppen.de\/dalum\/wp-content\/uploads\/sites\/3\/2024\/03\/WhatsApp-Image-2024-03-22-at-07.12.13-2-1536x1152.jpeg 1536w, https:\/\/www.landfrauen-meppen.de\/dalum\/wp-content\/uploads\/sites\/3\/2024\/03\/WhatsApp-Image-2024-03-22-at-07.12.13-2-200x150.jpeg 200w, https:\/\/www.landfrauen-meppen.de\/dalum\/wp-content\/uploads\/sites\/3\/2024\/03\/WhatsApp-Image-2024-03-22-at-07.12.13-2.jpeg 2000w\" sizes=\"auto, (max-width: 690px) 100vw, 690px\" \/>\n\t\t\t<\/div><\/figure><figure class='gallery-item'>\n\t\t\t<div class='gallery-icon landscape'>\n\t\t\t\t<img loading=\"lazy\" decoding=\"async\" width=\"690\" height=\"518\" src=\"https:\/\/www.landfrauen-meppen.de\/dalum\/wp-content\/uploads\/sites\/3\/2024\/03\/WhatsApp-Image-2024-03-22-at-07.12.13-1-1024x768.jpeg\" class=\"attachment-large size-large\" alt=\"\" srcset=\"https:\/\/www.landfrauen-meppen.de\/dalum\/wp-content\/uploads\/sites\/3\/2024\/03\/WhatsApp-Image-2024-03-22-at-07.12.13-1-1024x768.jpeg 1024w, https:\/\/www.landfrauen-meppen.de\/dalum\/wp-content\/uploads\/sites\/3\/2024\/03\/WhatsApp-Image-2024-03-22-at-07.12.13-1-300x225.jpeg 300w, https:\/\/www.landfrauen-meppen.de\/dalum\/wp-content\/uploads\/sites\/3\/2024\/03\/WhatsApp-Image-2024-03-22-at-07.12.13-1-768x576.jpeg 768w, https:\/\/www.landfrauen-meppen.de\/dalum\/wp-content\/uploads\/sites\/3\/2024\/03\/WhatsApp-Image-2024-03-22-at-07.12.13-1-1536x1152.jpeg 1536w, https:\/\/www.landfrauen-meppen.de\/dalum\/wp-content\/uploads\/sites\/3\/2024\/03\/WhatsApp-Image-2024-03-22-at-07.12.13-1-200x150.jpeg 200w, https:\/\/www.landfrauen-meppen.de\/dalum\/wp-content\/uploads\/sites\/3\/2024\/03\/WhatsApp-Image-2024-03-22-at-07.12.13-1.jpeg 2000w\" sizes=\"auto, (max-width: 690px) 100vw, 690px\" \/>\n\t\t\t<\/div><\/figure><figure class='gallery-item'>\n\t\t\t<div class='gallery-icon landscape'>\n\t\t\t\t<img loading=\"lazy\" decoding=\"async\" width=\"690\" height=\"518\" src=\"https:\/\/www.landfrauen-meppen.de\/dalum\/wp-content\/uploads\/sites\/3\/2024\/03\/WhatsApp-Image-2024-03-22-at-07.12.13-1024x768.jpeg\" class=\"attachment-large size-large\" alt=\"\" srcset=\"https:\/\/www.landfrauen-meppen.de\/dalum\/wp-content\/uploads\/sites\/3\/2024\/03\/WhatsApp-Image-2024-03-22-at-07.12.13-1024x768.jpeg 1024w, https:\/\/www.landfrauen-meppen.de\/dalum\/wp-content\/uploads\/sites\/3\/2024\/03\/WhatsApp-Image-2024-03-22-at-07.12.13-300x225.jpeg 300w, https:\/\/www.landfrauen-meppen.de\/dalum\/wp-content\/uploads\/sites\/3\/2024\/03\/WhatsApp-Image-2024-03-22-at-07.12.13-768x576.jpeg 768w, https:\/\/www.landfrauen-meppen.de\/dalum\/wp-content\/uploads\/sites\/3\/2024\/03\/WhatsApp-Image-2024-03-22-at-07.12.13-1536x1152.jpeg 1536w, https:\/\/www.landfrauen-meppen.de\/dalum\/wp-content\/uploads\/sites\/3\/2024\/03\/WhatsApp-Image-2024-03-22-at-07.12.13-200x150.jpeg 200w, https:\/\/www.landfrauen-meppen.de\/dalum\/wp-content\/uploads\/sites\/3\/2024\/03\/WhatsApp-Image-2024-03-22-at-07.12.13.jpeg 2000w\" sizes=\"auto, (max-width: 690px) 100vw, 690px\" \/>\n\t\t\t<\/div><\/figure><figure class='gallery-item'>\n\t\t\t<div class='gallery-icon portrait'>\n\t\t\t\t<img loading=\"lazy\" decoding=\"async\" width=\"690\" height=\"920\" src=\"https:\/\/www.landfrauen-meppen.de\/dalum\/wp-content\/uploads\/sites\/3\/2024\/03\/WhatsApp-Image-2024-03-22-at-07.11.08-1-768x1024.jpeg\" class=\"attachment-large size-large\" alt=\"\" srcset=\"https:\/\/www.landfrauen-meppen.de\/dalum\/wp-content\/uploads\/sites\/3\/2024\/03\/WhatsApp-Image-2024-03-22-at-07.11.08-1-768x1024.jpeg 768w, https:\/\/www.landfrauen-meppen.de\/dalum\/wp-content\/uploads\/sites\/3\/2024\/03\/WhatsApp-Image-2024-03-22-at-07.11.08-1-225x300.jpeg 225w, https:\/\/www.landfrauen-meppen.de\/dalum\/wp-content\/uploads\/sites\/3\/2024\/03\/WhatsApp-Image-2024-03-22-at-07.11.08-1-1152x1536.jpeg 1152w, https:\/\/www.landfrauen-meppen.de\/dalum\/wp-content\/uploads\/sites\/3\/2024\/03\/WhatsApp-Image-2024-03-22-at-07.11.08-1-113x150.jpeg 113w, https:\/\/www.landfrauen-meppen.de\/dalum\/wp-content\/uploads\/sites\/3\/2024\/03\/WhatsApp-Image-2024-03-22-at-07.11.08-1.jpeg 1200w\" sizes=\"auto, (max-width: 690px) 100vw, 690px\" \/>\n\t\t\t<\/div><\/figure><figure class='gallery-item'>\n\t\t\t<div class='gallery-icon portrait'>\n\t\t\t\t<img loading=\"lazy\" decoding=\"async\" width=\"690\" height=\"920\" src=\"https:\/\/www.landfrauen-meppen.de\/dalum\/wp-content\/uploads\/sites\/3\/2024\/03\/WhatsApp-Image-2024-03-22-at-07.11.07-1-768x1024.jpeg\" class=\"attachment-large size-large\" alt=\"\" srcset=\"https:\/\/www.landfrauen-meppen.de\/dalum\/wp-content\/uploads\/sites\/3\/2024\/03\/WhatsApp-Image-2024-03-22-at-07.11.07-1-768x1024.jpeg 768w, https:\/\/www.landfrauen-meppen.de\/dalum\/wp-content\/uploads\/sites\/3\/2024\/03\/WhatsApp-Image-2024-03-22-at-07.11.07-1-225x300.jpeg 225w, https:\/\/www.landfrauen-meppen.de\/dalum\/wp-content\/uploads\/sites\/3\/2024\/03\/WhatsApp-Image-2024-03-22-at-07.11.07-1-1152x1536.jpeg 1152w, https:\/\/www.landfrauen-meppen.de\/dalum\/wp-content\/uploads\/sites\/3\/2024\/03\/WhatsApp-Image-2024-03-22-at-07.11.07-1-113x150.jpeg 113w, https:\/\/www.landfrauen-meppen.de\/dalum\/wp-content\/uploads\/sites\/3\/2024\/03\/WhatsApp-Image-2024-03-22-at-07.11.07-1.jpeg 1200w\" sizes=\"auto, (max-width: 690px) 100vw, 690px\" \/>\n\t\t\t<\/div><\/figure><figure class='gallery-item'>\n\t\t\t<div class='gallery-icon landscape'>\n\t\t\t\t<img loading=\"lazy\" decoding=\"async\" width=\"690\" height=\"518\" src=\"https:\/\/www.landfrauen-meppen.de\/dalum\/wp-content\/uploads\/sites\/3\/2024\/03\/WhatsApp-Image-2024-03-22-at-07.12.14-1024x768.jpeg\" class=\"attachment-large size-large\" alt=\"\" srcset=\"https:\/\/www.landfrauen-meppen.de\/dalum\/wp-content\/uploads\/sites\/3\/2024\/03\/WhatsApp-Image-2024-03-22-at-07.12.14-1024x768.jpeg 1024w, https:\/\/www.landfrauen-meppen.de\/dalum\/wp-content\/uploads\/sites\/3\/2024\/03\/WhatsApp-Image-2024-03-22-at-07.12.14-300x225.jpeg 300w, https:\/\/www.landfrauen-meppen.de\/dalum\/wp-content\/uploads\/sites\/3\/2024\/03\/WhatsApp-Image-2024-03-22-at-07.12.14-768x576.jpeg 768w, https:\/\/www.landfrauen-meppen.de\/dalum\/wp-content\/uploads\/sites\/3\/2024\/03\/WhatsApp-Image-2024-03-22-at-07.12.14-1536x1152.jpeg 1536w, https:\/\/www.landfrauen-meppen.de\/dalum\/wp-content\/uploads\/sites\/3\/2024\/03\/WhatsApp-Image-2024-03-22-at-07.12.14-200x150.jpeg 200w, https:\/\/www.landfrauen-meppen.de\/dalum\/wp-content\/uploads\/sites\/3\/2024\/03\/WhatsApp-Image-2024-03-22-at-07.12.14.jpeg 2000w\" sizes=\"auto, (max-width: 690px) 100vw, 690px\" \/>\n\t\t\t<\/div><\/figure><figure class='gallery-item'>\n\t\t\t<div class='gallery-icon portrait'>\n\t\t\t\t<img loading=\"lazy\" decoding=\"async\" width=\"690\" height=\"920\" src=\"https:\/\/www.landfrauen-meppen.de\/dalum\/wp-content\/uploads\/sites\/3\/2024\/03\/WhatsApp-Image-2024-03-22-at-07.11.08-768x1024.jpeg\" class=\"attachment-large size-large\" alt=\"\" srcset=\"https:\/\/www.landfrauen-meppen.de\/dalum\/wp-content\/uploads\/sites\/3\/2024\/03\/WhatsApp-Image-2024-03-22-at-07.11.08-768x1024.jpeg 768w, https:\/\/www.landfrauen-meppen.de\/dalum\/wp-content\/uploads\/sites\/3\/2024\/03\/WhatsApp-Image-2024-03-22-at-07.11.08-225x300.jpeg 225w, https:\/\/www.landfrauen-meppen.de\/dalum\/wp-content\/uploads\/sites\/3\/2024\/03\/WhatsApp-Image-2024-03-22-at-07.11.08-1152x1536.jpeg 1152w, https:\/\/www.landfrauen-meppen.de\/dalum\/wp-content\/uploads\/sites\/3\/2024\/03\/WhatsApp-Image-2024-03-22-at-07.11.08-113x150.jpeg 113w, https:\/\/www.landfrauen-meppen.de\/dalum\/wp-content\/uploads\/sites\/3\/2024\/03\/WhatsApp-Image-2024-03-22-at-07.11.08.jpeg 1200w\" sizes=\"auto, (max-width: 690px) 100vw, 690px\" \/>\n\t\t\t<\/div><\/figure><figure class='gallery-item'>\n\t\t\t<div class='gallery-icon portrait'>\n\t\t\t\t<img loading=\"lazy\" decoding=\"async\" width=\"690\" height=\"920\" src=\"https:\/\/www.landfrauen-meppen.de\/dalum\/wp-content\/uploads\/sites\/3\/2024\/03\/WhatsApp-Image-2024-03-22-at-07.12.15-2-768x1024.jpeg\" class=\"attachment-large size-large\" alt=\"\" srcset=\"https:\/\/www.landfrauen-meppen.de\/dalum\/wp-content\/uploads\/sites\/3\/2024\/03\/WhatsApp-Image-2024-03-22-at-07.12.15-2-768x1024.jpeg 768w, https:\/\/www.landfrauen-meppen.de\/dalum\/wp-content\/uploads\/sites\/3\/2024\/03\/WhatsApp-Image-2024-03-22-at-07.12.15-2-225x300.jpeg 225w, https:\/\/www.landfrauen-meppen.de\/dalum\/wp-content\/uploads\/sites\/3\/2024\/03\/WhatsApp-Image-2024-03-22-at-07.12.15-2-1152x1536.jpeg 1152w, https:\/\/www.landfrauen-meppen.de\/dalum\/wp-content\/uploads\/sites\/3\/2024\/03\/WhatsApp-Image-2024-03-22-at-07.12.15-2-113x150.jpeg 113w, https:\/\/www.landfrauen-meppen.de\/dalum\/wp-content\/uploads\/sites\/3\/2024\/03\/WhatsApp-Image-2024-03-22-at-07.12.15-2.jpeg 1500w\" sizes=\"auto, (max-width: 690px) 100vw, 690px\" \/>\n\t\t\t<\/div><\/figure><figure class='gallery-item'>\n\t\t\t<div class='gallery-icon portrait'>\n\t\t\t\t<img loading=\"lazy\" decoding=\"async\" width=\"690\" height=\"920\" src=\"https:\/\/www.landfrauen-meppen.de\/dalum\/wp-content\/uploads\/sites\/3\/2024\/03\/WhatsApp-Image-2024-03-22-at-07.12.15-1-768x1024.jpeg\" class=\"attachment-large size-large\" alt=\"\" srcset=\"https:\/\/www.landfrauen-meppen.de\/dalum\/wp-content\/uploads\/sites\/3\/2024\/03\/WhatsApp-Image-2024-03-22-at-07.12.15-1-768x1024.jpeg 768w, https:\/\/www.landfrauen-meppen.de\/dalum\/wp-content\/uploads\/sites\/3\/2024\/03\/WhatsApp-Image-2024-03-22-at-07.12.15-1-225x300.jpeg 225w, https:\/\/www.landfrauen-meppen.de\/dalum\/wp-content\/uploads\/sites\/3\/2024\/03\/WhatsApp-Image-2024-03-22-at-07.12.15-1-1152x1536.jpeg 1152w, https:\/\/www.landfrauen-meppen.de\/dalum\/wp-content\/uploads\/sites\/3\/2024\/03\/WhatsApp-Image-2024-03-22-at-07.12.15-1-113x150.jpeg 113w, https:\/\/www.landfrauen-meppen.de\/dalum\/wp-content\/uploads\/sites\/3\/2024\/03\/WhatsApp-Image-2024-03-22-at-07.12.15-1.jpeg 1500w\" sizes=\"auto, (max-width: 690px) 100vw, 690px\" \/>\n\t\t\t<\/div><\/figure><figure class='gallery-item'>\n\t\t\t<div class='gallery-icon portrait'>\n\t\t\t\t<img loading=\"lazy\" decoding=\"async\" width=\"690\" height=\"920\" src=\"https:\/\/www.landfrauen-meppen.de\/dalum\/wp-content\/uploads\/sites\/3\/2024\/03\/WhatsApp-Image-2024-03-22-at-07.12.15-768x1024.jpeg\" class=\"attachment-large size-large\" alt=\"\" srcset=\"https:\/\/www.landfrauen-meppen.de\/dalum\/wp-content\/uploads\/sites\/3\/2024\/03\/WhatsApp-Image-2024-03-22-at-07.12.15-768x1024.jpeg 768w, https:\/\/www.landfrauen-meppen.de\/dalum\/wp-content\/uploads\/sites\/3\/2024\/03\/WhatsApp-Image-2024-03-22-at-07.12.15-225x300.jpeg 225w, https:\/\/www.landfrauen-meppen.de\/dalum\/wp-content\/uploads\/sites\/3\/2024\/03\/WhatsApp-Image-2024-03-22-at-07.12.15-1152x1536.jpeg 1152w, https:\/\/www.landfrauen-meppen.de\/dalum\/wp-content\/uploads\/sites\/3\/2024\/03\/WhatsApp-Image-2024-03-22-at-07.12.15-113x150.jpeg 113w, https:\/\/www.landfrauen-meppen.de\/dalum\/wp-content\/uploads\/sites\/3\/2024\/03\/WhatsApp-Image-2024-03-22-at-07.12.15.jpeg 1500w\" sizes=\"auto, (max-width: 690px) 100vw, 690px\" \/>\n\t\t\t<\/div><\/figure>\n\t\t<\/div>\n\n<p>&nbsp;<\/p>\n","protected":false},"excerpt":{"rendered":"<p>Am Donnerstag, den 21. M\u00e4rz 2024 fand ein Informationsabend zum Thema &#8222;Extremismus auf dem Land?\u201c statt. Die Veranstaltung richtete sich an die Landfrauen sowie alle Interessierten, die sich mit dieser <a class=\"more-link\" href=\"https:\/\/www.landfrauen-meppen.de\/dalum\/2024\/03\/26\/rueckblick-extremismus-auf-dem-land\/\">weiterlesen&#8230;(hier klicken)<\/a><\/p>\n","protected":false},"author":3,"featured_media":3006,"comment_status":"closed","ping_status":"closed","sticky":false,"template":"","format":"standard","meta":{"footnotes":""},"categories":[1,3],"tags":[],"class_list":["post-3000","post","type-post","status-publish","format-standard","has-post-thumbnail","hentry","category-allgemein","category-bilder"],"_links":{"self":[{"href":"https:\/\/www.landfrauen-meppen.de\/dalum\/wp-json\/wp\/v2\/posts\/3000","targetHints":{"allow":["GET"]}}],"collection":[{"href":"https:\/\/www.landfrauen-meppen.de\/dalum\/wp-json\/wp\/v2\/posts"}],"about":[{"href":"https:\/\/www.landfrauen-meppen.de\/dalum\/wp-json\/wp\/v2\/types\/post"}],"author":[{"embeddable":true,"href":"https:\/\/www.landfrauen-meppen.de\/dalum\/wp-json\/wp\/v2\/users\/3"}],"replies":[{"embeddable":true,"href":"https:\/\/www.landfrauen-meppen.de\/dalum\/wp-json\/wp\/v2\/comments?post=3000"}],"version-history":[{"count":1,"href":"https:\/\/www.landfrauen-meppen.de\/dalum\/wp-json\/wp\/v2\/posts\/3000\/revisions"}],"predecessor-version":[{"id":3012,"href":"https:\/\/www.landfrauen-meppen.de\/dalum\/wp-json\/wp\/v2\/posts\/3000\/revisions\/3012"}],"wp:featuredmedia":[{"embeddable":true,"href":"https:\/\/www.landfrauen-meppen.de\/dalum\/wp-json\/wp\/v2\/media\/3006"}],"wp:attachment":[{"href":"https:\/\/www.landfrauen-meppen.de\/dalum\/wp-json\/wp\/v2\/media?parent=3000"}],"wp:term":[{"taxonomy":"category","embeddable":true,"href":"https:\/\/www.landfrauen-meppen.de\/dalum\/wp-json\/wp\/v2\/categories?post=3000"},{"taxonomy":"post_tag","embeddable":true,"href":"https:\/\/www.landfrauen-meppen.de\/dalum\/wp-json\/wp\/v2\/tags?post=3000"}],"curies":[{"name":"wp","href":"https:\/\/api.w.org\/{rel}","templated":true}]}}