{"id":2995,"date":"2024-03-13T21:13:16","date_gmt":"2024-03-13T20:13:16","guid":{"rendered":"https:\/\/www.landfrauen-meppen.de\/dalum\/?p=2995"},"modified":"2024-03-13T21:13:16","modified_gmt":"2024-03-13T20:13:16","slug":"einladung-dalumer-landfrauen-zwei-tage-mit-dem-rad-on-tour-2","status":"publish","type":"post","link":"https:\/\/www.landfrauen-meppen.de\/dalum\/2024\/03\/13\/einladung-dalumer-landfrauen-zwei-tage-mit-dem-rad-on-tour-2\/","title":{"rendered":"Einladung \u201eDalumer Landfrauen zwei Tage mit dem Rad on Tour.\u201c"},"content":{"rendered":"<p><strong>\u201eDalumer Landfrauen zwei Tage mit dem Rad on Tour.\u201c<\/strong><\/p>\n<p>Termin: 05. bis 06. September 2024<\/p>\n<p>In diesem Jahr wollen wir die sch\u00f6nen Seiten des benachbarten Osnabr\u00fccker Landes mit dem Fahrrad erkunden.<\/p>\n<p>Zwei Tage lang den Alltag vergessen und abschalten.<\/p>\n<p>Am Donnerstagmorgen starten wir in Richtung Merzen. Unsere Route f\u00fchrt uns vorbei an Schl\u00f6ssern, Seen, durch gr\u00fcne Alleen, vorbei an historischen Fachwerkh\u00e4usern.<\/p>\n<p>Am Ende des ersten Tages \u00fcbernachten wir in Merzen, wo uns Familie D\u00fcckinghaus in ihrem Hotel und Restaurant herzlich willkommen hei\u00dft. Die Unterbringung in umgebauten und frisch renovierten Eisenbahnwaggons verspricht ein einzigartiges \u00a0Erlebnis. Am Abend erwartet uns ein gemeinsames Abendessen im Speisesaal mit Zugbewirtung, bei dem kleine Z\u00fcge f\u00fcr die Getr\u00e4nkeversorgung und eine gem\u00fctliche Atmosph\u00e4re sorgen.<\/p>\n<p>Nach einem ausgiebigen Fr\u00fchst\u00fcck am zweiten Tag radeln wir wieder durch die sch\u00f6ne Landschaft zur\u00fcck nach Dalum.<\/p>\n<p>Die Tagesetappen betragen ca. 65 \u2013 75 km.<\/p>\n<p>Kosten: \u00dcbernachtung (es gibt Doppelzimmer, keine Einzelzimmer) mit Fr\u00fchst\u00fcck pro Person\u00a0 55 Euro. Weitere Kosten (Abendessen, Fr\u00fchst\u00fcck am 1. Tag, Getr\u00e4nke, Kuchen usw.) kommen hinzu.<\/p>\n<p>Da die Teilnehmerzahl begrenzt ist, bitten wir um telefonische Anmeldung bei Margret Dall (Tel. 05937 8469). Die Anmeldung ist am 02.04.2024 ab 19.00 Uhr m\u00f6glich. Anmeldungen vor 19.00 Uhr k\u00f6nnen nicht ber\u00fccksichtigt werden.<\/p>\n<p>Pro Person kann nur eine weitere Person angemeldet werden (nur f\u00fcr Mitglieder der Landfrauen Dalum).<\/p>\n<p>Vor der Veranstaltung findet eine Informationsveranstaltung f\u00fcr alle angemeldeten Teilnehmer statt.<\/p>\n<p>Wir freuen uns auf Euch!<\/p>\n<p>Der Vorstand<\/p>\n<p>&nbsp;<\/p>\n<p><img loading=\"lazy\" decoding=\"async\" class=\"aligncenter size-large wp-image-2997\" src=\"https:\/\/www.landfrauen-meppen.de\/dalum\/wp-content\/uploads\/sites\/3\/2024\/03\/bIke-make-lIfe-easIer-1024x1024.png\" alt=\"\" width=\"690\" height=\"690\" srcset=\"https:\/\/www.landfrauen-meppen.de\/dalum\/wp-content\/uploads\/sites\/3\/2024\/03\/bIke-make-lIfe-easIer-1024x1024.png 1024w, https:\/\/www.landfrauen-meppen.de\/dalum\/wp-content\/uploads\/sites\/3\/2024\/03\/bIke-make-lIfe-easIer-300x300.png 300w, https:\/\/www.landfrauen-meppen.de\/dalum\/wp-content\/uploads\/sites\/3\/2024\/03\/bIke-make-lIfe-easIer-150x150.png 150w, https:\/\/www.landfrauen-meppen.de\/dalum\/wp-content\/uploads\/sites\/3\/2024\/03\/bIke-make-lIfe-easIer-768x768.png 768w, https:\/\/www.landfrauen-meppen.de\/dalum\/wp-content\/uploads\/sites\/3\/2024\/03\/bIke-make-lIfe-easIer.png 1080w\" sizes=\"auto, (max-width: 690px) 100vw, 690px\" \/><\/p>\n","protected":false},"excerpt":{"rendered":"<p>\u201eDalumer Landfrauen zwei Tage mit dem Rad on Tour.\u201c Termin: 05. bis 06. September 2024 In diesem Jahr wollen wir die sch\u00f6nen Seiten des benachbarten Osnabr\u00fccker Landes mit dem Fahrrad <a class=\"more-link\" href=\"https:\/\/www.landfrauen-meppen.de\/dalum\/2024\/03\/13\/einladung-dalumer-landfrauen-zwei-tage-mit-dem-rad-on-tour-2\/\">weiterlesen&#8230;(hier klicken)<\/a><\/p>\n","protected":false},"author":3,"featured_media":2996,"comment_status":"closed","ping_status":"closed","sticky":false,"template":"","format":"standard","meta":{"footnotes":""},"categories":[1],"tags":[],"class_list":["post-2995","post","type-post","status-publish","format-standard","has-post-thumbnail","hentry","category-allgemein"],"_links":{"self":[{"href":"https:\/\/www.landfrauen-meppen.de\/dalum\/wp-json\/wp\/v2\/posts\/2995","targetHints":{"allow":["GET"]}}],"collection":[{"href":"https:\/\/www.landfrauen-meppen.de\/dalum\/wp-json\/wp\/v2\/posts"}],"about":[{"href":"https:\/\/www.landfrauen-meppen.de\/dalum\/wp-json\/wp\/v2\/types\/post"}],"author":[{"embeddable":true,"href":"https:\/\/www.landfrauen-meppen.de\/dalum\/wp-json\/wp\/v2\/users\/3"}],"replies":[{"embeddable":true,"href":"https:\/\/www.landfrauen-meppen.de\/dalum\/wp-json\/wp\/v2\/comments?post=2995"}],"version-history":[{"count":1,"href":"https:\/\/www.landfrauen-meppen.de\/dalum\/wp-json\/wp\/v2\/posts\/2995\/revisions"}],"predecessor-version":[{"id":2998,"href":"https:\/\/www.landfrauen-meppen.de\/dalum\/wp-json\/wp\/v2\/posts\/2995\/revisions\/2998"}],"wp:featuredmedia":[{"embeddable":true,"href":"https:\/\/www.landfrauen-meppen.de\/dalum\/wp-json\/wp\/v2\/media\/2996"}],"wp:attachment":[{"href":"https:\/\/www.landfrauen-meppen.de\/dalum\/wp-json\/wp\/v2\/media?parent=2995"}],"wp:term":[{"taxonomy":"category","embeddable":true,"href":"https:\/\/www.landfrauen-meppen.de\/dalum\/wp-json\/wp\/v2\/categories?post=2995"},{"taxonomy":"post_tag","embeddable":true,"href":"https:\/\/www.landfrauen-meppen.de\/dalum\/wp-json\/wp\/v2\/tags?post=2995"}],"curies":[{"name":"wp","href":"https:\/\/api.w.org\/{rel}","templated":true}]}}