{"id":2992,"date":"2024-03-13T21:00:20","date_gmt":"2024-03-13T20:00:20","guid":{"rendered":"https:\/\/www.landfrauen-meppen.de\/dalum\/?p=2992"},"modified":"2024-03-13T21:00:20","modified_gmt":"2024-03-13T20:00:20","slug":"vorankuendigung-tagesfahrt-zum-niedersaechsischen-landtag-in-hannover","status":"publish","type":"post","link":"https:\/\/www.landfrauen-meppen.de\/dalum\/2024\/03\/13\/vorankuendigung-tagesfahrt-zum-niedersaechsischen-landtag-in-hannover\/","title":{"rendered":"Vorank\u00fcndigung, Tagesfahrt zum Nieders\u00e4chsischen Landtag in Hannover"},"content":{"rendered":"<p>Vorank\u00fcndigung: Termin vormerken! Am 18.06.2024 unternehmen wir eine Tagesfahrt zum Nieders\u00e4chsischen Landtag in Hannover. Details folgen in K\u00fcrze.<\/p>\n<p>&nbsp;<\/p>\n","protected":false},"excerpt":{"rendered":"<p>Vorank\u00fcndigung: Termin vormerken! Am 18.06.2024 unternehmen wir eine Tagesfahrt zum Nieders\u00e4chsischen Landtag in Hannover. Details folgen in K\u00fcrze. &nbsp;<\/p>\n","protected":false},"author":3,"featured_media":2993,"comment_status":"closed","ping_status":"closed","sticky":false,"template":"","format":"standard","meta":{"footnotes":""},"categories":[1],"tags":[],"class_list":["post-2992","post","type-post","status-publish","format-standard","has-post-thumbnail","hentry","category-allgemein"],"_links":{"self":[{"href":"https:\/\/www.landfrauen-meppen.de\/dalum\/wp-json\/wp\/v2\/posts\/2992","targetHints":{"allow":["GET"]}}],"collection":[{"href":"https:\/\/www.landfrauen-meppen.de\/dalum\/wp-json\/wp\/v2\/posts"}],"about":[{"href":"https:\/\/www.landfrauen-meppen.de\/dalum\/wp-json\/wp\/v2\/types\/post"}],"author":[{"embeddable":true,"href":"https:\/\/www.landfrauen-meppen.de\/dalum\/wp-json\/wp\/v2\/users\/3"}],"replies":[{"embeddable":true,"href":"https:\/\/www.landfrauen-meppen.de\/dalum\/wp-json\/wp\/v2\/comments?post=2992"}],"version-history":[{"count":1,"href":"https:\/\/www.landfrauen-meppen.de\/dalum\/wp-json\/wp\/v2\/posts\/2992\/revisions"}],"predecessor-version":[{"id":2994,"href":"https:\/\/www.landfrauen-meppen.de\/dalum\/wp-json\/wp\/v2\/posts\/2992\/revisions\/2994"}],"wp:featuredmedia":[{"embeddable":true,"href":"https:\/\/www.landfrauen-meppen.de\/dalum\/wp-json\/wp\/v2\/media\/2993"}],"wp:attachment":[{"href":"https:\/\/www.landfrauen-meppen.de\/dalum\/wp-json\/wp\/v2\/media?parent=2992"}],"wp:term":[{"taxonomy":"category","embeddable":true,"href":"https:\/\/www.landfrauen-meppen.de\/dalum\/wp-json\/wp\/v2\/categories?post=2992"},{"taxonomy":"post_tag","embeddable":true,"href":"https:\/\/www.landfrauen-meppen.de\/dalum\/wp-json\/wp\/v2\/tags?post=2992"}],"curies":[{"name":"wp","href":"https:\/\/api.w.org\/{rel}","templated":true}]}}