{"id":2989,"date":"2024-03-08T11:07:44","date_gmt":"2024-03-08T10:07:44","guid":{"rendered":"https:\/\/www.landfrauen-meppen.de\/dalum\/?p=2989"},"modified":"2024-03-08T11:07:44","modified_gmt":"2024-03-08T10:07:44","slug":"einladung-zum-thema-extremismus-auf-dem-land","status":"publish","type":"post","link":"https:\/\/www.landfrauen-meppen.de\/dalum\/2024\/03\/08\/einladung-zum-thema-extremismus-auf-dem-land\/","title":{"rendered":"Einladung zum Thema: &#8222;Extremismus auf dem Land?&#8220;"},"content":{"rendered":"<p>Einladung zum Thema: &#8222;Extremismus auf dem Land?&#8220;\u00a0<span class=\"x3nfvp2 x1j61x8r x1fcty0u xdj266r xhhsvwb xat24cr xgzva0m xxymvpz xlup9mm x1kky2od\"><img loading=\"lazy\" decoding=\"async\" class=\"xz74otr\" src=\"https:\/\/static.xx.fbcdn.net\/images\/emoji.php\/v9\/t9d\/1\/16\/1f33e.png\" alt=\"\ud83c\udf3e\" width=\"16\" height=\"16\" \/><\/span><\/p>\n<p><span class=\"x3nfvp2 x1j61x8r x1fcty0u xdj266r xhhsvwb xat24cr xgzva0m xxymvpz xlup9mm x1kky2od\"><img loading=\"lazy\" decoding=\"async\" class=\"xz74otr\" src=\"https:\/\/static.xx.fbcdn.net\/images\/emoji.php\/v9\/t7e\/1\/16\/1f4c5.png\" alt=\"\ud83d\udcc5\" width=\"16\" height=\"16\" \/><\/span>\u00a0Datum: Donnerstag, 21.03.2024<br \/>\n<span class=\"x3nfvp2 x1j61x8r x1fcty0u xdj266r xhhsvwb xat24cr xgzva0m xxymvpz xlup9mm x1kky2od\"><img loading=\"lazy\" decoding=\"async\" class=\"xz74otr\" src=\"https:\/\/static.xx.fbcdn.net\/images\/emoji.php\/v9\/tc8\/1\/16\/1f561.png\" alt=\"\ud83d\udd61\" width=\"16\" height=\"16\" \/><\/span>\u00a0Zeit: 18:30 Uhr<br \/>\n<span class=\"x3nfvp2 x1j61x8r x1fcty0u xdj266r xhhsvwb xat24cr xgzva0m xxymvpz xlup9mm x1kky2od\"><img loading=\"lazy\" decoding=\"async\" class=\"xz74otr\" src=\"https:\/\/static.xx.fbcdn.net\/images\/emoji.php\/v9\/t2d\/1\/16\/1f4cd.png\" alt=\"\ud83d\udccd\" width=\"16\" height=\"16\" \/><\/span>\u00a0Ort: Haus Emmaus<\/p>\n<p><span class=\"x3nfvp2 x1j61x8r x1fcty0u xdj266r xhhsvwb xat24cr xgzva0m xxymvpz xlup9mm x1kky2od\"><img loading=\"lazy\" decoding=\"async\" class=\"xz74otr\" src=\"https:\/\/static.xx.fbcdn.net\/images\/emoji.php\/v9\/t39\/1\/16\/1f4e2.png\" alt=\"\ud83d\udce2\" width=\"16\" height=\"16\" \/><\/span>\u00a0Liebe Landfrauen und Interessierte,<\/p>\n<p>Das Thema &#8222;Extremismus auf dem Land?&#8220; bewegt uns alle. Daher m\u00f6chten wir euch herzlich zu einem informativen Abend einladen. In Kooperation mit der Polizei Lingen haben wir Frau Jutta Spiegelberg, Kriminalhauptkommissarin f\u00fcr Pr\u00e4vention im Emsland und der Grafschaft Bentheim, gewinnen k\u00f6nnen. Sie wird anhand zahlreicher Beispiele verdeutlichen, wie r\u00fccksichtslos extremistische Gruppierungen oder Einzelpersonen agieren.<\/p>\n<p><span class=\"x3nfvp2 x1j61x8r x1fcty0u xdj266r xhhsvwb xat24cr xgzva0m xxymvpz xlup9mm x1kky2od\"><img loading=\"lazy\" decoding=\"async\" class=\"xz74otr\" src=\"https:\/\/static.xx.fbcdn.net\/images\/emoji.php\/v9\/tcc\/1\/16\/1f4dd.png\" alt=\"\ud83d\udcdd\" width=\"16\" height=\"16\" \/><\/span>\u00a0Anmeldeschluss: 14.03.2024<\/p>\n<p><span class=\"x3nfvp2 x1j61x8r x1fcty0u xdj266r xhhsvwb xat24cr xgzva0m xxymvpz xlup9mm x1kky2od\"><img loading=\"lazy\" decoding=\"async\" class=\"xz74otr\" src=\"https:\/\/static.xx.fbcdn.net\/images\/emoji.php\/v9\/te\/1\/16\/1f6bb.png\" alt=\"\ud83d\udebb\" width=\"16\" height=\"16\" \/><\/span>\u00a0Diese Veranstaltung ist offen f\u00fcr alle Interessierten, unabh\u00e4ngig von Geschlecht oder Mitgliedschaft. Wir freuen uns auf einen aufschlussreichen Abend!<\/p>\n<p>Mit herzlichen Gr\u00fc\u00dfen,<br \/>\nDas Vorstandsteam der Landfrauen Dalum<\/p>\n<p>&nbsp;<\/p>\n<p><img loading=\"lazy\" decoding=\"async\" class=\"aligncenter size-large wp-image-2990\" src=\"https:\/\/www.landfrauen-meppen.de\/dalum\/wp-content\/uploads\/sites\/3\/2024\/03\/417509473_719086976876675_6273594606485362299_n-1024x1024.jpg\" alt=\"\" width=\"690\" height=\"690\" srcset=\"https:\/\/www.landfrauen-meppen.de\/dalum\/wp-content\/uploads\/sites\/3\/2024\/03\/417509473_719086976876675_6273594606485362299_n-1024x1024.jpg 1024w, https:\/\/www.landfrauen-meppen.de\/dalum\/wp-content\/uploads\/sites\/3\/2024\/03\/417509473_719086976876675_6273594606485362299_n-300x300.jpg 300w, https:\/\/www.landfrauen-meppen.de\/dalum\/wp-content\/uploads\/sites\/3\/2024\/03\/417509473_719086976876675_6273594606485362299_n-150x150.jpg 150w, https:\/\/www.landfrauen-meppen.de\/dalum\/wp-content\/uploads\/sites\/3\/2024\/03\/417509473_719086976876675_6273594606485362299_n-768x768.jpg 768w, https:\/\/www.landfrauen-meppen.de\/dalum\/wp-content\/uploads\/sites\/3\/2024\/03\/417509473_719086976876675_6273594606485362299_n.jpg 1080w\" sizes=\"auto, (max-width: 690px) 100vw, 690px\" \/><\/p>\n","protected":false},"excerpt":{"rendered":"<p>Einladung zum Thema: &#8222;Extremismus auf dem Land?&#8220;\u00a0 \u00a0Datum: Donnerstag, 21.03.2024 \u00a0Zeit: 18:30 Uhr \u00a0Ort: Haus Emmaus \u00a0Liebe Landfrauen und Interessierte, Das Thema &#8222;Extremismus auf dem Land?&#8220; bewegt uns alle. Daher <a class=\"more-link\" href=\"https:\/\/www.landfrauen-meppen.de\/dalum\/2024\/03\/08\/einladung-zum-thema-extremismus-auf-dem-land\/\">weiterlesen&#8230;(hier klicken)<\/a><\/p>\n","protected":false},"author":3,"featured_media":0,"comment_status":"closed","ping_status":"closed","sticky":false,"template":"","format":"standard","meta":{"footnotes":""},"categories":[1],"tags":[],"class_list":["post-2989","post","type-post","status-publish","format-standard","hentry","category-allgemein"],"_links":{"self":[{"href":"https:\/\/www.landfrauen-meppen.de\/dalum\/wp-json\/wp\/v2\/posts\/2989","targetHints":{"allow":["GET"]}}],"collection":[{"href":"https:\/\/www.landfrauen-meppen.de\/dalum\/wp-json\/wp\/v2\/posts"}],"about":[{"href":"https:\/\/www.landfrauen-meppen.de\/dalum\/wp-json\/wp\/v2\/types\/post"}],"author":[{"embeddable":true,"href":"https:\/\/www.landfrauen-meppen.de\/dalum\/wp-json\/wp\/v2\/users\/3"}],"replies":[{"embeddable":true,"href":"https:\/\/www.landfrauen-meppen.de\/dalum\/wp-json\/wp\/v2\/comments?post=2989"}],"version-history":[{"count":1,"href":"https:\/\/www.landfrauen-meppen.de\/dalum\/wp-json\/wp\/v2\/posts\/2989\/revisions"}],"predecessor-version":[{"id":2991,"href":"https:\/\/www.landfrauen-meppen.de\/dalum\/wp-json\/wp\/v2\/posts\/2989\/revisions\/2991"}],"wp:attachment":[{"href":"https:\/\/www.landfrauen-meppen.de\/dalum\/wp-json\/wp\/v2\/media?parent=2989"}],"wp:term":[{"taxonomy":"category","embeddable":true,"href":"https:\/\/www.landfrauen-meppen.de\/dalum\/wp-json\/wp\/v2\/categories?post=2989"},{"taxonomy":"post_tag","embeddable":true,"href":"https:\/\/www.landfrauen-meppen.de\/dalum\/wp-json\/wp\/v2\/tags?post=2989"}],"curies":[{"name":"wp","href":"https:\/\/api.w.org\/{rel}","templated":true}]}}