{"id":2962,"date":"2024-01-26T15:19:32","date_gmt":"2024-01-26T14:19:32","guid":{"rendered":"https:\/\/www.landfrauen-meppen.de\/dalum\/?p=2962"},"modified":"2024-01-26T15:22:02","modified_gmt":"2024-01-26T14:22:02","slug":"kreislandfrauenabend-2024-schwester-teresa-zukic-buchautorin-rednerin-ermutigerin-keyspeakerin","status":"publish","type":"post","link":"https:\/\/www.landfrauen-meppen.de\/dalum\/2024\/01\/26\/kreislandfrauenabend-2024-schwester-teresa-zukic-buchautorin-rednerin-ermutigerin-keyspeakerin\/","title":{"rendered":"Einladung zum Kreislandfrauenabend 2024: Schwester Teresa Zukic"},"content":{"rendered":"<p><strong><u>Einladung Landfrauen Dalum<\/u><\/strong><\/p>\n<p>&nbsp;<\/p>\n<p><strong>Kreislandfrauenabend 2024<\/strong><\/p>\n<p>Schwester Teresa Zukic: Buchautorin- Rednerin-<\/p>\n<p>Ermutigerin \u2013 Keyspeakerin<\/p>\n<p>&nbsp;<\/p>\n<p>Termin: \u00a0\u00a0\u00a0\u00a0\u00a0\u00a0\u00a0\u00a0 11.April 2024<\/p>\n<p>Einlass:\u00a0\u00a0\u00a0\u00a0\u00a0\u00a0\u00a0\u00a0 ab 17:00 Uhr<\/p>\n<p>Ort: \u00a0\u00a0\u00a0\u00a0 \u00a0\u00a0\u00a0\u00a0\u00a0\u00a0\u00a0\u00a0\u00a0\u00a0\u00a0 Saal Hagen in Haren (Wesuweer Str. 40, 49733 Haren)<\/p>\n<p>Kosten:\u00a0\u00a0\u00a0\u00a0\u00a0\u00a0\u00a0\u00a0\u00a0 25 Euro (inkl. Eintrittskarte, Begr\u00fc\u00dfungsgetr\u00e4nk und Imbiss)<\/p>\n<p>&nbsp;<\/p>\n<p>Liebe Landfrauen Dalum,<\/p>\n<p>an diesem Abend erwarten wir Schwester Teresa Zukic als Gast, eine bekannte Buchautorin, Rednerin und Ermutigerin.<\/p>\n<p>Schwester Teresa Zukic ist durch Fernsehauftritte, Musicals, Gottesdienste, Vortr\u00e4ge, B\u00fccher und soziale Medien bekannt. Ihre mitrei\u00dfende Pers\u00f6nlichkeit, gepaart mit Redetalent, Humor, Offenheit und Begeisterung f\u00fcr den Glauben, machen sie zu einer gefragten Gastrednerin.<\/p>\n<p>Sie \u00fcberzeugt mit lebensnahen Hilfestellungen f\u00fcr den Alltag und ist ein 60-min\u00fctiges Feuerwerk.<\/p>\n<p>Bei dieser Veranstaltung d\u00fcrfen auch gerne Nichtmitglieder teilnehmen.<\/p>\n<p>Die Eintrittskarten k\u00f6nnen bei den n\u00e4chsten Veranstaltungen oder bei Gabi Habeck gekauft werden.<\/p>\n<p>Wir freuen uns auf einen gem\u00fctlichen, humorvollen Abend.<\/p>\n<p>Das Vorstandsteam<\/p>\n<p><img loading=\"lazy\" decoding=\"async\" class=\"aligncenter size-full wp-image-2963\" src=\"https:\/\/www.landfrauen-meppen.de\/dalum\/wp-content\/uploads\/sites\/3\/2024\/01\/2024-01-26_144610.png\" alt=\"\" width=\"310\" height=\"333\" srcset=\"https:\/\/www.landfrauen-meppen.de\/dalum\/wp-content\/uploads\/sites\/3\/2024\/01\/2024-01-26_144610.png 310w, https:\/\/www.landfrauen-meppen.de\/dalum\/wp-content\/uploads\/sites\/3\/2024\/01\/2024-01-26_144610-279x300.png 279w, https:\/\/www.landfrauen-meppen.de\/dalum\/wp-content\/uploads\/sites\/3\/2024\/01\/2024-01-26_144610-140x150.png 140w\" sizes=\"auto, (max-width: 310px) 100vw, 310px\" \/><\/p>\n","protected":false},"excerpt":{"rendered":"<p>Einladung Landfrauen Dalum &nbsp; Kreislandfrauenabend 2024 Schwester Teresa Zukic: Buchautorin- Rednerin- Ermutigerin \u2013 Keyspeakerin &nbsp; Termin: \u00a0\u00a0\u00a0\u00a0\u00a0\u00a0\u00a0\u00a0 11.April 2024 Einlass:\u00a0\u00a0\u00a0\u00a0\u00a0\u00a0\u00a0\u00a0 ab 17:00 Uhr Ort: \u00a0\u00a0\u00a0\u00a0 \u00a0\u00a0\u00a0\u00a0\u00a0\u00a0\u00a0\u00a0\u00a0\u00a0\u00a0 Saal Hagen in Haren <a class=\"more-link\" href=\"https:\/\/www.landfrauen-meppen.de\/dalum\/2024\/01\/26\/kreislandfrauenabend-2024-schwester-teresa-zukic-buchautorin-rednerin-ermutigerin-keyspeakerin\/\">weiterlesen&#8230;(hier klicken)<\/a><\/p>\n","protected":false},"author":3,"featured_media":2964,"comment_status":"closed","ping_status":"closed","sticky":false,"template":"","format":"standard","meta":{"footnotes":""},"categories":[1],"tags":[],"class_list":["post-2962","post","type-post","status-publish","format-standard","has-post-thumbnail","hentry","category-allgemein"],"_links":{"self":[{"href":"https:\/\/www.landfrauen-meppen.de\/dalum\/wp-json\/wp\/v2\/posts\/2962","targetHints":{"allow":["GET"]}}],"collection":[{"href":"https:\/\/www.landfrauen-meppen.de\/dalum\/wp-json\/wp\/v2\/posts"}],"about":[{"href":"https:\/\/www.landfrauen-meppen.de\/dalum\/wp-json\/wp\/v2\/types\/post"}],"author":[{"embeddable":true,"href":"https:\/\/www.landfrauen-meppen.de\/dalum\/wp-json\/wp\/v2\/users\/3"}],"replies":[{"embeddable":true,"href":"https:\/\/www.landfrauen-meppen.de\/dalum\/wp-json\/wp\/v2\/comments?post=2962"}],"version-history":[{"count":3,"href":"https:\/\/www.landfrauen-meppen.de\/dalum\/wp-json\/wp\/v2\/posts\/2962\/revisions"}],"predecessor-version":[{"id":2967,"href":"https:\/\/www.landfrauen-meppen.de\/dalum\/wp-json\/wp\/v2\/posts\/2962\/revisions\/2967"}],"wp:featuredmedia":[{"embeddable":true,"href":"https:\/\/www.landfrauen-meppen.de\/dalum\/wp-json\/wp\/v2\/media\/2964"}],"wp:attachment":[{"href":"https:\/\/www.landfrauen-meppen.de\/dalum\/wp-json\/wp\/v2\/media?parent=2962"}],"wp:term":[{"taxonomy":"category","embeddable":true,"href":"https:\/\/www.landfrauen-meppen.de\/dalum\/wp-json\/wp\/v2\/categories?post=2962"},{"taxonomy":"post_tag","embeddable":true,"href":"https:\/\/www.landfrauen-meppen.de\/dalum\/wp-json\/wp\/v2\/tags?post=2962"}],"curies":[{"name":"wp","href":"https:\/\/api.w.org\/{rel}","templated":true}]}}