{"id":2888,"date":"2023-12-31T12:59:31","date_gmt":"2023-12-31T11:59:31","guid":{"rendered":"https:\/\/www.landfrauen-meppen.de\/dalum\/?p=2888"},"modified":"2023-12-31T13:00:33","modified_gmt":"2023-12-31T12:00:33","slug":"jahresrueckblick-2023","status":"publish","type":"post","link":"https:\/\/www.landfrauen-meppen.de\/dalum\/2023\/12\/31\/jahresrueckblick-2023\/","title":{"rendered":"Jahresr\u00fcckblick 2023"},"content":{"rendered":"<div class=\"x11i5rnm xat24cr x1mh8g0r x1vvkbs xtlvy1s x126k92a\">\n<div dir=\"auto\">*Jahresr\u00fcckblick*<\/div>\n<div dir=\"auto\"><\/div>\n<\/div>\n<div class=\"x11i5rnm xat24cr x1mh8g0r x1vvkbs xtlvy1s x126k92a\">\n<div dir=\"auto\">*Januar:* Der Jahresauftakt begann mit einem Vortrag von Veronika Burrichter \u00fcber Selbstf\u00fcrsorge im Alltag. Die praktischen Tipps und Anregungen versprechen eine nachhaltige Bereicherung f\u00fcr den Alltag.<\/div>\n<div dir=\"auto\"><\/div>\n<\/div>\n<div class=\"x11i5rnm xat24cr x1mh8g0r x1vvkbs xtlvy1s x126k92a\">\n<div dir=\"auto\">*Februar:* Die Veranstaltung zur Wohnraumgestaltung mit Katharina Semling zeigte eindrucksvoll, wie mit einfachen Mitteln eine wohnliche Atmosph\u00e4re geschaffen werden kann.<\/div>\n<div dir=\"auto\"><\/div>\n<\/div>\n<div class=\"x11i5rnm xat24cr x1mh8g0r x1vvkbs xtlvy1s x126k92a\">\n<div dir=\"auto\">*M\u00e4rz:* Der Rosenschneideworkshop \u201eKeine Angst vor der Schere\u201c<\/div>\n<div dir=\"auto\">bei Margret war nicht nur lehrreich, sondern mit selbstgebackenem Kuchen und praktischer Vorf\u00fchrung im Garten auch gem\u00fctlich.<\/div>\n<div dir=\"auto\"><\/div>\n<\/div>\n<div class=\"x11i5rnm xat24cr x1mh8g0r x1vvkbs xtlvy1s x126k92a\">\n<div dir=\"auto\">*Juni:* Die Weinprobe mit Frau Feldmann bot einen genussvollen Sommerabend und die Gelegenheit, verschiedene Weine kennen zu lernen und zu verkosten.<\/div>\n<div dir=\"auto\"><\/div>\n<\/div>\n<div class=\"x11i5rnm xat24cr x1mh8g0r x1vvkbs xtlvy1s x126k92a\">\n<div dir=\"auto\">*Juli:* Der Ausflug zum Fischkochstudio in Bremerhaven war ein kulinarisches Highlight mit einer tollen Kochvorf\u00fchrung, einem leckeren Fischbuffet und einer spannenden Stadtrundfahrt.<\/div>\n<div dir=\"auto\"><\/div>\n<\/div>\n<div class=\"x11i5rnm xat24cr x1mh8g0r x1vvkbs xtlvy1s x126k92a\">\n<div dir=\"auto\">*August:* Der Besuch im Dahliengarten der Familie Kock war ein wundersch\u00f6ner Tag inmitten der Natur mit entspannter Atmosph\u00e4re und der Sch\u00f6nheit der Dahlienbl\u00fcte.<\/div>\n<div dir=\"auto\"><\/div>\n<\/div>\n<div class=\"x11i5rnm xat24cr x1mh8g0r x1vvkbs xtlvy1s x126k92a\">\n<div dir=\"auto\">*September:* Die zweit\u00e4gige Fahrradtour durch das n\u00f6rdliche Emsland brachte die Landfrauen n\u00e4her zusammen und lie\u00df sie Natur und Kultur erleben.<\/div>\n<div dir=\"auto\"><\/div>\n<\/div>\n<div class=\"x11i5rnm xat24cr x1mh8g0r x1vvkbs xtlvy1s x126k92a\">\n<div dir=\"auto\">*September.* Generalversammlung. Der Vorstand wurde wiedergew\u00e4hlt, und Christiane Bregen-Meiners hielt einen Vortrag \u00fcber ihre Arbeit.<\/div>\n<div dir=\"auto\"><\/div>\n<\/div>\n<div class=\"x11i5rnm xat24cr x1mh8g0r x1vvkbs xtlvy1s x126k92a\">\n<div dir=\"auto\">*Oktober:* Die kulinarische Reise durch die Vielfalt der Kartoffel war ein Genuss f\u00fcr alle Sinne, von Vorspeisen \u00fcber Hauptgerichte bis zu verf\u00fchrerischen Desserts.<\/div>\n<div dir=\"auto\"><\/div>\n<\/div>\n<div class=\"x11i5rnm xat24cr x1mh8g0r x1vvkbs xtlvy1s x126k92a\">\n<div dir=\"auto\">*Oktober:* Buchweizenpfannkuchen backen, im Alten- und Pflegeheim.<\/div>\n<div dir=\"auto\">Das Vorstandsteam der Landfrauen hat f\u00fcr die Bewohnerinnen und Bewohner gebacken.<\/div>\n<div dir=\"auto\"><\/div>\n<\/div>\n<div class=\"x11i5rnm xat24cr x1mh8g0r x1vvkbs xtlvy1s x126k92a\">\n<div dir=\"auto\">*November:* Beim gemeinsamen Basteln entstanden festliche Weihnachtskr\u00e4nze und es herrschte vorweihnachtliche Stimmung.<\/div>\n<div dir=\"auto\"><\/div>\n<\/div>\n<div class=\"x11i5rnm xat24cr x1mh8g0r x1vvkbs xtlvy1s x126k92a\">\n<div dir=\"auto\">*Dezember:* Spa\u00df und Geselligkeit brachte der Brettspielabend, bei dem aktuelle Spiele und Klassiker f\u00fcr unterhaltsame Stunden sorgten.<\/div>\n<div dir=\"auto\"><\/div>\n<\/div>\n<div class=\"x11i5rnm xat24cr x1mh8g0r x1vvkbs xtlvy1s x126k92a\">\n<div dir=\"auto\">Das Jahr 2023 war gepr\u00e4gt von vielf\u00e4ltigen Aktivit\u00e4ten, lehrreichen Erfahrungen, herzlichen Begegnungen und gemeinsamen Gen\u00fcssen.<\/div>\n<div dir=\"auto\"><img loading=\"lazy\" decoding=\"async\" class=\"aligncenter size-large wp-image-2889\" src=\"https:\/\/www.landfrauen-meppen.de\/dalum\/wp-content\/uploads\/sites\/3\/2023\/12\/Happy-New-Year-1-1024x1024.png\" alt=\"\" width=\"690\" height=\"690\" \/><\/div>\n<\/div>\n","protected":false},"excerpt":{"rendered":"<p>*Jahresr\u00fcckblick* *Januar:* Der Jahresauftakt begann mit einem Vortrag von Veronika Burrichter \u00fcber Selbstf\u00fcrsorge im Alltag. Die praktischen Tipps und Anregungen versprechen eine nachhaltige Bereicherung f\u00fcr den Alltag. *Februar:* Die Veranstaltung <a class=\"more-link\" href=\"https:\/\/www.landfrauen-meppen.de\/dalum\/2023\/12\/31\/jahresrueckblick-2023\/\">weiterlesen&#8230;(hier klicken)<\/a><\/p>\n","protected":false},"author":3,"featured_media":2889,"comment_status":"closed","ping_status":"closed","sticky":false,"template":"","format":"standard","meta":{"footnotes":""},"categories":[1],"tags":[],"class_list":["post-2888","post","type-post","status-publish","format-standard","has-post-thumbnail","hentry","category-allgemein"],"_links":{"self":[{"href":"https:\/\/www.landfrauen-meppen.de\/dalum\/wp-json\/wp\/v2\/posts\/2888","targetHints":{"allow":["GET"]}}],"collection":[{"href":"https:\/\/www.landfrauen-meppen.de\/dalum\/wp-json\/wp\/v2\/posts"}],"about":[{"href":"https:\/\/www.landfrauen-meppen.de\/dalum\/wp-json\/wp\/v2\/types\/post"}],"author":[{"embeddable":true,"href":"https:\/\/www.landfrauen-meppen.de\/dalum\/wp-json\/wp\/v2\/users\/3"}],"replies":[{"embeddable":true,"href":"https:\/\/www.landfrauen-meppen.de\/dalum\/wp-json\/wp\/v2\/comments?post=2888"}],"version-history":[{"count":1,"href":"https:\/\/www.landfrauen-meppen.de\/dalum\/wp-json\/wp\/v2\/posts\/2888\/revisions"}],"predecessor-version":[{"id":2890,"href":"https:\/\/www.landfrauen-meppen.de\/dalum\/wp-json\/wp\/v2\/posts\/2888\/revisions\/2890"}],"wp:featuredmedia":[{"embeddable":true,"href":"https:\/\/www.landfrauen-meppen.de\/dalum\/wp-json\/wp\/v2\/media\/2889"}],"wp:attachment":[{"href":"https:\/\/www.landfrauen-meppen.de\/dalum\/wp-json\/wp\/v2\/media?parent=2888"}],"wp:term":[{"taxonomy":"category","embeddable":true,"href":"https:\/\/www.landfrauen-meppen.de\/dalum\/wp-json\/wp\/v2\/categories?post=2888"},{"taxonomy":"post_tag","embeddable":true,"href":"https:\/\/www.landfrauen-meppen.de\/dalum\/wp-json\/wp\/v2\/tags?post=2888"}],"curies":[{"name":"wp","href":"https:\/\/api.w.org\/{rel}","templated":true}]}}