{"id":2883,"date":"2023-12-23T15:28:07","date_gmt":"2023-12-23T14:28:07","guid":{"rendered":"https:\/\/www.landfrauen-meppen.de\/dalum\/?p=2883"},"modified":"2023-12-23T15:28:07","modified_gmt":"2023-12-23T14:28:07","slug":"weihnachtsgruesse","status":"publish","type":"post","link":"https:\/\/www.landfrauen-meppen.de\/dalum\/2023\/12\/23\/weihnachtsgruesse\/","title":{"rendered":"Weihnachtsgr\u00fc\u00dfe"},"content":{"rendered":"<p>\ud83d\udd4a\ufe0f Der Vorstand der Landfrauen Dalum sendet herzliche Gr\u00fc\u00dfe in dieser festlichen Zeit. M\u00f6ge der Friede eure Herzen und eure Gemeinschaft erleuchten. Frohe Weihnachten und eine friedvolle Zeit voller Liebe und Besinnlichkeit! \ud83c\udf84\ud83c\udf1f<\/p>\n<p><img loading=\"lazy\" decoding=\"async\" class=\"aligncenter size-large wp-image-2885\" src=\"https:\/\/www.landfrauen-meppen.de\/dalum\/wp-content\/uploads\/sites\/3\/2023\/12\/Green-Christmas-Twibbon-Profile-Photo-Instagram-Post-1024x1024.png\" alt=\"\" width=\"690\" height=\"690\" srcset=\"https:\/\/www.landfrauen-meppen.de\/dalum\/wp-content\/uploads\/sites\/3\/2023\/12\/Green-Christmas-Twibbon-Profile-Photo-Instagram-Post-1024x1024.png 1024w, https:\/\/www.landfrauen-meppen.de\/dalum\/wp-content\/uploads\/sites\/3\/2023\/12\/Green-Christmas-Twibbon-Profile-Photo-Instagram-Post-300x300.png 300w, https:\/\/www.landfrauen-meppen.de\/dalum\/wp-content\/uploads\/sites\/3\/2023\/12\/Green-Christmas-Twibbon-Profile-Photo-Instagram-Post-150x150.png 150w, https:\/\/www.landfrauen-meppen.de\/dalum\/wp-content\/uploads\/sites\/3\/2023\/12\/Green-Christmas-Twibbon-Profile-Photo-Instagram-Post-768x768.png 768w, https:\/\/www.landfrauen-meppen.de\/dalum\/wp-content\/uploads\/sites\/3\/2023\/12\/Green-Christmas-Twibbon-Profile-Photo-Instagram-Post.png 1080w\" sizes=\"auto, (max-width: 690px) 100vw, 690px\" \/><\/p>\n","protected":false},"excerpt":{"rendered":"<p>\ud83d\udd4a\ufe0f Der Vorstand der Landfrauen Dalum sendet herzliche Gr\u00fc\u00dfe in dieser festlichen Zeit. M\u00f6ge der Friede eure Herzen und eure Gemeinschaft erleuchten. Frohe Weihnachten und eine friedvolle Zeit voller Liebe <a class=\"more-link\" href=\"https:\/\/www.landfrauen-meppen.de\/dalum\/2023\/12\/23\/weihnachtsgruesse\/\">weiterlesen&#8230;(hier klicken)<\/a><\/p>\n","protected":false},"author":3,"featured_media":2885,"comment_status":"closed","ping_status":"closed","sticky":false,"template":"","format":"standard","meta":{"footnotes":""},"categories":[1],"tags":[],"class_list":["post-2883","post","type-post","status-publish","format-standard","has-post-thumbnail","hentry","category-allgemein"],"_links":{"self":[{"href":"https:\/\/www.landfrauen-meppen.de\/dalum\/wp-json\/wp\/v2\/posts\/2883","targetHints":{"allow":["GET"]}}],"collection":[{"href":"https:\/\/www.landfrauen-meppen.de\/dalum\/wp-json\/wp\/v2\/posts"}],"about":[{"href":"https:\/\/www.landfrauen-meppen.de\/dalum\/wp-json\/wp\/v2\/types\/post"}],"author":[{"embeddable":true,"href":"https:\/\/www.landfrauen-meppen.de\/dalum\/wp-json\/wp\/v2\/users\/3"}],"replies":[{"embeddable":true,"href":"https:\/\/www.landfrauen-meppen.de\/dalum\/wp-json\/wp\/v2\/comments?post=2883"}],"version-history":[{"count":1,"href":"https:\/\/www.landfrauen-meppen.de\/dalum\/wp-json\/wp\/v2\/posts\/2883\/revisions"}],"predecessor-version":[{"id":2886,"href":"https:\/\/www.landfrauen-meppen.de\/dalum\/wp-json\/wp\/v2\/posts\/2883\/revisions\/2886"}],"wp:featuredmedia":[{"embeddable":true,"href":"https:\/\/www.landfrauen-meppen.de\/dalum\/wp-json\/wp\/v2\/media\/2885"}],"wp:attachment":[{"href":"https:\/\/www.landfrauen-meppen.de\/dalum\/wp-json\/wp\/v2\/media?parent=2883"}],"wp:term":[{"taxonomy":"category","embeddable":true,"href":"https:\/\/www.landfrauen-meppen.de\/dalum\/wp-json\/wp\/v2\/categories?post=2883"},{"taxonomy":"post_tag","embeddable":true,"href":"https:\/\/www.landfrauen-meppen.de\/dalum\/wp-json\/wp\/v2\/tags?post=2883"}],"curies":[{"name":"wp","href":"https:\/\/api.w.org\/{rel}","templated":true}]}}