{"id":2628,"date":"2023-10-12T17:55:49","date_gmt":"2023-10-12T15:55:49","guid":{"rendered":"https:\/\/www.landfrauen-meppen.de\/dalum\/?p=2628"},"modified":"2023-10-12T17:55:49","modified_gmt":"2023-10-12T15:55:49","slug":"einladung-gruene-weihnachtskranzwerkstatt","status":"publish","type":"post","link":"https:\/\/www.landfrauen-meppen.de\/dalum\/2023\/10\/12\/einladung-gruene-weihnachtskranzwerkstatt\/","title":{"rendered":"Einladung Gr\u00fcne Weihnachtskranzwerkstatt"},"content":{"rendered":"<h2><span style=\"color: #008000\"><em>Gr\u00fcne Weihnachtskranzwerkstatt<\/em><\/span><\/h2>\n<p><strong>Datum:<\/strong> 23. November 2023<\/p>\n<p><strong>Zeit: <\/strong>15:00 Uhr oder 19:00 Uhr<\/p>\n<p><strong>Ort<\/strong>: Margret Dall, Rull 4, 49744 Dalum (Bitte warm anziehen, da die Veranstaltung in einer Garage stattfindet).<\/p>\n<p><strong>Kosten:<\/strong> 8 \u20ac f\u00fcr Essen und Getr\u00e4nke und ca. 5 \u20ac bis 10 \u20ac f\u00fcr verbrauchtes Material<\/p>\n<p><strong>Anmeldeschluss<\/strong>:15. November 2023<\/p>\n<p>&nbsp;<\/p>\n<p>Die festliche Weihnachtszeit steht vor der T\u00fcr und wir wollen gemeinsam in gem\u00fctlicher Atmosph\u00e4re, bei Geb\u00e4ck und Getr\u00e4nke, kreative Weihnachtskr\u00e4nze aus Natursch\u00e4tzen und wiederverwendeten Dekorationsmaterialien herstellen.<\/p>\n<p>Auch Teilnehmende ohne viel Erfahrung im Kranzbinden sind herzlich willkommen! Wir stehen mit Tipps zur Seite und zeigen, wie ein Kranz entsteht.<\/p>\n<p>Bitte folgende Materialien mitbringen<\/p>\n<ul>\n<li>Tasse f\u00fcr Getr\u00e4nke<\/li>\n<li>Gartenschere, Seitenschneider f\u00fcr Draht<\/li>\n<li>Naturmaterialien (z.B. winterliches Gr\u00fcn wie Tanne, Thuja, Efeu, Ilex, Kiefer, Scheinzypresse, blattlose Ranken, Zapfen, N\u00fcsse, Beeren, Zier\u00e4pfel, Zweige, Moos, Rinde etc.)<\/li>\n<li>Dekorationsmaterial (z. B. Kugeln, Stecker, Schleifen, Lichterkette, Kerzen usw.)<\/li>\n<li>Falls vorhanden (Hei\u00dfklebepistole, Strohkranz )<\/li>\n<\/ul>\n<p>Bitte denkt daran, gen\u00fcgend Materialien mitzubringen, da die ben\u00f6tigte Menge oft untersch\u00e4tzt wird.<\/p>\n<p>Wir stellen Strohkranz, Wickeldraht, Steckdraht, Hei\u00dfklebesticks, Patenthaften und andere ben\u00f6tigte Materialien zur Verf\u00fcgung.<\/p>\n<p>Lasst uns gemeinsam in die festliche Stimmung eintauchen und die Vorfreude auf das bevorstehende Weihnachtsfest genie\u00dfen.<\/p>\n<p>Das Vorstandsteam<\/p>\n<p><img loading=\"lazy\" decoding=\"async\" class=\"aligncenter size-large wp-image-2629\" src=\"https:\/\/www.landfrauen-meppen.de\/dalum\/wp-content\/uploads\/sites\/3\/2023\/10\/WhatsApp-Image-2023-10-10-at-18.45.52-e1697126097260-1024x722.jpeg\" alt=\"\" width=\"690\" height=\"487\" srcset=\"https:\/\/www.landfrauen-meppen.de\/dalum\/wp-content\/uploads\/sites\/3\/2023\/10\/WhatsApp-Image-2023-10-10-at-18.45.52-e1697126097260-1024x722.jpeg 1024w, https:\/\/www.landfrauen-meppen.de\/dalum\/wp-content\/uploads\/sites\/3\/2023\/10\/WhatsApp-Image-2023-10-10-at-18.45.52-e1697126097260-300x212.jpeg 300w, https:\/\/www.landfrauen-meppen.de\/dalum\/wp-content\/uploads\/sites\/3\/2023\/10\/WhatsApp-Image-2023-10-10-at-18.45.52-e1697126097260-768x542.jpeg 768w, https:\/\/www.landfrauen-meppen.de\/dalum\/wp-content\/uploads\/sites\/3\/2023\/10\/WhatsApp-Image-2023-10-10-at-18.45.52-e1697126097260-1536x1083.jpeg 1536w, https:\/\/www.landfrauen-meppen.de\/dalum\/wp-content\/uploads\/sites\/3\/2023\/10\/WhatsApp-Image-2023-10-10-at-18.45.52-e1697126097260-213x150.jpeg 213w, https:\/\/www.landfrauen-meppen.de\/dalum\/wp-content\/uploads\/sites\/3\/2023\/10\/WhatsApp-Image-2023-10-10-at-18.45.52-e1697126097260.jpeg 1819w\" sizes=\"auto, (max-width: 690px) 100vw, 690px\" \/> <img loading=\"lazy\" decoding=\"async\" class=\"aligncenter size-large wp-image-2630\" src=\"https:\/\/www.landfrauen-meppen.de\/dalum\/wp-content\/uploads\/sites\/3\/2023\/10\/WhatsApp-Image-2023-10-10-at-18.45.51-e1697126072864-1024x891.jpeg\" alt=\"\" width=\"690\" height=\"600\" srcset=\"https:\/\/www.landfrauen-meppen.de\/dalum\/wp-content\/uploads\/sites\/3\/2023\/10\/WhatsApp-Image-2023-10-10-at-18.45.51-e1697126072864-1024x891.jpeg 1024w, https:\/\/www.landfrauen-meppen.de\/dalum\/wp-content\/uploads\/sites\/3\/2023\/10\/WhatsApp-Image-2023-10-10-at-18.45.51-e1697126072864-300x261.jpeg 300w, https:\/\/www.landfrauen-meppen.de\/dalum\/wp-content\/uploads\/sites\/3\/2023\/10\/WhatsApp-Image-2023-10-10-at-18.45.51-e1697126072864-768x668.jpeg 768w, https:\/\/www.landfrauen-meppen.de\/dalum\/wp-content\/uploads\/sites\/3\/2023\/10\/WhatsApp-Image-2023-10-10-at-18.45.51-e1697126072864-172x150.jpeg 172w, https:\/\/www.landfrauen-meppen.de\/dalum\/wp-content\/uploads\/sites\/3\/2023\/10\/WhatsApp-Image-2023-10-10-at-18.45.51-e1697126072864.jpeg 1483w\" sizes=\"auto, (max-width: 690px) 100vw, 690px\" \/><\/p>\n","protected":false},"excerpt":{"rendered":"<p>Gr\u00fcne Weihnachtskranzwerkstatt Datum: 23. November 2023 Zeit: 15:00 Uhr oder 19:00 Uhr Ort: Margret Dall, Rull 4, 49744 Dalum (Bitte warm anziehen, da die Veranstaltung in einer Garage stattfindet). Kosten: <a class=\"more-link\" href=\"https:\/\/www.landfrauen-meppen.de\/dalum\/2023\/10\/12\/einladung-gruene-weihnachtskranzwerkstatt\/\">weiterlesen&#8230;(hier klicken)<\/a><\/p>\n","protected":false},"author":3,"featured_media":2629,"comment_status":"closed","ping_status":"closed","sticky":false,"template":"","format":"standard","meta":{"footnotes":""},"categories":[1],"tags":[],"class_list":["post-2628","post","type-post","status-publish","format-standard","has-post-thumbnail","hentry","category-allgemein"],"_links":{"self":[{"href":"https:\/\/www.landfrauen-meppen.de\/dalum\/wp-json\/wp\/v2\/posts\/2628","targetHints":{"allow":["GET"]}}],"collection":[{"href":"https:\/\/www.landfrauen-meppen.de\/dalum\/wp-json\/wp\/v2\/posts"}],"about":[{"href":"https:\/\/www.landfrauen-meppen.de\/dalum\/wp-json\/wp\/v2\/types\/post"}],"author":[{"embeddable":true,"href":"https:\/\/www.landfrauen-meppen.de\/dalum\/wp-json\/wp\/v2\/users\/3"}],"replies":[{"embeddable":true,"href":"https:\/\/www.landfrauen-meppen.de\/dalum\/wp-json\/wp\/v2\/comments?post=2628"}],"version-history":[{"count":1,"href":"https:\/\/www.landfrauen-meppen.de\/dalum\/wp-json\/wp\/v2\/posts\/2628\/revisions"}],"predecessor-version":[{"id":2631,"href":"https:\/\/www.landfrauen-meppen.de\/dalum\/wp-json\/wp\/v2\/posts\/2628\/revisions\/2631"}],"wp:featuredmedia":[{"embeddable":true,"href":"https:\/\/www.landfrauen-meppen.de\/dalum\/wp-json\/wp\/v2\/media\/2629"}],"wp:attachment":[{"href":"https:\/\/www.landfrauen-meppen.de\/dalum\/wp-json\/wp\/v2\/media?parent=2628"}],"wp:term":[{"taxonomy":"category","embeddable":true,"href":"https:\/\/www.landfrauen-meppen.de\/dalum\/wp-json\/wp\/v2\/categories?post=2628"},{"taxonomy":"post_tag","embeddable":true,"href":"https:\/\/www.landfrauen-meppen.de\/dalum\/wp-json\/wp\/v2\/tags?post=2628"}],"curies":[{"name":"wp","href":"https:\/\/api.w.org\/{rel}","templated":true}]}}