{"id":2622,"date":"2023-09-27T21:09:35","date_gmt":"2023-09-27T19:09:35","guid":{"rendered":"https:\/\/www.landfrauen-meppen.de\/dalum\/?p=2622"},"modified":"2023-09-27T21:09:35","modified_gmt":"2023-09-27T19:09:35","slug":"einladung-die-kartoffel-ein-kellerkind-macht-karriere","status":"publish","type":"post","link":"https:\/\/www.landfrauen-meppen.de\/dalum\/2023\/09\/27\/einladung-die-kartoffel-ein-kellerkind-macht-karriere\/","title":{"rendered":"Einladung Die Kartoffel &#8211; Ein Kellerkind macht Karriere"},"content":{"rendered":"<p><strong><u>Einladung Landfrauen Dalum<\/u><\/strong><\/p>\n<p><strong>Die Kartoffel &#8211; Ein Kellerkind macht Karriere<\/strong><\/p>\n<p>Termin: \u00a0\u00a0\u00a0\u00a0\u00a0\u00a0\u00a0\u00a0 23.Oktober 2023<\/p>\n<p>Uhrzeit:\u00a0\u00a0\u00a0\u00a0\u00a0\u00a0\u00a0\u00a0\u00a0 19:00 Uhr<\/p>\n<p>Treffen: \u00a0\u00a0\u00a0\u00a0\u00a0\u00a0\u00a0\u00a0 Haus Emmaus Dalum (Lingener Str. 6, 49744 Dalum)<\/p>\n<p>Kosten:\u00a0\u00a0\u00a0\u00a0\u00a0\u00a0\u00a0\u00a0\u00a0 15 \u20ac<\/p>\n<p>Liebe Landfrauen Dalum,<\/p>\n<p>wir laden euch herzlich zu einem k\u00f6stlichen Abend ein, bei dem die bescheidene Kartoffel im Mittelpunkt steht und beweist, dass sie als &#8222;Kellerkind&#8220; wahre Karriere machen kann!<\/p>\n<p>Gemeinsam m\u00f6chten wir die Kartoffel in den kulinarischen Fokus r\u00fccken und euch mit au\u00dfergew\u00f6hnlichen Kartoffelgerichten \u00fcberraschen.<\/p>\n<p>Es wird eine Vielzahl von einzigartigen Kartoffelgerichten zum Probieren und Genie\u00dfen geben.<\/p>\n<p>Bitte denkt daran, euch bis sp\u00e4testens 16.Oktober 2023 bei den Vertrauensfrauen anzumelden.<\/p>\n<p>Wir freuen uns auf einen geselligen Abend voller kulinarischer Entdeckungen und interessanter Gespr\u00e4che.<\/p>\n<p>Das Vorstandsteam<\/p>\n<p><img loading=\"lazy\" decoding=\"async\" class=\"aligncenter size-large wp-image-2625\" src=\"https:\/\/www.landfrauen-meppen.de\/dalum\/wp-content\/uploads\/sites\/3\/2023\/09\/WhatsApp-Image-2023-09-27-at-21.08.24-1024x768.jpeg\" alt=\"\" width=\"690\" height=\"518\" srcset=\"https:\/\/www.landfrauen-meppen.de\/dalum\/wp-content\/uploads\/sites\/3\/2023\/09\/WhatsApp-Image-2023-09-27-at-21.08.24-1024x768.jpeg 1024w, https:\/\/www.landfrauen-meppen.de\/dalum\/wp-content\/uploads\/sites\/3\/2023\/09\/WhatsApp-Image-2023-09-27-at-21.08.24-300x225.jpeg 300w, https:\/\/www.landfrauen-meppen.de\/dalum\/wp-content\/uploads\/sites\/3\/2023\/09\/WhatsApp-Image-2023-09-27-at-21.08.24-768x576.jpeg 768w, https:\/\/www.landfrauen-meppen.de\/dalum\/wp-content\/uploads\/sites\/3\/2023\/09\/WhatsApp-Image-2023-09-27-at-21.08.24-1536x1152.jpeg 1536w, https:\/\/www.landfrauen-meppen.de\/dalum\/wp-content\/uploads\/sites\/3\/2023\/09\/WhatsApp-Image-2023-09-27-at-21.08.24-200x150.jpeg 200w, https:\/\/www.landfrauen-meppen.de\/dalum\/wp-content\/uploads\/sites\/3\/2023\/09\/WhatsApp-Image-2023-09-27-at-21.08.24.jpeg 2000w\" sizes=\"auto, (max-width: 690px) 100vw, 690px\" \/> <img loading=\"lazy\" decoding=\"async\" class=\"aligncenter size-large wp-image-2623\" src=\"https:\/\/www.landfrauen-meppen.de\/dalum\/wp-content\/uploads\/sites\/3\/2023\/09\/WhatsApp-Image-2023-09-27-at-21.08.25-1024x768.jpeg\" alt=\"\" width=\"690\" height=\"518\" srcset=\"https:\/\/www.landfrauen-meppen.de\/dalum\/wp-content\/uploads\/sites\/3\/2023\/09\/WhatsApp-Image-2023-09-27-at-21.08.25-1024x768.jpeg 1024w, https:\/\/www.landfrauen-meppen.de\/dalum\/wp-content\/uploads\/sites\/3\/2023\/09\/WhatsApp-Image-2023-09-27-at-21.08.25-300x225.jpeg 300w, https:\/\/www.landfrauen-meppen.de\/dalum\/wp-content\/uploads\/sites\/3\/2023\/09\/WhatsApp-Image-2023-09-27-at-21.08.25-768x576.jpeg 768w, https:\/\/www.landfrauen-meppen.de\/dalum\/wp-content\/uploads\/sites\/3\/2023\/09\/WhatsApp-Image-2023-09-27-at-21.08.25-1536x1152.jpeg 1536w, https:\/\/www.landfrauen-meppen.de\/dalum\/wp-content\/uploads\/sites\/3\/2023\/09\/WhatsApp-Image-2023-09-27-at-21.08.25-200x150.jpeg 200w, https:\/\/www.landfrauen-meppen.de\/dalum\/wp-content\/uploads\/sites\/3\/2023\/09\/WhatsApp-Image-2023-09-27-at-21.08.25.jpeg 2000w\" sizes=\"auto, (max-width: 690px) 100vw, 690px\" \/><\/p>\n","protected":false},"excerpt":{"rendered":"<p>Einladung Landfrauen Dalum Die Kartoffel &#8211; Ein Kellerkind macht Karriere Termin: \u00a0\u00a0\u00a0\u00a0\u00a0\u00a0\u00a0\u00a0 23.Oktober 2023 Uhrzeit:\u00a0\u00a0\u00a0\u00a0\u00a0\u00a0\u00a0\u00a0\u00a0 19:00 Uhr Treffen: \u00a0\u00a0\u00a0\u00a0\u00a0\u00a0\u00a0\u00a0 Haus Emmaus Dalum (Lingener Str. 6, 49744 Dalum) Kosten:\u00a0\u00a0\u00a0\u00a0\u00a0\u00a0\u00a0\u00a0\u00a0 15 \u20ac <a class=\"more-link\" href=\"https:\/\/www.landfrauen-meppen.de\/dalum\/2023\/09\/27\/einladung-die-kartoffel-ein-kellerkind-macht-karriere\/\">weiterlesen&#8230;(hier klicken)<\/a><\/p>\n","protected":false},"author":3,"featured_media":2624,"comment_status":"closed","ping_status":"closed","sticky":false,"template":"","format":"standard","meta":{"footnotes":""},"categories":[1],"tags":[],"class_list":["post-2622","post","type-post","status-publish","format-standard","has-post-thumbnail","hentry","category-allgemein"],"_links":{"self":[{"href":"https:\/\/www.landfrauen-meppen.de\/dalum\/wp-json\/wp\/v2\/posts\/2622","targetHints":{"allow":["GET"]}}],"collection":[{"href":"https:\/\/www.landfrauen-meppen.de\/dalum\/wp-json\/wp\/v2\/posts"}],"about":[{"href":"https:\/\/www.landfrauen-meppen.de\/dalum\/wp-json\/wp\/v2\/types\/post"}],"author":[{"embeddable":true,"href":"https:\/\/www.landfrauen-meppen.de\/dalum\/wp-json\/wp\/v2\/users\/3"}],"replies":[{"embeddable":true,"href":"https:\/\/www.landfrauen-meppen.de\/dalum\/wp-json\/wp\/v2\/comments?post=2622"}],"version-history":[{"count":1,"href":"https:\/\/www.landfrauen-meppen.de\/dalum\/wp-json\/wp\/v2\/posts\/2622\/revisions"}],"predecessor-version":[{"id":2626,"href":"https:\/\/www.landfrauen-meppen.de\/dalum\/wp-json\/wp\/v2\/posts\/2622\/revisions\/2626"}],"wp:featuredmedia":[{"embeddable":true,"href":"https:\/\/www.landfrauen-meppen.de\/dalum\/wp-json\/wp\/v2\/media\/2624"}],"wp:attachment":[{"href":"https:\/\/www.landfrauen-meppen.de\/dalum\/wp-json\/wp\/v2\/media?parent=2622"}],"wp:term":[{"taxonomy":"category","embeddable":true,"href":"https:\/\/www.landfrauen-meppen.de\/dalum\/wp-json\/wp\/v2\/categories?post=2622"},{"taxonomy":"post_tag","embeddable":true,"href":"https:\/\/www.landfrauen-meppen.de\/dalum\/wp-json\/wp\/v2\/tags?post=2622"}],"curies":[{"name":"wp","href":"https:\/\/api.w.org\/{rel}","templated":true}]}}