{"id":2463,"date":"2023-08-31T21:15:12","date_gmt":"2023-08-31T19:15:12","guid":{"rendered":"https:\/\/www.landfrauen-meppen.de\/dalum\/?p=2463"},"modified":"2023-08-31T21:15:12","modified_gmt":"2023-08-31T19:15:12","slug":"programm-2023-2024","status":"publish","type":"post","link":"https:\/\/www.landfrauen-meppen.de\/dalum\/2023\/08\/31\/programm-2023-2024\/","title":{"rendered":"Programm 2023\/2024"},"content":{"rendered":"<p>Neues Programm.<\/p>\n<p><strong><em>\u201eZukunft gestalten und Einblicke gewinnen\u201c<\/em><\/strong><\/p>\n<p><strong><em>Donnerstag, 21.09.2023, 19:30 Uhr, Saal Aepken<\/em><\/strong><\/p>\n<p>Generalversammlung mit Wahl und inspirierendem Vortrag von Christiane Bregen-Meiners \u00fcber ihre Arbeit.<\/p>\n<p>&nbsp;<\/p>\n<p><strong>\u201eDie Kartoffel \u2013 ein Kellerkind macht Karriere\u201c<\/strong><\/p>\n<p><strong>Montag, 23.10.2023, 19:00 Uhr Haus Emmaus<\/strong><\/p>\n<p>Tauche ein in die vielf\u00e4ltige Welt der Kartoffel. Ein kulinarischer Abend rund um die Knolle.<\/p>\n<p>&nbsp;<\/p>\n<p><strong><em>\u201eGr\u00fcne Weihnachtskranzwerkstatt\u201c<\/em><\/strong><\/p>\n<p><strong><em>Donnerstag, 23.11.2023, 15:00 Uhr, und 19:00 Uhr Margret Dall, Rull 4<\/em><\/strong><\/p>\n<p>Gewundenes, gestecktes, gewickeltes \u2013 Kreative Kr\u00e4nze aus nat\u00fcrlichen Sch\u00e4tzen und wiederverwendeten Dekoideen herstellen.<\/p>\n<p>&nbsp;<\/p>\n<p><strong><em>\u201eGemeinsam spielen, lachen und gewinnen\u201c<\/em><\/strong><\/p>\n<p><strong><em>Donnerstag, 07.12.2023, 19:00 Uhr im Haus Emmaus<\/em><\/strong><\/p>\n<p>Genie\u00dfe eine gem\u00fctliche und gesellige Zeit bei unserem Brettspielabend.<\/p>\n<p>&nbsp;<\/p>\n<p><strong>\u201eGesundheit im Fokus\u201c<\/strong><\/p>\n<p><strong>Januar, Saal Lammers<\/strong><\/p>\n<p>Ein inspirierender Abend rund um dein Wohlbefinden.<\/p>\n<p>&nbsp;<\/p>\n<p><strong>\u201eGemeinschaftsveranstaltung\u201c<\/strong><\/p>\n<p><strong>Mittwoch, 21.02.2024, Gro\u00df Hesepe<\/strong><\/p>\n<p>Lustiges Kabarett und spritzige Satire: Ein Abend voller Humor und Unterhaltung!<\/p>\n<p>&nbsp;<\/p>\n<p><strong>\u201eVon \u00c4sten zu Kunstwerken\u201c<\/strong><\/p>\n<p><strong>M\u00e4rz<\/strong><\/p>\n<p>K\u00f6rbe aus \u00c4sten selber flechten f\u00fcr vielseitige Naturdeko und praktische Fr\u00fchlings- und Osterk\u00f6rbchen.<\/p>\n<p>&nbsp;<\/p>\n<p><strong>\u201eMet\u00b4t R\u00e4dken up\u00b4t P\u00e4ttken\u201c<\/strong><\/p>\n<p><strong>Sommer 2024<\/strong><\/p>\n<p>Gemeinsame Radtour auf versteckten Pfaden durch die Natur.<\/p>\n<p><img loading=\"lazy\" decoding=\"async\" class=\"aligncenter size-large wp-image-2465\" src=\"https:\/\/www.landfrauen-meppen.de\/dalum\/wp-content\/uploads\/sites\/3\/2023\/08\/WhatsApp-Image-2023-08-31-at-21.13.12-1-1024x682.jpeg\" alt=\"\" width=\"690\" height=\"460\" srcset=\"https:\/\/www.landfrauen-meppen.de\/dalum\/wp-content\/uploads\/sites\/3\/2023\/08\/WhatsApp-Image-2023-08-31-at-21.13.12-1-1024x682.jpeg 1024w, https:\/\/www.landfrauen-meppen.de\/dalum\/wp-content\/uploads\/sites\/3\/2023\/08\/WhatsApp-Image-2023-08-31-at-21.13.12-1-300x200.jpeg 300w, https:\/\/www.landfrauen-meppen.de\/dalum\/wp-content\/uploads\/sites\/3\/2023\/08\/WhatsApp-Image-2023-08-31-at-21.13.12-1-768x512.jpeg 768w, https:\/\/www.landfrauen-meppen.de\/dalum\/wp-content\/uploads\/sites\/3\/2023\/08\/WhatsApp-Image-2023-08-31-at-21.13.12-1-1536x1023.jpeg 1536w, https:\/\/www.landfrauen-meppen.de\/dalum\/wp-content\/uploads\/sites\/3\/2023\/08\/WhatsApp-Image-2023-08-31-at-21.13.12-1-225x150.jpeg 225w, https:\/\/www.landfrauen-meppen.de\/dalum\/wp-content\/uploads\/sites\/3\/2023\/08\/WhatsApp-Image-2023-08-31-at-21.13.12-1.jpeg 1600w\" sizes=\"auto, (max-width: 690px) 100vw, 690px\" \/><\/p>\n<p>&nbsp;<\/p>\n","protected":false},"excerpt":{"rendered":"<p>Neues Programm. \u201eZukunft gestalten und Einblicke gewinnen\u201c Donnerstag, 21.09.2023, 19:30 Uhr, Saal Aepken Generalversammlung mit Wahl und inspirierendem Vortrag von Christiane Bregen-Meiners \u00fcber ihre Arbeit. &nbsp; \u201eDie Kartoffel \u2013 ein <a class=\"more-link\" href=\"https:\/\/www.landfrauen-meppen.de\/dalum\/2023\/08\/31\/programm-2023-2024\/\">weiterlesen&#8230;(hier klicken)<\/a><\/p>\n","protected":false},"author":3,"featured_media":2466,"comment_status":"closed","ping_status":"closed","sticky":false,"template":"","format":"standard","meta":{"footnotes":""},"categories":[1],"tags":[],"class_list":["post-2463","post","type-post","status-publish","format-standard","has-post-thumbnail","hentry","category-allgemein"],"_links":{"self":[{"href":"https:\/\/www.landfrauen-meppen.de\/dalum\/wp-json\/wp\/v2\/posts\/2463","targetHints":{"allow":["GET"]}}],"collection":[{"href":"https:\/\/www.landfrauen-meppen.de\/dalum\/wp-json\/wp\/v2\/posts"}],"about":[{"href":"https:\/\/www.landfrauen-meppen.de\/dalum\/wp-json\/wp\/v2\/types\/post"}],"author":[{"embeddable":true,"href":"https:\/\/www.landfrauen-meppen.de\/dalum\/wp-json\/wp\/v2\/users\/3"}],"replies":[{"embeddable":true,"href":"https:\/\/www.landfrauen-meppen.de\/dalum\/wp-json\/wp\/v2\/comments?post=2463"}],"version-history":[{"count":1,"href":"https:\/\/www.landfrauen-meppen.de\/dalum\/wp-json\/wp\/v2\/posts\/2463\/revisions"}],"predecessor-version":[{"id":2467,"href":"https:\/\/www.landfrauen-meppen.de\/dalum\/wp-json\/wp\/v2\/posts\/2463\/revisions\/2467"}],"wp:featuredmedia":[{"embeddable":true,"href":"https:\/\/www.landfrauen-meppen.de\/dalum\/wp-json\/wp\/v2\/media\/2466"}],"wp:attachment":[{"href":"https:\/\/www.landfrauen-meppen.de\/dalum\/wp-json\/wp\/v2\/media?parent=2463"}],"wp:term":[{"taxonomy":"category","embeddable":true,"href":"https:\/\/www.landfrauen-meppen.de\/dalum\/wp-json\/wp\/v2\/categories?post=2463"},{"taxonomy":"post_tag","embeddable":true,"href":"https:\/\/www.landfrauen-meppen.de\/dalum\/wp-json\/wp\/v2\/tags?post=2463"}],"curies":[{"name":"wp","href":"https:\/\/api.w.org\/{rel}","templated":true}]}}