{"id":2329,"date":"2023-07-11T21:47:51","date_gmt":"2023-07-11T19:47:51","guid":{"rendered":"https:\/\/www.landfrauen-meppen.de\/dalum\/?p=2329"},"modified":"2023-07-11T21:47:51","modified_gmt":"2023-07-11T19:47:51","slug":"einladung-bluetenpracht-an-der-sued-nord-strasse","status":"publish","type":"post","link":"https:\/\/www.landfrauen-meppen.de\/dalum\/2023\/07\/11\/einladung-bluetenpracht-an-der-sued-nord-strasse\/","title":{"rendered":"Einladung Bl\u00fctenpracht an der S\u00fcd-Nord Stra\u00dfe"},"content":{"rendered":"<div class=\"\" data-block=\"true\" data-editor=\"at0rr\" data-offset-key=\"7pk7v-0-0\">\n<div class=\"_1mf _1mj\" data-offset-key=\"7pk7v-0-0\"><span data-offset-key=\"7pk7v-0-0\">Bl\u00fctenpracht an der S\u00fcd-Nord Stra\u00dfe<\/span><\/div>\n<\/div>\n<div class=\"\" data-block=\"true\" data-editor=\"at0rr\" data-offset-key=\"2qva6-0-0\">\n<div class=\"_1mf _1mj\" data-offset-key=\"2qva6-0-0\"><span data-offset-key=\"2qva6-0-0\">\u00a0<\/span><\/div>\n<\/div>\n<div class=\"\" data-block=\"true\" data-editor=\"at0rr\" data-offset-key=\"9p26a-0-0\">\n<div class=\"_1mf _1mj\" data-offset-key=\"9p26a-0-0\"><span data-offset-key=\"9p26a-0-0\">Termin: 22.08.2023 <\/span><\/div>\n<\/div>\n<div class=\"\" data-block=\"true\" data-editor=\"at0rr\" data-offset-key=\"bqi34-0-0\">\n<div class=\"_1mf _1mj\" data-offset-key=\"bqi34-0-0\"><span data-offset-key=\"bqi34-0-0\">Uhrzeit: 14:00 Uhr <\/span><\/div>\n<\/div>\n<div class=\"\" data-block=\"true\" data-editor=\"at0rr\" data-offset-key=\"2ilmu-0-0\">\n<div class=\"_1mf _1mj\" data-offset-key=\"2ilmu-0-0\"><span data-offset-key=\"2ilmu-0-0\">Treffen: Busbahnhof, Dalum <\/span><\/div>\n<\/div>\n<div class=\"\" data-block=\"true\" data-editor=\"at0rr\" data-offset-key=\"2pdvj-0-0\">\n<div class=\"_1mf _1mj\" data-offset-key=\"2pdvj-0-0\"><span data-offset-key=\"2pdvj-0-0\">Kosten: 8,00 \u20ac <\/span><\/div>\n<\/div>\n<div class=\"\" data-block=\"true\" data-editor=\"at0rr\" data-offset-key=\"bpbg3-0-0\">\n<div class=\"_1mf _1mj\" data-offset-key=\"bpbg3-0-0\"><span data-offset-key=\"bpbg3-0-0\">\u00a0<\/span><\/div>\n<\/div>\n<div class=\"\" data-block=\"true\" data-editor=\"at0rr\" data-offset-key=\"1knok-0-0\">\n<div class=\"_1mf _1mj\" data-offset-key=\"1knok-0-0\"><span data-offset-key=\"1knok-0-0\">wir laden euch herzlich zu einer kleinen Fahrradtour ein, die uns zum wundersch\u00f6nen Dahliengarten der Familie Kock f\u00fchren wird. <\/span><\/div>\n<\/div>\n<div class=\"\" data-block=\"true\" data-editor=\"at0rr\" data-offset-key=\"d6nn9-0-0\">\n<div class=\"_1mf _1mj\" data-offset-key=\"d6nn9-0-0\"><span data-offset-key=\"d6nn9-0-0\">\u00a0<\/span><\/div>\n<\/div>\n<div class=\"\" data-block=\"true\" data-editor=\"at0rr\" data-offset-key=\"dqktq-0-0\">\n<div class=\"_1mf _1mj\" data-offset-key=\"dqktq-0-0\"><span data-offset-key=\"dqktq-0-0\">Der Garten liegt malerisch um einen Teich herum und verspricht eine idyllische Atmosph\u00e4re.<\/span><\/div>\n<\/div>\n<div class=\"\" data-block=\"true\" data-editor=\"at0rr\" data-offset-key=\"9aav-0-0\">\n<div class=\"_1mf _1mj\" data-offset-key=\"9aav-0-0\"><span data-offset-key=\"9aav-0-0\">\u00a0<\/span><\/div>\n<\/div>\n<div class=\"\" data-block=\"true\" data-editor=\"at0rr\" data-offset-key=\"cpgr1-0-0\">\n<div class=\"_1mf _1mj\" data-offset-key=\"cpgr1-0-0\"><span data-offset-key=\"cpgr1-0-0\">Nach der Besichtigung m\u00f6chten wir uns im Garten bei Kaffee und selbstgemachtem Kuchen st\u00e4rken und gem\u00fctlich beisammen sein. Auch unsere \u00e4lteren Mitglieder sind herzlich eingeladen, an dieser Veranstaltung teilzunehmen.<\/span><\/div>\n<\/div>\n<div class=\"\" data-block=\"true\" data-editor=\"at0rr\" data-offset-key=\"ade2l-0-0\">\n<div class=\"_1mf _1mj\" data-offset-key=\"ade2l-0-0\"><span data-offset-key=\"ade2l-0-0\">\u00a0<\/span><\/div>\n<\/div>\n<div class=\"\" data-block=\"true\" data-editor=\"at0rr\" data-offset-key=\"72k5s-0-0\">\n<div class=\"_1mf _1mj\" data-offset-key=\"72k5s-0-0\"><span data-offset-key=\"72k5s-0-0\">Falls ihr nicht mit dem Fahrrad kommen m\u00f6chtet, besteht auch die M\u00f6glichkeit, mit dem Auto anzureisen oder euch bringen zu lassen.<\/span><\/div>\n<\/div>\n<div class=\"\" data-block=\"true\" data-editor=\"at0rr\" data-offset-key=\"8e14a-0-0\">\n<div class=\"_1mf _1mj\" data-offset-key=\"8e14a-0-0\"><span data-offset-key=\"8e14a-0-0\">\u00a0<\/span><\/div>\n<\/div>\n<div class=\"\" data-block=\"true\" data-editor=\"at0rr\" data-offset-key=\"egg7a-0-0\">\n<div class=\"_1mf _1mj\" data-offset-key=\"egg7a-0-0\"><span data-offset-key=\"egg7a-0-0\">Wir freuen uns auf einen sch\u00f6nen Tag in geselliger Runde.<\/span><\/div>\n<\/div>\n<div class=\"\" data-block=\"true\" data-editor=\"at0rr\" data-offset-key=\"setn-0-0\">\n<div class=\"_1mf _1mj\" data-offset-key=\"setn-0-0\"><\/div>\n<\/div>\n<div class=\"\" data-block=\"true\" data-editor=\"at0rr\" data-offset-key=\"d4j5i-0-0\">\n<div class=\"_1mf _1mj\" data-offset-key=\"d4j5i-0-0\"><span data-offset-key=\"d4j5i-0-0\">Anmeldeschluss ist der 14.08.2023 bei den Vertrauensfrauen. <\/span><\/div>\n<\/div>\n<div class=\"\" data-block=\"true\" data-editor=\"at0rr\" data-offset-key=\"eulgu-0-0\">\n<div class=\"_1mf _1mj\" data-offset-key=\"eulgu-0-0\"><span data-offset-key=\"eulgu-0-0\">Euer Vorstandsteam<\/span><\/div>\n<\/div>\n<div data-offset-key=\"eulgu-0-0\"><img loading=\"lazy\" decoding=\"async\" class=\"aligncenter  wp-image-2330\" src=\"https:\/\/www.landfrauen-meppen.de\/dalum\/wp-content\/uploads\/sites\/3\/2023\/07\/WhatsApp-Image-2023-07-11-at-20.18.48-2-768x1024.jpeg\" alt=\"\" width=\"254\" height=\"339\" srcset=\"https:\/\/www.landfrauen-meppen.de\/dalum\/wp-content\/uploads\/sites\/3\/2023\/07\/WhatsApp-Image-2023-07-11-at-20.18.48-2-768x1024.jpeg 768w, https:\/\/www.landfrauen-meppen.de\/dalum\/wp-content\/uploads\/sites\/3\/2023\/07\/WhatsApp-Image-2023-07-11-at-20.18.48-2-225x300.jpeg 225w, https:\/\/www.landfrauen-meppen.de\/dalum\/wp-content\/uploads\/sites\/3\/2023\/07\/WhatsApp-Image-2023-07-11-at-20.18.48-2-1152x1536.jpeg 1152w, https:\/\/www.landfrauen-meppen.de\/dalum\/wp-content\/uploads\/sites\/3\/2023\/07\/WhatsApp-Image-2023-07-11-at-20.18.48-2-113x150.jpeg 113w, https:\/\/www.landfrauen-meppen.de\/dalum\/wp-content\/uploads\/sites\/3\/2023\/07\/WhatsApp-Image-2023-07-11-at-20.18.48-2.jpeg 1200w\" sizes=\"auto, (max-width: 254px) 100vw, 254px\" \/><\/div>\n","protected":false},"excerpt":{"rendered":"<p>Bl\u00fctenpracht an der S\u00fcd-Nord Stra\u00dfe \u00a0 Termin: 22.08.2023 Uhrzeit: 14:00 Uhr Treffen: Busbahnhof, Dalum Kosten: 8,00 \u20ac \u00a0 wir laden euch herzlich zu einer kleinen Fahrradtour ein, die uns zum <a class=\"more-link\" href=\"https:\/\/www.landfrauen-meppen.de\/dalum\/2023\/07\/11\/einladung-bluetenpracht-an-der-sued-nord-strasse\/\">weiterlesen&#8230;(hier klicken)<\/a><\/p>\n","protected":false},"author":3,"featured_media":2332,"comment_status":"closed","ping_status":"closed","sticky":false,"template":"","format":"standard","meta":{"footnotes":""},"categories":[1],"tags":[],"class_list":["post-2329","post","type-post","status-publish","format-standard","has-post-thumbnail","hentry","category-allgemein"],"_links":{"self":[{"href":"https:\/\/www.landfrauen-meppen.de\/dalum\/wp-json\/wp\/v2\/posts\/2329","targetHints":{"allow":["GET"]}}],"collection":[{"href":"https:\/\/www.landfrauen-meppen.de\/dalum\/wp-json\/wp\/v2\/posts"}],"about":[{"href":"https:\/\/www.landfrauen-meppen.de\/dalum\/wp-json\/wp\/v2\/types\/post"}],"author":[{"embeddable":true,"href":"https:\/\/www.landfrauen-meppen.de\/dalum\/wp-json\/wp\/v2\/users\/3"}],"replies":[{"embeddable":true,"href":"https:\/\/www.landfrauen-meppen.de\/dalum\/wp-json\/wp\/v2\/comments?post=2329"}],"version-history":[{"count":1,"href":"https:\/\/www.landfrauen-meppen.de\/dalum\/wp-json\/wp\/v2\/posts\/2329\/revisions"}],"predecessor-version":[{"id":2333,"href":"https:\/\/www.landfrauen-meppen.de\/dalum\/wp-json\/wp\/v2\/posts\/2329\/revisions\/2333"}],"wp:featuredmedia":[{"embeddable":true,"href":"https:\/\/www.landfrauen-meppen.de\/dalum\/wp-json\/wp\/v2\/media\/2332"}],"wp:attachment":[{"href":"https:\/\/www.landfrauen-meppen.de\/dalum\/wp-json\/wp\/v2\/media?parent=2329"}],"wp:term":[{"taxonomy":"category","embeddable":true,"href":"https:\/\/www.landfrauen-meppen.de\/dalum\/wp-json\/wp\/v2\/categories?post=2329"},{"taxonomy":"post_tag","embeddable":true,"href":"https:\/\/www.landfrauen-meppen.de\/dalum\/wp-json\/wp\/v2\/tags?post=2329"}],"curies":[{"name":"wp","href":"https:\/\/api.w.org\/{rel}","templated":true}]}}