{"id":2184,"date":"2023-02-16T20:44:21","date_gmt":"2023-02-16T19:44:21","guid":{"rendered":"https:\/\/www.landfrauen-meppen.de\/dalum\/?p=2184"},"modified":"2023-02-17T16:08:03","modified_gmt":"2023-02-17T15:08:03","slug":"bilder-veranstaltung-wohnraumdekoration","status":"publish","type":"post","link":"https:\/\/www.landfrauen-meppen.de\/dalum\/2023\/02\/16\/bilder-veranstaltung-wohnraumdekoration\/","title":{"rendered":"Bilder Veranstaltung Wohnraumdekoration"},"content":{"rendered":"<div dir=\"auto\">Gut besucht war die gemeinsame Veranstaltung der Landfrauenvereine Gro\u00df-Hesepe, Geeste-Osterbrock und Dalum.<\/div>\n<div dir=\"auto\">Die Wohnexpertin Katharina Semling referierte zum Thema Wohnraumgestaltung.<\/div>\n<div dir=\"auto\">In ihrem Vortrag zeigte sie unter anderem Vorher-Nachher-Bilder. Auf diese Weise wurde deutlich, wie es mit einfachen Mitteln m\u00f6glich ist, eine Atmosph\u00e4re zum Wohlf\u00fchlen zu schaffen.<\/div>\n<div dir=\"auto\"><\/div>\n<div dir=\"auto\">\n<div id='gallery-1' class='gallery galleryid-2184 gallery-columns-1 gallery-size-full'><figure class='gallery-item'>\n\t\t\t<div class='gallery-icon portrait'>\n\t\t\t\t<img loading=\"lazy\" decoding=\"async\" width=\"768\" height=\"1024\" src=\"https:\/\/www.landfrauen-meppen.de\/dalum\/wp-content\/uploads\/sites\/3\/2023\/02\/WhatsApp-Image-2023-02-16-at-19.56.02.jpeg\" class=\"attachment-full size-full\" alt=\"\" srcset=\"https:\/\/www.landfrauen-meppen.de\/dalum\/wp-content\/uploads\/sites\/3\/2023\/02\/WhatsApp-Image-2023-02-16-at-19.56.02.jpeg 768w, https:\/\/www.landfrauen-meppen.de\/dalum\/wp-content\/uploads\/sites\/3\/2023\/02\/WhatsApp-Image-2023-02-16-at-19.56.02-225x300.jpeg 225w, https:\/\/www.landfrauen-meppen.de\/dalum\/wp-content\/uploads\/sites\/3\/2023\/02\/WhatsApp-Image-2023-02-16-at-19.56.02-113x150.jpeg 113w\" sizes=\"auto, (max-width: 768px) 100vw, 768px\" \/>\n\t\t\t<\/div><\/figure><figure class='gallery-item'>\n\t\t\t<div class='gallery-icon portrait'>\n\t\t\t\t<img loading=\"lazy\" decoding=\"async\" width=\"768\" height=\"1024\" src=\"https:\/\/www.landfrauen-meppen.de\/dalum\/wp-content\/uploads\/sites\/3\/2023\/02\/WhatsApp-Image-2023-02-16-at-19.56.06.jpeg\" class=\"attachment-full size-full\" alt=\"\" srcset=\"https:\/\/www.landfrauen-meppen.de\/dalum\/wp-content\/uploads\/sites\/3\/2023\/02\/WhatsApp-Image-2023-02-16-at-19.56.06.jpeg 768w, https:\/\/www.landfrauen-meppen.de\/dalum\/wp-content\/uploads\/sites\/3\/2023\/02\/WhatsApp-Image-2023-02-16-at-19.56.06-225x300.jpeg 225w, https:\/\/www.landfrauen-meppen.de\/dalum\/wp-content\/uploads\/sites\/3\/2023\/02\/WhatsApp-Image-2023-02-16-at-19.56.06-113x150.jpeg 113w\" sizes=\"auto, (max-width: 768px) 100vw, 768px\" \/>\n\t\t\t<\/div><\/figure><figure class='gallery-item'>\n\t\t\t<div class='gallery-icon portrait'>\n\t\t\t\t<img loading=\"lazy\" decoding=\"async\" width=\"768\" height=\"1024\" src=\"https:\/\/www.landfrauen-meppen.de\/dalum\/wp-content\/uploads\/sites\/3\/2023\/02\/WhatsApp-Image-2023-02-16-at-19.56.07-1.jpeg\" class=\"attachment-full size-full\" alt=\"\" srcset=\"https:\/\/www.landfrauen-meppen.de\/dalum\/wp-content\/uploads\/sites\/3\/2023\/02\/WhatsApp-Image-2023-02-16-at-19.56.07-1.jpeg 768w, https:\/\/www.landfrauen-meppen.de\/dalum\/wp-content\/uploads\/sites\/3\/2023\/02\/WhatsApp-Image-2023-02-16-at-19.56.07-1-225x300.jpeg 225w, https:\/\/www.landfrauen-meppen.de\/dalum\/wp-content\/uploads\/sites\/3\/2023\/02\/WhatsApp-Image-2023-02-16-at-19.56.07-1-113x150.jpeg 113w\" sizes=\"auto, (max-width: 768px) 100vw, 768px\" \/>\n\t\t\t<\/div><\/figure><figure class='gallery-item'>\n\t\t\t<div class='gallery-icon portrait'>\n\t\t\t\t<img loading=\"lazy\" decoding=\"async\" width=\"768\" height=\"1024\" src=\"https:\/\/www.landfrauen-meppen.de\/dalum\/wp-content\/uploads\/sites\/3\/2023\/02\/WhatsApp-Image-2023-02-16-at-19.56.07-2.jpeg\" class=\"attachment-full size-full\" alt=\"\" srcset=\"https:\/\/www.landfrauen-meppen.de\/dalum\/wp-content\/uploads\/sites\/3\/2023\/02\/WhatsApp-Image-2023-02-16-at-19.56.07-2.jpeg 768w, https:\/\/www.landfrauen-meppen.de\/dalum\/wp-content\/uploads\/sites\/3\/2023\/02\/WhatsApp-Image-2023-02-16-at-19.56.07-2-225x300.jpeg 225w, https:\/\/www.landfrauen-meppen.de\/dalum\/wp-content\/uploads\/sites\/3\/2023\/02\/WhatsApp-Image-2023-02-16-at-19.56.07-2-113x150.jpeg 113w\" sizes=\"auto, (max-width: 768px) 100vw, 768px\" \/>\n\t\t\t<\/div><\/figure><figure class='gallery-item'>\n\t\t\t<div class='gallery-icon portrait'>\n\t\t\t\t<img loading=\"lazy\" decoding=\"async\" width=\"768\" height=\"1024\" src=\"https:\/\/www.landfrauen-meppen.de\/dalum\/wp-content\/uploads\/sites\/3\/2023\/02\/WhatsApp-Image-2023-02-16-at-19.56.07-3.jpeg\" class=\"attachment-full size-full\" alt=\"\" srcset=\"https:\/\/www.landfrauen-meppen.de\/dalum\/wp-content\/uploads\/sites\/3\/2023\/02\/WhatsApp-Image-2023-02-16-at-19.56.07-3.jpeg 768w, https:\/\/www.landfrauen-meppen.de\/dalum\/wp-content\/uploads\/sites\/3\/2023\/02\/WhatsApp-Image-2023-02-16-at-19.56.07-3-225x300.jpeg 225w, https:\/\/www.landfrauen-meppen.de\/dalum\/wp-content\/uploads\/sites\/3\/2023\/02\/WhatsApp-Image-2023-02-16-at-19.56.07-3-113x150.jpeg 113w\" sizes=\"auto, (max-width: 768px) 100vw, 768px\" \/>\n\t\t\t<\/div><\/figure><figure class='gallery-item'>\n\t\t\t<div class='gallery-icon portrait'>\n\t\t\t\t<img loading=\"lazy\" decoding=\"async\" width=\"768\" height=\"1024\" src=\"https:\/\/www.landfrauen-meppen.de\/dalum\/wp-content\/uploads\/sites\/3\/2023\/02\/WhatsApp-Image-2023-02-16-at-19.56.07-4.jpeg\" class=\"attachment-full size-full\" alt=\"\" srcset=\"https:\/\/www.landfrauen-meppen.de\/dalum\/wp-content\/uploads\/sites\/3\/2023\/02\/WhatsApp-Image-2023-02-16-at-19.56.07-4.jpeg 768w, https:\/\/www.landfrauen-meppen.de\/dalum\/wp-content\/uploads\/sites\/3\/2023\/02\/WhatsApp-Image-2023-02-16-at-19.56.07-4-225x300.jpeg 225w, https:\/\/www.landfrauen-meppen.de\/dalum\/wp-content\/uploads\/sites\/3\/2023\/02\/WhatsApp-Image-2023-02-16-at-19.56.07-4-113x150.jpeg 113w\" sizes=\"auto, (max-width: 768px) 100vw, 768px\" \/>\n\t\t\t<\/div><\/figure><figure class='gallery-item'>\n\t\t\t<div class='gallery-icon portrait'>\n\t\t\t\t<img loading=\"lazy\" decoding=\"async\" width=\"768\" height=\"1024\" src=\"https:\/\/www.landfrauen-meppen.de\/dalum\/wp-content\/uploads\/sites\/3\/2023\/02\/WhatsApp-Image-2023-02-16-at-19.56.07-5.jpeg\" class=\"attachment-full size-full\" alt=\"\" srcset=\"https:\/\/www.landfrauen-meppen.de\/dalum\/wp-content\/uploads\/sites\/3\/2023\/02\/WhatsApp-Image-2023-02-16-at-19.56.07-5.jpeg 768w, https:\/\/www.landfrauen-meppen.de\/dalum\/wp-content\/uploads\/sites\/3\/2023\/02\/WhatsApp-Image-2023-02-16-at-19.56.07-5-225x300.jpeg 225w, https:\/\/www.landfrauen-meppen.de\/dalum\/wp-content\/uploads\/sites\/3\/2023\/02\/WhatsApp-Image-2023-02-16-at-19.56.07-5-113x150.jpeg 113w\" sizes=\"auto, (max-width: 768px) 100vw, 768px\" \/>\n\t\t\t<\/div><\/figure><figure class='gallery-item'>\n\t\t\t<div class='gallery-icon portrait'>\n\t\t\t\t<img loading=\"lazy\" decoding=\"async\" width=\"768\" height=\"1024\" src=\"https:\/\/www.landfrauen-meppen.de\/dalum\/wp-content\/uploads\/sites\/3\/2023\/02\/WhatsApp-Image-2023-02-16-at-19.56.07-6.jpeg\" class=\"attachment-full size-full\" alt=\"\" srcset=\"https:\/\/www.landfrauen-meppen.de\/dalum\/wp-content\/uploads\/sites\/3\/2023\/02\/WhatsApp-Image-2023-02-16-at-19.56.07-6.jpeg 768w, https:\/\/www.landfrauen-meppen.de\/dalum\/wp-content\/uploads\/sites\/3\/2023\/02\/WhatsApp-Image-2023-02-16-at-19.56.07-6-225x300.jpeg 225w, https:\/\/www.landfrauen-meppen.de\/dalum\/wp-content\/uploads\/sites\/3\/2023\/02\/WhatsApp-Image-2023-02-16-at-19.56.07-6-113x150.jpeg 113w\" sizes=\"auto, (max-width: 768px) 100vw, 768px\" \/>\n\t\t\t<\/div><\/figure><figure class='gallery-item'>\n\t\t\t<div class='gallery-icon portrait'>\n\t\t\t\t<img loading=\"lazy\" decoding=\"async\" width=\"768\" height=\"1024\" src=\"https:\/\/www.landfrauen-meppen.de\/dalum\/wp-content\/uploads\/sites\/3\/2023\/02\/WhatsApp-Image-2023-02-16-at-19.56.07.jpeg\" class=\"attachment-full size-full\" alt=\"\" srcset=\"https:\/\/www.landfrauen-meppen.de\/dalum\/wp-content\/uploads\/sites\/3\/2023\/02\/WhatsApp-Image-2023-02-16-at-19.56.07.jpeg 768w, https:\/\/www.landfrauen-meppen.de\/dalum\/wp-content\/uploads\/sites\/3\/2023\/02\/WhatsApp-Image-2023-02-16-at-19.56.07-225x300.jpeg 225w, https:\/\/www.landfrauen-meppen.de\/dalum\/wp-content\/uploads\/sites\/3\/2023\/02\/WhatsApp-Image-2023-02-16-at-19.56.07-113x150.jpeg 113w\" sizes=\"auto, (max-width: 768px) 100vw, 768px\" \/>\n\t\t\t<\/div><\/figure><figure class='gallery-item'>\n\t\t\t<div class='gallery-icon portrait'>\n\t\t\t\t<img loading=\"lazy\" decoding=\"async\" width=\"1536\" height=\"2048\" src=\"https:\/\/www.landfrauen-meppen.de\/dalum\/wp-content\/uploads\/sites\/3\/2023\/02\/WhatsApp-Image-2023-02-16-at-19.56.27-1.jpeg\" class=\"attachment-full size-full\" alt=\"\" srcset=\"https:\/\/www.landfrauen-meppen.de\/dalum\/wp-content\/uploads\/sites\/3\/2023\/02\/WhatsApp-Image-2023-02-16-at-19.56.27-1.jpeg 1536w, https:\/\/www.landfrauen-meppen.de\/dalum\/wp-content\/uploads\/sites\/3\/2023\/02\/WhatsApp-Image-2023-02-16-at-19.56.27-1-225x300.jpeg 225w, https:\/\/www.landfrauen-meppen.de\/dalum\/wp-content\/uploads\/sites\/3\/2023\/02\/WhatsApp-Image-2023-02-16-at-19.56.27-1-768x1024.jpeg 768w, https:\/\/www.landfrauen-meppen.de\/dalum\/wp-content\/uploads\/sites\/3\/2023\/02\/WhatsApp-Image-2023-02-16-at-19.56.27-1-1152x1536.jpeg 1152w, https:\/\/www.landfrauen-meppen.de\/dalum\/wp-content\/uploads\/sites\/3\/2023\/02\/WhatsApp-Image-2023-02-16-at-19.56.27-1-113x150.jpeg 113w\" sizes=\"auto, (max-width: 1536px) 100vw, 1536px\" \/>\n\t\t\t<\/div><\/figure><figure class='gallery-item'>\n\t\t\t<div class='gallery-icon portrait'>\n\t\t\t\t<img loading=\"lazy\" decoding=\"async\" width=\"1536\" height=\"2048\" src=\"https:\/\/www.landfrauen-meppen.de\/dalum\/wp-content\/uploads\/sites\/3\/2023\/02\/WhatsApp-Image-2023-02-16-at-19.56.27-2.jpeg\" class=\"attachment-full size-full\" alt=\"\" srcset=\"https:\/\/www.landfrauen-meppen.de\/dalum\/wp-content\/uploads\/sites\/3\/2023\/02\/WhatsApp-Image-2023-02-16-at-19.56.27-2.jpeg 1536w, https:\/\/www.landfrauen-meppen.de\/dalum\/wp-content\/uploads\/sites\/3\/2023\/02\/WhatsApp-Image-2023-02-16-at-19.56.27-2-225x300.jpeg 225w, https:\/\/www.landfrauen-meppen.de\/dalum\/wp-content\/uploads\/sites\/3\/2023\/02\/WhatsApp-Image-2023-02-16-at-19.56.27-2-768x1024.jpeg 768w, https:\/\/www.landfrauen-meppen.de\/dalum\/wp-content\/uploads\/sites\/3\/2023\/02\/WhatsApp-Image-2023-02-16-at-19.56.27-2-1152x1536.jpeg 1152w, https:\/\/www.landfrauen-meppen.de\/dalum\/wp-content\/uploads\/sites\/3\/2023\/02\/WhatsApp-Image-2023-02-16-at-19.56.27-2-113x150.jpeg 113w\" sizes=\"auto, (max-width: 1536px) 100vw, 1536px\" \/>\n\t\t\t<\/div><\/figure><figure class='gallery-item'>\n\t\t\t<div class='gallery-icon portrait'>\n\t\t\t\t<img loading=\"lazy\" decoding=\"async\" width=\"1536\" height=\"2048\" src=\"https:\/\/www.landfrauen-meppen.de\/dalum\/wp-content\/uploads\/sites\/3\/2023\/02\/WhatsApp-Image-2023-02-16-at-19.56.27-3.jpeg\" class=\"attachment-full size-full\" alt=\"\" srcset=\"https:\/\/www.landfrauen-meppen.de\/dalum\/wp-content\/uploads\/sites\/3\/2023\/02\/WhatsApp-Image-2023-02-16-at-19.56.27-3.jpeg 1536w, https:\/\/www.landfrauen-meppen.de\/dalum\/wp-content\/uploads\/sites\/3\/2023\/02\/WhatsApp-Image-2023-02-16-at-19.56.27-3-225x300.jpeg 225w, https:\/\/www.landfrauen-meppen.de\/dalum\/wp-content\/uploads\/sites\/3\/2023\/02\/WhatsApp-Image-2023-02-16-at-19.56.27-3-768x1024.jpeg 768w, https:\/\/www.landfrauen-meppen.de\/dalum\/wp-content\/uploads\/sites\/3\/2023\/02\/WhatsApp-Image-2023-02-16-at-19.56.27-3-1152x1536.jpeg 1152w, https:\/\/www.landfrauen-meppen.de\/dalum\/wp-content\/uploads\/sites\/3\/2023\/02\/WhatsApp-Image-2023-02-16-at-19.56.27-3-113x150.jpeg 113w\" sizes=\"auto, (max-width: 1536px) 100vw, 1536px\" \/>\n\t\t\t<\/div><\/figure><figure class='gallery-item'>\n\t\t\t<div class='gallery-icon portrait'>\n\t\t\t\t<img loading=\"lazy\" decoding=\"async\" width=\"1536\" height=\"2048\" src=\"https:\/\/www.landfrauen-meppen.de\/dalum\/wp-content\/uploads\/sites\/3\/2023\/02\/WhatsApp-Image-2023-02-16-at-19.56.27-4.jpeg\" class=\"attachment-full size-full\" alt=\"\" srcset=\"https:\/\/www.landfrauen-meppen.de\/dalum\/wp-content\/uploads\/sites\/3\/2023\/02\/WhatsApp-Image-2023-02-16-at-19.56.27-4.jpeg 1536w, https:\/\/www.landfrauen-meppen.de\/dalum\/wp-content\/uploads\/sites\/3\/2023\/02\/WhatsApp-Image-2023-02-16-at-19.56.27-4-225x300.jpeg 225w, https:\/\/www.landfrauen-meppen.de\/dalum\/wp-content\/uploads\/sites\/3\/2023\/02\/WhatsApp-Image-2023-02-16-at-19.56.27-4-768x1024.jpeg 768w, https:\/\/www.landfrauen-meppen.de\/dalum\/wp-content\/uploads\/sites\/3\/2023\/02\/WhatsApp-Image-2023-02-16-at-19.56.27-4-1152x1536.jpeg 1152w, https:\/\/www.landfrauen-meppen.de\/dalum\/wp-content\/uploads\/sites\/3\/2023\/02\/WhatsApp-Image-2023-02-16-at-19.56.27-4-113x150.jpeg 113w\" sizes=\"auto, (max-width: 1536px) 100vw, 1536px\" \/>\n\t\t\t<\/div><\/figure><figure class='gallery-item'>\n\t\t\t<div class='gallery-icon portrait'>\n\t\t\t\t<img loading=\"lazy\" decoding=\"async\" width=\"1536\" height=\"2048\" src=\"https:\/\/www.landfrauen-meppen.de\/dalum\/wp-content\/uploads\/sites\/3\/2023\/02\/WhatsApp-Image-2023-02-16-at-19.56.27-6.jpeg\" class=\"attachment-full size-full\" alt=\"\" srcset=\"https:\/\/www.landfrauen-meppen.de\/dalum\/wp-content\/uploads\/sites\/3\/2023\/02\/WhatsApp-Image-2023-02-16-at-19.56.27-6.jpeg 1536w, https:\/\/www.landfrauen-meppen.de\/dalum\/wp-content\/uploads\/sites\/3\/2023\/02\/WhatsApp-Image-2023-02-16-at-19.56.27-6-225x300.jpeg 225w, https:\/\/www.landfrauen-meppen.de\/dalum\/wp-content\/uploads\/sites\/3\/2023\/02\/WhatsApp-Image-2023-02-16-at-19.56.27-6-768x1024.jpeg 768w, https:\/\/www.landfrauen-meppen.de\/dalum\/wp-content\/uploads\/sites\/3\/2023\/02\/WhatsApp-Image-2023-02-16-at-19.56.27-6-1152x1536.jpeg 1152w, https:\/\/www.landfrauen-meppen.de\/dalum\/wp-content\/uploads\/sites\/3\/2023\/02\/WhatsApp-Image-2023-02-16-at-19.56.27-6-113x150.jpeg 113w\" sizes=\"auto, (max-width: 1536px) 100vw, 1536px\" \/>\n\t\t\t<\/div><\/figure><figure class='gallery-item'>\n\t\t\t<div class='gallery-icon portrait'>\n\t\t\t\t<img loading=\"lazy\" decoding=\"async\" width=\"1536\" height=\"2048\" src=\"https:\/\/www.landfrauen-meppen.de\/dalum\/wp-content\/uploads\/sites\/3\/2023\/02\/WhatsApp-Image-2023-02-16-at-19.56.27.jpeg\" class=\"attachment-full size-full\" alt=\"\" srcset=\"https:\/\/www.landfrauen-meppen.de\/dalum\/wp-content\/uploads\/sites\/3\/2023\/02\/WhatsApp-Image-2023-02-16-at-19.56.27.jpeg 1536w, https:\/\/www.landfrauen-meppen.de\/dalum\/wp-content\/uploads\/sites\/3\/2023\/02\/WhatsApp-Image-2023-02-16-at-19.56.27-225x300.jpeg 225w, https:\/\/www.landfrauen-meppen.de\/dalum\/wp-content\/uploads\/sites\/3\/2023\/02\/WhatsApp-Image-2023-02-16-at-19.56.27-768x1024.jpeg 768w, https:\/\/www.landfrauen-meppen.de\/dalum\/wp-content\/uploads\/sites\/3\/2023\/02\/WhatsApp-Image-2023-02-16-at-19.56.27-1152x1536.jpeg 1152w, https:\/\/www.landfrauen-meppen.de\/dalum\/wp-content\/uploads\/sites\/3\/2023\/02\/WhatsApp-Image-2023-02-16-at-19.56.27-113x150.jpeg 113w\" sizes=\"auto, (max-width: 1536px) 100vw, 1536px\" \/>\n\t\t\t<\/div><\/figure><figure class='gallery-item'>\n\t\t\t<div class='gallery-icon portrait'>\n\t\t\t\t<img loading=\"lazy\" decoding=\"async\" width=\"1536\" height=\"2048\" src=\"https:\/\/www.landfrauen-meppen.de\/dalum\/wp-content\/uploads\/sites\/3\/2023\/02\/WhatsApp-Image-2023-02-16-at-19.56.28-1.jpeg\" class=\"attachment-full size-full\" alt=\"\" srcset=\"https:\/\/www.landfrauen-meppen.de\/dalum\/wp-content\/uploads\/sites\/3\/2023\/02\/WhatsApp-Image-2023-02-16-at-19.56.28-1.jpeg 1536w, https:\/\/www.landfrauen-meppen.de\/dalum\/wp-content\/uploads\/sites\/3\/2023\/02\/WhatsApp-Image-2023-02-16-at-19.56.28-1-225x300.jpeg 225w, https:\/\/www.landfrauen-meppen.de\/dalum\/wp-content\/uploads\/sites\/3\/2023\/02\/WhatsApp-Image-2023-02-16-at-19.56.28-1-768x1024.jpeg 768w, https:\/\/www.landfrauen-meppen.de\/dalum\/wp-content\/uploads\/sites\/3\/2023\/02\/WhatsApp-Image-2023-02-16-at-19.56.28-1-1152x1536.jpeg 1152w, https:\/\/www.landfrauen-meppen.de\/dalum\/wp-content\/uploads\/sites\/3\/2023\/02\/WhatsApp-Image-2023-02-16-at-19.56.28-1-113x150.jpeg 113w\" sizes=\"auto, (max-width: 1536px) 100vw, 1536px\" \/>\n\t\t\t<\/div><\/figure>\n\t\t<\/div>\n\n<\/div>\n","protected":false},"excerpt":{"rendered":"<p>Gut besucht war die gemeinsame Veranstaltung der Landfrauenvereine Gro\u00df-Hesepe, Geeste-Osterbrock und Dalum. Die Wohnexpertin Katharina Semling referierte zum Thema Wohnraumgestaltung. In ihrem Vortrag zeigte sie unter anderem Vorher-Nachher-Bilder. Auf diese <a class=\"more-link\" href=\"https:\/\/www.landfrauen-meppen.de\/dalum\/2023\/02\/16\/bilder-veranstaltung-wohnraumdekoration\/\">weiterlesen&#8230;(hier klicken)<\/a><\/p>\n","protected":false},"author":3,"featured_media":2200,"comment_status":"closed","ping_status":"closed","sticky":false,"template":"","format":"standard","meta":{"footnotes":""},"categories":[1,3],"tags":[],"class_list":["post-2184","post","type-post","status-publish","format-standard","has-post-thumbnail","hentry","category-allgemein","category-bilder"],"_links":{"self":[{"href":"https:\/\/www.landfrauen-meppen.de\/dalum\/wp-json\/wp\/v2\/posts\/2184","targetHints":{"allow":["GET"]}}],"collection":[{"href":"https:\/\/www.landfrauen-meppen.de\/dalum\/wp-json\/wp\/v2\/posts"}],"about":[{"href":"https:\/\/www.landfrauen-meppen.de\/dalum\/wp-json\/wp\/v2\/types\/post"}],"author":[{"embeddable":true,"href":"https:\/\/www.landfrauen-meppen.de\/dalum\/wp-json\/wp\/v2\/users\/3"}],"replies":[{"embeddable":true,"href":"https:\/\/www.landfrauen-meppen.de\/dalum\/wp-json\/wp\/v2\/comments?post=2184"}],"version-history":[{"count":1,"href":"https:\/\/www.landfrauen-meppen.de\/dalum\/wp-json\/wp\/v2\/posts\/2184\/revisions"}],"predecessor-version":[{"id":2201,"href":"https:\/\/www.landfrauen-meppen.de\/dalum\/wp-json\/wp\/v2\/posts\/2184\/revisions\/2201"}],"wp:featuredmedia":[{"embeddable":true,"href":"https:\/\/www.landfrauen-meppen.de\/dalum\/wp-json\/wp\/v2\/media\/2200"}],"wp:attachment":[{"href":"https:\/\/www.landfrauen-meppen.de\/dalum\/wp-json\/wp\/v2\/media?parent=2184"}],"wp:term":[{"taxonomy":"category","embeddable":true,"href":"https:\/\/www.landfrauen-meppen.de\/dalum\/wp-json\/wp\/v2\/categories?post=2184"},{"taxonomy":"post_tag","embeddable":true,"href":"https:\/\/www.landfrauen-meppen.de\/dalum\/wp-json\/wp\/v2\/tags?post=2184"}],"curies":[{"name":"wp","href":"https:\/\/api.w.org\/{rel}","templated":true}]}}