{"id":2171,"date":"2023-01-30T09:57:24","date_gmt":"2023-01-30T08:57:24","guid":{"rendered":"https:\/\/www.landfrauen-meppen.de\/dalum\/?p=2171"},"modified":"2023-01-30T09:57:24","modified_gmt":"2023-01-30T08:57:24","slug":"einladung-gemeinschaftsveranstaltung-wohnraumdekoration","status":"publish","type":"post","link":"https:\/\/www.landfrauen-meppen.de\/dalum\/2023\/01\/30\/einladung-gemeinschaftsveranstaltung-wohnraumdekoration\/","title":{"rendered":"Einladung Gemeinschaftsveranstaltung, Wohnraumdekoration"},"content":{"rendered":"<div class=\"x11i5rnm xat24cr x1mh8g0r x1vvkbs xdj266r x126k92a\">\n<div dir=\"auto\">Einladung LandFrauen<\/div>\n<div dir=\"auto\">Gemeinschaftsveranstaltung mit Gro\u00df Hesepe, Geeste-Osterbrock und Dalum<\/div>\n<div dir=\"auto\"><\/div>\n<\/div>\n<div class=\"x11i5rnm xat24cr x1mh8g0r x1vvkbs xtlvy1s x126k92a\">\n<div dir=\"auto\">Wohnraumdekoration<\/div>\n<div dir=\"auto\"><\/div>\n<\/div>\n<div class=\"x11i5rnm xat24cr x1mh8g0r x1vvkbs xtlvy1s x126k92a\">\n<div dir=\"auto\">Termin: 14. Februar 2023<\/div>\n<div dir=\"auto\">Uhrzeit: 19:30 Uhr<\/div>\n<div dir=\"auto\">Treffen: Gastst\u00e4tte Aepken (Wietmarscher Damm 10, 49744 Geeste-Dalum)<\/div>\n<div dir=\"auto\">Kosten: Entstehen f\u00fcr Essen und trinken<\/div>\n<div dir=\"auto\"><\/div>\n<\/div>\n<div class=\"x11i5rnm xat24cr x1mh8g0r x1vvkbs xtlvy1s x126k92a\">\n<div dir=\"auto\">Wie kann ich eine gem\u00fctliche Atmosph\u00e4re schaffen?<\/div>\n<div dir=\"auto\"><\/div>\n<\/div>\n<div class=\"x11i5rnm xat24cr x1mh8g0r x1vvkbs xtlvy1s x126k92a\">\n<div dir=\"auto\">Die Wohnexpertin Katharina Semling, aus Oldenburg, bekannt aus Funk und Fernsehen, wird uns wertvolle Tipps und Hilfestellungen geben, um unser Zuhause gem\u00fctlich einzurichten.<\/div>\n<div dir=\"auto\">Frau Semling zeigt uns anhand von Beispielen, wie wir mit einfachen Mitteln unsere eigenen vier W\u00e4nde in einen sch\u00f6nen Erholungs- und R\u00fcckzugsort verwandeln k\u00f6nnen.<\/div>\n<\/div>\n<div class=\"x11i5rnm xat24cr x1mh8g0r x1vvkbs xtlvy1s x126k92a\">\n<div dir=\"auto\">F\u00fcr Fragen steht Sie uns im Anschluss gerne zur Verf\u00fcgung. Hierzu d\u00fcrfen gerne Fotos und Zeichnungen mitgebracht werden.<\/div>\n<div dir=\"auto\"><\/div>\n<\/div>\n<div class=\"x11i5rnm xat24cr x1mh8g0r x1vvkbs xtlvy1s x126k92a\">\n<div dir=\"auto\">Im Vorfeld wird es eine Kleinigkeit zu essen geben.<\/div>\n<div dir=\"auto\"><\/div>\n<\/div>\n<div class=\"x11i5rnm xat24cr x1mh8g0r x1vvkbs xtlvy1s x126k92a\">\n<div dir=\"auto\">Anmeldeschluss ist der 06. Februar 2023 bei den Vertrauensfrauen.<\/div>\n<div dir=\"auto\"><\/div>\n<\/div>\n<div class=\"x11i5rnm xat24cr x1mh8g0r x1vvkbs xtlvy1s x126k92a\">\n<div dir=\"auto\">Wir freuen uns auf einen informativen und gem\u00fctlichen Abend.<\/div>\n<div dir=\"auto\"><\/div>\n<\/div>\n<div class=\"x11i5rnm xat24cr x1mh8g0r x1vvkbs xtlvy1s x126k92a\">\n<div dir=\"auto\">Das Vorstandteam<\/div>\n<\/div>\n<div dir=\"auto\"><\/div>\n<div dir=\"auto\"><img loading=\"lazy\" decoding=\"async\" class=\"aligncenter wp-image-2173 size-large\" src=\"https:\/\/www.landfrauen-meppen.de\/dalum\/wp-content\/uploads\/sites\/3\/2023\/01\/WhatsApp-Image-2023-01-23-at-13.29.17-768x1024.jpeg\" alt=\"\" width=\"690\" height=\"920\" srcset=\"https:\/\/www.landfrauen-meppen.de\/dalum\/wp-content\/uploads\/sites\/3\/2023\/01\/WhatsApp-Image-2023-01-23-at-13.29.17-768x1024.jpeg 768w, https:\/\/www.landfrauen-meppen.de\/dalum\/wp-content\/uploads\/sites\/3\/2023\/01\/WhatsApp-Image-2023-01-23-at-13.29.17-225x300.jpeg 225w, https:\/\/www.landfrauen-meppen.de\/dalum\/wp-content\/uploads\/sites\/3\/2023\/01\/WhatsApp-Image-2023-01-23-at-13.29.17-1152x1536.jpeg 1152w, https:\/\/www.landfrauen-meppen.de\/dalum\/wp-content\/uploads\/sites\/3\/2023\/01\/WhatsApp-Image-2023-01-23-at-13.29.17-113x150.jpeg 113w, https:\/\/www.landfrauen-meppen.de\/dalum\/wp-content\/uploads\/sites\/3\/2023\/01\/WhatsApp-Image-2023-01-23-at-13.29.17.jpeg 1500w\" sizes=\"auto, (max-width: 690px) 100vw, 690px\" \/><\/div>\n","protected":false},"excerpt":{"rendered":"<p>Einladung LandFrauen Gemeinschaftsveranstaltung mit Gro\u00df Hesepe, Geeste-Osterbrock und Dalum Wohnraumdekoration Termin: 14. Februar 2023 Uhrzeit: 19:30 Uhr Treffen: Gastst\u00e4tte Aepken (Wietmarscher Damm 10, 49744 Geeste-Dalum) Kosten: Entstehen f\u00fcr Essen und <a class=\"more-link\" href=\"https:\/\/www.landfrauen-meppen.de\/dalum\/2023\/01\/30\/einladung-gemeinschaftsveranstaltung-wohnraumdekoration\/\">weiterlesen&#8230;(hier klicken)<\/a><\/p>\n","protected":false},"author":3,"featured_media":2172,"comment_status":"closed","ping_status":"closed","sticky":false,"template":"","format":"standard","meta":{"footnotes":""},"categories":[1],"tags":[],"class_list":["post-2171","post","type-post","status-publish","format-standard","has-post-thumbnail","hentry","category-allgemein"],"_links":{"self":[{"href":"https:\/\/www.landfrauen-meppen.de\/dalum\/wp-json\/wp\/v2\/posts\/2171","targetHints":{"allow":["GET"]}}],"collection":[{"href":"https:\/\/www.landfrauen-meppen.de\/dalum\/wp-json\/wp\/v2\/posts"}],"about":[{"href":"https:\/\/www.landfrauen-meppen.de\/dalum\/wp-json\/wp\/v2\/types\/post"}],"author":[{"embeddable":true,"href":"https:\/\/www.landfrauen-meppen.de\/dalum\/wp-json\/wp\/v2\/users\/3"}],"replies":[{"embeddable":true,"href":"https:\/\/www.landfrauen-meppen.de\/dalum\/wp-json\/wp\/v2\/comments?post=2171"}],"version-history":[{"count":1,"href":"https:\/\/www.landfrauen-meppen.de\/dalum\/wp-json\/wp\/v2\/posts\/2171\/revisions"}],"predecessor-version":[{"id":2174,"href":"https:\/\/www.landfrauen-meppen.de\/dalum\/wp-json\/wp\/v2\/posts\/2171\/revisions\/2174"}],"wp:featuredmedia":[{"embeddable":true,"href":"https:\/\/www.landfrauen-meppen.de\/dalum\/wp-json\/wp\/v2\/media\/2172"}],"wp:attachment":[{"href":"https:\/\/www.landfrauen-meppen.de\/dalum\/wp-json\/wp\/v2\/media?parent=2171"}],"wp:term":[{"taxonomy":"category","embeddable":true,"href":"https:\/\/www.landfrauen-meppen.de\/dalum\/wp-json\/wp\/v2\/categories?post=2171"},{"taxonomy":"post_tag","embeddable":true,"href":"https:\/\/www.landfrauen-meppen.de\/dalum\/wp-json\/wp\/v2\/tags?post=2171"}],"curies":[{"name":"wp","href":"https:\/\/api.w.org\/{rel}","templated":true}]}}