{"id":2133,"date":"2022-12-27T11:10:30","date_gmt":"2022-12-27T10:10:30","guid":{"rendered":"https:\/\/www.landfrauen-meppen.de\/dalum\/?p=2133"},"modified":"2023-08-04T22:45:22","modified_gmt":"2023-08-04T20:45:22","slug":"mehrtagesfahrt-korfu-perle-der-ionischen-inseln","status":"publish","type":"post","link":"https:\/\/www.landfrauen-meppen.de\/dalum\/2022\/12\/27\/mehrtagesfahrt-korfu-perle-der-ionischen-inseln\/","title":{"rendered":"Mehrtagesfahrt: Korfu, Perle der Ionischen Inseln"},"content":{"rendered":"<p>Mehrtagesfahrt: Korfu, Perle der ionischen Inseln<br \/>\nKreislandfrauenverband Meppen<\/p>\n<p>Reisetermin: 05.06. \u2013 11.06.2023<\/p>\n<p>Tag 1 Anreise<br \/>\n-Charterflug nach Korfu und anschlie\u00dfender Transfer zu Ihrem<br \/>\nUrlaubsort, \u00dcbernachtung auf Korfu &#8211; Check \u2013 in einem ****Hotel<\/p>\n<p>Tag 2 Ausflug \u2013 Korfu Stadt \u2013 Kanoni<br \/>\nFahrt nach Korfu Stadt, Besichtigung der alten venezianischen Festung<br \/>\nund der Halbinsel Kanoni. Weitere Besichtigungspunkte sind das ListonGeb\u00e4ude, der Esplanadeplatz und die St. Syridonkathedrale. Danach<br \/>\nSpazieren Sie durch die venezianische Altstadt. Nachmittags zur freien<br \/>\nVerf\u00fcgung<\/p>\n<p>Tag 3 Achillion \u2013 S\u00fcdliche Inselrundfahrt \u2013 Weingut Theotoki<br \/>\nFahrt nach Gastouri zur Besichtigung des Achillion, des Sommerpalastes<br \/>\nder Kaiserin Elizabeth von \u00d6sterreich.Das Herz von Wilhelm II und \u201eSissi\u201c<br \/>\nwurde durch den Zauber, den Korfu ausstrahlt, getroffen. Als Beweis der<br \/>\nLiebe zu dieser Insel, hat er ihr das Achillion vermacht. Eine<br \/>\nm\u00e4rchenhafte, gewaltige Residenz mit herrlichen Innenr\u00e4umen. Der<br \/>\nstilvolle Garten mit seinen zahlreichen Skulpturen ist dem<br \/>\nsagenumwobenen und unbesiegbaren Helden Achilleos gewidmet.<br \/>\nAnschlie\u00dfend Fahrt durch die idyllischen D\u00f6rfer Korfus nach Anemomolis<br \/>\nUnd Besichtigung der Ikonen geschm\u00fcckten byzanischen Basilika des<br \/>\nHeiligen Jason und Sosipatros. Weiterfahrt nach Kato Garuna und<br \/>\nBesichtigung einer Teppichweberei. Im Anschluss besuchen Sie das<br \/>\nWeingut Theotoki und nehmen an einer Weinverkostung teil.<\/p>\n<p>Tag 4 N\u00f6rdliche Inselrundfahrt<br \/>\nFahrt nach Paleokastritsa, einen wundersch\u00f6nen Ort, der an zwei<br \/>\nBuchten zwischen eindrucksvollen Steilk\u00fcsten liegt. Hier werden Sie von<br \/>\nDen Bewohnern des Klosters von Theotokos (18. Jahrhundert) freundlich<br \/>\nEmpfangen. Erleben Sie die Ruhe und ein tiefes Gef\u00fchl des Friedens bei<br \/>\nDer Besichtigung dieser St\u00e4tte. An der Flachdecke im Innern der Kirche<br \/>\nBietet sich der Anblick auf Szenen aus der Sch\u00f6pfungsgeschichte.<br \/>\nWeiterfahrt nach Lakones. Fotopause an der Bella Vista. Hier haben<br \/>\nSie den vielleicht sch\u00f6nsten Ausblick auf Korfu \u2013 einen Trompetenpass<br \/>\nRhoda in das Fischerdorf Kassiopi, welches von den R\u00f6mers gegr\u00fcndet<br \/>\nWurde. Lassen Sie sich von dem Blick auf die Berge des griechischen<br \/>\nFestlandes verzaubern. R\u00fcckfahrt entlang der n\u00f6rdlichen Ostk\u00fcste und<br \/>\nFotostop bei Kouloura.<\/p>\n<p>Tag 5 Paxos \u2013 Antipaxos<br \/>\nIhr heutiger Ausflug f\u00fchrt Sie mit dem Boot zu den Inseln Paxos und<br \/>\nAntipaxos, die sich s\u00fcdlich von Korfu befinden. Sie fahren mit dem Boot<br \/>\nZur Insel Paxos, vorbei an dem sch\u00f6nen Hafen von Laka, an der<br \/>\nBeeindruckenden Felsenk\u00fcste und den einzigartigen wei\u00dfen<br \/>\nSandstr\u00e4nden. Sie besichtigen die atemberaubenden Meeresh\u00f6hlen,<br \/>\ndie sie sprachlos machen werden. Weiter geht die Fahrt zur Insel<br \/>\nAntipaxos, die wegen der sandigen Buchten mit der Karibik verglichen<br \/>\nWird. Hier haben Sie die M\u00f6glichkeit zu baden. Die Fahrt f\u00fchrt Sie zur\u00fcck<br \/>\nNach Paxos, zum Hafenst\u00e4dchen Gaios, wo Sie Gelegenheit haben<br \/>\nWerden, durch die Gassen zu spazieren. Hier genie\u00dfen Sie den Inselflair<br \/>\nDer Ionischen Inseln.<\/p>\n<p>Tag 6 Villa Mon Repos<br \/>\nHeute fahren wir zur Villa Mon Repos, die fr\u00fchere Sommerresidenz<br \/>\nDer griechischen K\u00f6nigsfamilie. Mittags besteht die M\u00f6glichkeit in einer<br \/>\nTaverne zu essen. Nachmittags zur freien Verf\u00fcgung<\/p>\n<p>Tag 7 Heimreise<br \/>\n-Transfer je nach Flugzeit zum Flughafen von Korfu \u2013 Heimflug<\/p>\n<p>Hinweis:<br \/>\n\u00c4nderungen des Programmes (auch wetterbedingt) aus nicht vorhersehbaren<br \/>\nGr\u00fcnden bleiben uns vorbehalten, auch kurzfristig.<\/p>\n<p>Unsere Leistungen:<br \/>\n&#8211; Bustransfer zum Flughafen hin und zur\u00fcck<br \/>\n-Charterflug nach Korfu und zur\u00fcck<br \/>\n-Flughafentransfers und Ausfl\u00fcge in modernen Reisebussen<br \/>\n&#8211; 6 x \u00dc\/HP im 4-Sterne-Hotel<br \/>\n&#8211; alle Schiffsfahrten gem\u00e4\u00df Reiseverlauf<br \/>\n&#8211; Ausfl\u00fcge gem\u00e4\u00df Reiseverlauf<br \/>\n-Weinprobe mit Weinverkostung, Weingut Theotoki<br \/>\n&#8211; alles Ausfl\u00fcge mit deutschsprachiger Reiseleitung und inkl. Eintrittsgelder<\/p>\n<p>Teilnehmerzahl : 50 Personen<\/p>\n<p>Kosten DZ : ist noch offen, ca. 1.400 \u2013 1.500 \u20ac<br \/>\nEinzelzimmerzuschlag \u20ac<\/p>\n<p>Anmeldung: ab 06.02.2023 um 08.00 Uhr<br \/>\nTel.: 05936\/6971 (Annegret N\u00f6gel)<br \/>\n(pro Anmeldung d\u00fcrfen max. 4 Pers. angemeldet werden)<\/p>\n<p><img loading=\"lazy\" decoding=\"async\" class=\"aligncenter size-large wp-image-2176\" src=\"https:\/\/www.landfrauen-meppen.de\/dalum\/wp-content\/uploads\/sites\/3\/2022\/12\/WhatsApp-Image-2023-01-31-at-12.21.22-461x1024.jpeg\" alt=\"\" width=\"461\" height=\"1024\" srcset=\"https:\/\/www.landfrauen-meppen.de\/dalum\/wp-content\/uploads\/sites\/3\/2022\/12\/WhatsApp-Image-2023-01-31-at-12.21.22-461x1024.jpeg 461w, https:\/\/www.landfrauen-meppen.de\/dalum\/wp-content\/uploads\/sites\/3\/2022\/12\/WhatsApp-Image-2023-01-31-at-12.21.22-135x300.jpeg 135w, https:\/\/www.landfrauen-meppen.de\/dalum\/wp-content\/uploads\/sites\/3\/2022\/12\/WhatsApp-Image-2023-01-31-at-12.21.22-768x1708.jpeg 768w, https:\/\/www.landfrauen-meppen.de\/dalum\/wp-content\/uploads\/sites\/3\/2022\/12\/WhatsApp-Image-2023-01-31-at-12.21.22-691x1536.jpeg 691w, https:\/\/www.landfrauen-meppen.de\/dalum\/wp-content\/uploads\/sites\/3\/2022\/12\/WhatsApp-Image-2023-01-31-at-12.21.22-67x150.jpeg 67w, https:\/\/www.landfrauen-meppen.de\/dalum\/wp-content\/uploads\/sites\/3\/2022\/12\/WhatsApp-Image-2023-01-31-at-12.21.22.jpeg 921w\" sizes=\"auto, (max-width: 461px) 100vw, 461px\" \/><\/p>\n<p><img loading=\"lazy\" decoding=\"async\" class=\"aligncenter size-large wp-image-2175\" src=\"https:\/\/www.landfrauen-meppen.de\/dalum\/wp-content\/uploads\/sites\/3\/2022\/12\/WhatsApp-Image-2023-01-31-at-12.21.22-1-461x1024.jpeg\" alt=\"\" width=\"461\" height=\"1024\" srcset=\"https:\/\/www.landfrauen-meppen.de\/dalum\/wp-content\/uploads\/sites\/3\/2022\/12\/WhatsApp-Image-2023-01-31-at-12.21.22-1-461x1024.jpeg 461w, https:\/\/www.landfrauen-meppen.de\/dalum\/wp-content\/uploads\/sites\/3\/2022\/12\/WhatsApp-Image-2023-01-31-at-12.21.22-1-135x300.jpeg 135w, https:\/\/www.landfrauen-meppen.de\/dalum\/wp-content\/uploads\/sites\/3\/2022\/12\/WhatsApp-Image-2023-01-31-at-12.21.22-1-768x1708.jpeg 768w, https:\/\/www.landfrauen-meppen.de\/dalum\/wp-content\/uploads\/sites\/3\/2022\/12\/WhatsApp-Image-2023-01-31-at-12.21.22-1-691x1536.jpeg 691w, https:\/\/www.landfrauen-meppen.de\/dalum\/wp-content\/uploads\/sites\/3\/2022\/12\/WhatsApp-Image-2023-01-31-at-12.21.22-1-67x150.jpeg 67w, https:\/\/www.landfrauen-meppen.de\/dalum\/wp-content\/uploads\/sites\/3\/2022\/12\/WhatsApp-Image-2023-01-31-at-12.21.22-1.jpeg 921w\" sizes=\"auto, (max-width: 461px) 100vw, 461px\" \/><\/p>\n<p>&nbsp;<\/p>\n","protected":false},"excerpt":{"rendered":"<p>Mehrtagesfahrt: Korfu, Perle der ionischen Inseln Kreislandfrauenverband Meppen Reisetermin: 05.06. \u2013 11.06.2023 Tag 1 Anreise -Charterflug nach Korfu und anschlie\u00dfender Transfer zu Ihrem Urlaubsort, \u00dcbernachtung auf Korfu &#8211; Check \u2013 <a class=\"more-link\" href=\"https:\/\/www.landfrauen-meppen.de\/dalum\/2022\/12\/27\/mehrtagesfahrt-korfu-perle-der-ionischen-inseln\/\">weiterlesen&#8230;(hier klicken)<\/a><\/p>\n","protected":false},"author":3,"featured_media":1575,"comment_status":"closed","ping_status":"closed","sticky":false,"template":"","format":"standard","meta":{"footnotes":""},"categories":[1],"tags":[],"class_list":["post-2133","post","type-post","status-publish","format-standard","has-post-thumbnail","hentry","category-allgemein"],"_links":{"self":[{"href":"https:\/\/www.landfrauen-meppen.de\/dalum\/wp-json\/wp\/v2\/posts\/2133","targetHints":{"allow":["GET"]}}],"collection":[{"href":"https:\/\/www.landfrauen-meppen.de\/dalum\/wp-json\/wp\/v2\/posts"}],"about":[{"href":"https:\/\/www.landfrauen-meppen.de\/dalum\/wp-json\/wp\/v2\/types\/post"}],"author":[{"embeddable":true,"href":"https:\/\/www.landfrauen-meppen.de\/dalum\/wp-json\/wp\/v2\/users\/3"}],"replies":[{"embeddable":true,"href":"https:\/\/www.landfrauen-meppen.de\/dalum\/wp-json\/wp\/v2\/comments?post=2133"}],"version-history":[{"count":4,"href":"https:\/\/www.landfrauen-meppen.de\/dalum\/wp-json\/wp\/v2\/posts\/2133\/revisions"}],"predecessor-version":[{"id":2177,"href":"https:\/\/www.landfrauen-meppen.de\/dalum\/wp-json\/wp\/v2\/posts\/2133\/revisions\/2177"}],"wp:featuredmedia":[{"embeddable":true,"href":"https:\/\/www.landfrauen-meppen.de\/dalum\/wp-json\/wp\/v2\/media\/1575"}],"wp:attachment":[{"href":"https:\/\/www.landfrauen-meppen.de\/dalum\/wp-json\/wp\/v2\/media?parent=2133"}],"wp:term":[{"taxonomy":"category","embeddable":true,"href":"https:\/\/www.landfrauen-meppen.de\/dalum\/wp-json\/wp\/v2\/categories?post=2133"},{"taxonomy":"post_tag","embeddable":true,"href":"https:\/\/www.landfrauen-meppen.de\/dalum\/wp-json\/wp\/v2\/tags?post=2133"}],"curies":[{"name":"wp","href":"https:\/\/api.w.org\/{rel}","templated":true}]}}