{"id":2043,"date":"2022-09-19T18:59:06","date_gmt":"2022-09-19T16:59:06","guid":{"rendered":"https:\/\/www.landfrauen-meppen.de\/dalum\/?p=2043"},"modified":"2023-08-04T22:48:01","modified_gmt":"2023-08-04T20:48:01","slug":"einladung-zur-generalversammlung-2","status":"publish","type":"post","link":"https:\/\/www.landfrauen-meppen.de\/dalum\/2022\/09\/19\/einladung-zur-generalversammlung-2\/","title":{"rendered":"Einladung zur Generalversammlung"},"content":{"rendered":"<p><span id=\"page3R_mcid0\" class=\"markedContent\"><span dir=\"ltr\" role=\"presentation\">Einladung zu<\/span><span dir=\"ltr\" role=\"presentation\">r<\/span> <span dir=\"ltr\" role=\"presentation\">Generalversammlung<\/span> <\/span><span id=\"page3R_mcid1\" class=\"markedContent\"> <\/span><span id=\"page3R_mcid2\" class=\"markedContent\"><br role=\"presentation\" \/><span dir=\"ltr\" role=\"presentation\">Liebe Landfrauen,<\/span> <\/span><span id=\"page3R_mcid3\" class=\"markedContent\"><br role=\"presentation\" \/><\/span><span id=\"page3R_mcid4\" class=\"markedContent\"><br role=\"presentation\" \/><span dir=\"ltr\" role=\"presentation\">heute laden wir E<\/span><span dir=\"ltr\" role=\"presentation\">uch zu<\/span><span dir=\"ltr\" role=\"presentation\">r <\/span><span dir=\"ltr\" role=\"presentation\">diesj\u00e4hrigen Generalversammlung am<\/span> <\/span><span id=\"page3R_mcid5\" class=\"markedContent\"><br role=\"presentation\" \/><\/span><span id=\"page3R_mcid6\" class=\"markedContent\"><br role=\"presentation\" \/><span dir=\"ltr\" role=\"presentation\">Dienstag, den 25.10.2022 um 19:30 Uhr<\/span> <\/span><span id=\"page3R_mcid7\" class=\"markedContent\"><br role=\"presentation\" \/><span dir=\"ltr\" role=\"presentation\">im<\/span> <span dir=\"ltr\" role=\"presentation\">Saal <\/span><span dir=\"ltr\" role=\"presentation\">L<\/span><span dir=\"ltr\" role=\"presentation\">ammers (<\/span><span dir=\"ltr\" role=\"presentation\">Zur F\u00e4hre) <\/span><span dir=\"ltr\" role=\"presentation\">ein.<\/span> <\/span><span id=\"page3R_mcid8\" class=\"markedContent\"><br role=\"presentation\" \/><\/span><span id=\"page3R_mcid10\" class=\"markedContent\"><br role=\"presentation\" \/><span dir=\"ltr\" role=\"presentation\">Tagesordnung<\/span> <\/span><span id=\"page3R_mcid11\" class=\"markedContent\"><br role=\"presentation\" \/><\/span><span id=\"page3R_mcid12\" class=\"markedContent\"><br role=\"presentation\" \/><span dir=\"ltr\" role=\"presentation\">1. <\/span><span dir=\"ltr\" role=\"presentation\">E<\/span><span dir=\"ltr\" role=\"presentation\">r<\/span><span dir=\"ltr\" role=\"presentation\">\u00f6ffnung <\/span><span dir=\"ltr\" role=\"presentation\">und Begr\u00fc\u00dfung durch di<\/span><span dir=\"ltr\" role=\"presentation\">e <\/span><span dir=\"ltr\" role=\"presentation\">Teamv<\/span><span dir=\"ltr\" role=\"presentation\">orsit<\/span><span dir=\"ltr\" role=\"presentation\">z<\/span><span dir=\"ltr\" role=\"presentation\">ende<\/span> <\/span><span id=\"page3R_mcid13\" class=\"markedContent\"><br role=\"presentation\" \/><span dir=\"ltr\" role=\"presentation\">2.<\/span> <span dir=\"ltr\" role=\"presentation\">Bericht der<\/span> <span dir=\"ltr\" role=\"presentation\">Vorsitzenden mit R\u00fcckblick <\/span><span dir=\"ltr\" role=\"presentation\">auf d<\/span><span dir=\"ltr\" role=\"presentation\">as vergangene Jahr<\/span> <\/span><span id=\"page3R_mcid14\" class=\"markedContent\"><br role=\"presentation\" \/><span dir=\"ltr\" role=\"presentation\">3. Bericht <\/span><span dir=\"ltr\" role=\"presentation\">der Kassenf\u00fchrerin<\/span> <\/span><span id=\"page3R_mcid15\" class=\"markedContent\"><br role=\"presentation\" \/><span dir=\"ltr\" role=\"presentation\">4. Bericht der Kassen<\/span><span dir=\"ltr\" role=\"presentation\">pr\u00fcferinn<\/span><span dir=\"ltr\" role=\"presentation\">en<\/span> <\/span><span id=\"page3R_mcid16\" class=\"markedContent\"><br role=\"presentation\" \/><span dir=\"ltr\" role=\"presentation\">5. Entlastung des Vorstandes und der Kassenpr\u00fcfung<\/span> <\/span><span id=\"page3R_mcid17\" class=\"markedContent\"><br role=\"presentation\" \/><span dir=\"ltr\" role=\"presentation\">6. Ernennung neuer Kassenpr\u00fcf<\/span><span dir=\"ltr\" role=\"presentation\">erinnen<\/span> <\/span><span id=\"page3R_mcid18\" class=\"markedContent\"><br role=\"presentation\" \/><span dir=\"ltr\" role=\"presentation\">7<\/span><span dir=\"ltr\" role=\"presentation\">. Verschied<\/span><span dir=\"ltr\" role=\"presentation\">enes<\/span><span dir=\"ltr\" role=\"presentation\">, An<\/span><span dir=\"ltr\" role=\"presentation\">fragen und An<\/span><span dir=\"ltr\" role=\"presentation\">regungen<\/span> <\/span><span id=\"page3R_mcid19\" class=\"markedContent\"><br role=\"presentation\" \/><\/span><span id=\"page3R_mcid21\" class=\"markedContent\"><br role=\"presentation\" \/><span dir=\"ltr\" role=\"presentation\">Im <\/span><span dir=\"ltr\" role=\"presentation\">Anschluss wird <\/span><span dir=\"ltr\" role=\"presentation\">Fra<\/span><span dir=\"ltr\" role=\"presentation\">u Waltraud Dahm mit Ihrer Tochter <\/span><span dir=\"ltr\" role=\"presentation\">\u00fcber die Organspende <\/span><br role=\"presentation\" \/><span dir=\"ltr\" role=\"presentation\">sprechen. <\/span> <\/span><span id=\"page3R_mcid22\" class=\"markedContent\"><br role=\"presentation\" \/><span dir=\"ltr\" role=\"presentation\">Die<\/span><span dir=\"ltr\" role=\"presentation\">se<\/span> <span dir=\"ltr\" role=\"presentation\">musste mit Ihrer Familie entscheiden, die Organe Ihres Hirntote<\/span><span dir=\"ltr\" role=\"presentation\">n Sohnes<\/span> <br role=\"presentation\" \/><span dir=\"ltr\" role=\"presentation\">Jannik <\/span><span dir=\"ltr\" role=\"presentation\">zu spenden oder d<\/span><span dir=\"ltr\" role=\"presentation\">ie Maschi<\/span><span dir=\"ltr\" role=\"presentation\">nen zur Lebenserhaltung abzustel<\/span><span dir=\"ltr\" role=\"presentation\">len<\/span><span dir=\"ltr\" role=\"presentation\">. Ei<\/span><span dir=\"ltr\" role=\"presentation\">ne <\/span><br role=\"presentation\" \/><span dir=\"ltr\" role=\"presentation\">schwierige Entscheidung? <\/span> <\/span><span id=\"page3R_mcid23\" class=\"markedContent\"><br role=\"presentation\" \/><span dir=\"ltr\" role=\"presentation\">Aber Sie sagt: <\/span><span dir=\"ltr\" role=\"presentation\">\u201e<\/span><span dir=\"ltr\" role=\"presentation\">Dadurch <\/span><span dir=\"ltr\" role=\"presentation\">lebt ein Teil von Ihm weiter<\/span><span dir=\"ltr\" role=\"presentation\">\u201c<\/span> <\/span><span id=\"page3R_mcid24\" class=\"markedContent\"><br role=\"presentation\" \/><\/span><span id=\"page3R_mcid26\" class=\"markedContent\"><br role=\"presentation\" \/><span dir=\"ltr\" role=\"presentation\">Anmeldeschluss ist am <\/span><span dir=\"ltr\" role=\"presentation\">17.10.2022<\/span> <span dir=\"ltr\" role=\"presentation\">bei den <\/span><span dir=\"ltr\" role=\"presentation\">jeweiligen <\/span><span dir=\"ltr\" role=\"presentation\">Vertrauensfrauen<\/span><span dir=\"ltr\" role=\"presentation\">.<\/span> <\/span><span id=\"page3R_mcid27\" class=\"markedContent\"><br role=\"presentation\" \/><\/span><span id=\"page3R_mcid29\" class=\"markedContent\"><br role=\"presentation\" \/><span dir=\"ltr\" role=\"presentation\">Das Vorsta<\/span><span dir=\"ltr\" role=\"presentation\">n<\/span><span dir=\"ltr\" role=\"presentation\">d<\/span><span dir=\"ltr\" role=\"presentation\">s<\/span><span dir=\"ltr\" role=\"presentation\">team<\/span> <\/span><span id=\"page3R_mcid30\" class=\"markedContent\"><br role=\"presentation\" \/><span dir=\"ltr\" role=\"presentation\">Margret, Gisela, Ulla, M<\/span><span dir=\"ltr\" role=\"presentation\">a<\/span><span dir=\"ltr\" role=\"presentation\">rtina, <\/span><span dir=\"ltr\" role=\"presentation\">G<\/span><span dir=\"ltr\" role=\"presentation\">abi und Dor<\/span><span dir=\"ltr\" role=\"presentation\">is<\/span><\/span><\/p>\n<p>&nbsp;<\/p>\n<p><img loading=\"lazy\" decoding=\"async\" class=\"aligncenter size-full wp-image-2045\" src=\"https:\/\/www.landfrauen-meppen.de\/dalum\/wp-content\/uploads\/sites\/3\/2022\/09\/heart-g5faedccda_1920.jpg\" alt=\"\" width=\"1920\" height=\"1019\" \/><\/p>\n","protected":false},"excerpt":{"rendered":"<p>Einladung zur Generalversammlung Liebe Landfrauen, heute laden wir Euch zur diesj\u00e4hrigen Generalversammlung am Dienstag, den 25.10.2022 um 19:30 Uhr im Saal Lammers (Zur F\u00e4hre) ein. Tagesordnung 1. Er\u00f6ffnung und Begr\u00fc\u00dfung <a class=\"more-link\" href=\"https:\/\/www.landfrauen-meppen.de\/dalum\/2022\/09\/19\/einladung-zur-generalversammlung-2\/\">weiterlesen&#8230;(hier klicken)<\/a><\/p>\n","protected":false},"author":3,"featured_media":1167,"comment_status":"closed","ping_status":"closed","sticky":false,"template":"","format":"standard","meta":{"footnotes":""},"categories":[1],"tags":[],"class_list":["post-2043","post","type-post","status-publish","format-standard","has-post-thumbnail","hentry","category-allgemein"],"_links":{"self":[{"href":"https:\/\/www.landfrauen-meppen.de\/dalum\/wp-json\/wp\/v2\/posts\/2043","targetHints":{"allow":["GET"]}}],"collection":[{"href":"https:\/\/www.landfrauen-meppen.de\/dalum\/wp-json\/wp\/v2\/posts"}],"about":[{"href":"https:\/\/www.landfrauen-meppen.de\/dalum\/wp-json\/wp\/v2\/types\/post"}],"author":[{"embeddable":true,"href":"https:\/\/www.landfrauen-meppen.de\/dalum\/wp-json\/wp\/v2\/users\/3"}],"replies":[{"embeddable":true,"href":"https:\/\/www.landfrauen-meppen.de\/dalum\/wp-json\/wp\/v2\/comments?post=2043"}],"version-history":[{"count":1,"href":"https:\/\/www.landfrauen-meppen.de\/dalum\/wp-json\/wp\/v2\/posts\/2043\/revisions"}],"predecessor-version":[{"id":2046,"href":"https:\/\/www.landfrauen-meppen.de\/dalum\/wp-json\/wp\/v2\/posts\/2043\/revisions\/2046"}],"wp:featuredmedia":[{"embeddable":true,"href":"https:\/\/www.landfrauen-meppen.de\/dalum\/wp-json\/wp\/v2\/media\/1167"}],"wp:attachment":[{"href":"https:\/\/www.landfrauen-meppen.de\/dalum\/wp-json\/wp\/v2\/media?parent=2043"}],"wp:term":[{"taxonomy":"category","embeddable":true,"href":"https:\/\/www.landfrauen-meppen.de\/dalum\/wp-json\/wp\/v2\/categories?post=2043"},{"taxonomy":"post_tag","embeddable":true,"href":"https:\/\/www.landfrauen-meppen.de\/dalum\/wp-json\/wp\/v2\/tags?post=2043"}],"curies":[{"name":"wp","href":"https:\/\/api.w.org\/{rel}","templated":true}]}}